{"id":14264,"date":"2013-12-03T04:04:09","date_gmt":"2013-12-03T06:04:09","guid":{"rendered":"http:\/\/aconteceunovale.com.br\/portal\/?p=14264"},"modified":"2013-12-03T04:04:09","modified_gmt":"2013-12-03T06:04:09","slug":"conceicao-de-mato-dentro-comemora-311-anos-confira-a-programacao-para-toda-a-semana","status":"publish","type":"post","link":"https:\/\/aconteceunovale.com.br\/portal\/?p=14264","title":{"rendered":"Concei\u00e7\u00e3o de Mato Dentro comemora 311 anos, confira a programa\u00e7\u00e3o para toda a semana"},"content":{"rendered":"<p><em>Por Vicente Alves, Portal Aconteceu no Vale<\/em><\/p>\n<p>No pr\u00f3ximo domingo, 8 de dezembro, Concei\u00e7\u00e3o do Mato Dentro completa 311 anos. Para comemorar essa data t\u00e3o importante a Prefeitura Municipal preparou uma programa\u00e7\u00e3o repleta de atra\u00e7\u00f5es. O calend\u00e1rio de eventos foi aberto nesta segunda (02 de dezembro) com a pe\u00e7a teatral \u201cLisbela e o Prisioneiro\u201d, da companhia Canastra Real (BH). <\/p>\n<p>Durante toda a semana, o p\u00fablico poder\u00e1 conhecer um pouco mais sobre a hist\u00f3ria da cidade, com passeios culturais \u00e0 Igreja Matriz e ao Santu\u00e1rio do Bom Jesus do Matozinhos; participar da constru\u00e7\u00e3o s\u00f3cio-pol\u00edtica do munic\u00edpio com a Confer\u00eancia do Meio Ambiente; conferir shows locais, regionais e nacionais com destaque para as apresenta\u00e7\u00f5es de Saulo Laranjeira e Elba Ramalho; e, \u00e9 claro, festejar o anivers\u00e1rio de Concei\u00e7\u00e3o com direito \u00e0 bolo, repicar dos sinos e show pirot\u00e9cnico.<\/p>\n<p>Concei\u00e7\u00e3o do Mato Dentro espera por voc\u00ea!<\/p>\n<p><strong>PROGRAMA\u00c7\u00c3O:<\/strong><\/p>\n<p><img loading=\"lazy\" decoding=\"async\" alt=\"\" src=\"http:\/\/aconteceunovale.com.br\/portal\/wp-content\/uploads\/2013\/12\/programacao_cmd.jpg\" width=\"597\" height=\"800\" border=\"0\" \/><\/p>\n<p><em>&#8220;\u00c9 permitida a reprodu\u00e7\u00e3o deste material, desde que citada a fonte: Portal Aconteceu no Vale (<a href=\"http:\/\/www.aconteceunovale.com.br\">www.aconteceunovale.com.br<\/a>)&#8221;<\/em><strong><\/p>\n","protected":false},"excerpt":{"rendered":"<p>Por Vicente Alves, Portal Aconteceu no Vale No pr\u00f3ximo domingo, 8 de dezembro, Concei\u00e7\u00e3o do Mato Dentro completa 311 anos. Para comemorar essa data t\u00e3o importante a Prefeitura Municipal preparou uma programa\u00e7\u00e3o repleta de atra\u00e7\u00f5es. O calend\u00e1rio de eventos foi aberto nesta segunda (02 de dezembro) com a pe\u00e7a teatral \u201cLisbela e o Prisioneiro\u201d, da [&hellip;]<\/p>\n","protected":false},"author":1,"featured_media":14265,"comment_status":"open","ping_status":"closed","sticky":false,"template":"","format":"standard","meta":{"amp_status":"","footnotes":""},"categories":[125],"tags":[1033,628],"class_list":["post-14264","post","type-post","status-publish","format-standard","has-post-thumbnail","hentry","category-noticias","tag-311-anos-de-conceicao-do-mato-dentro","tag-conceicao-do-mato-dentro"],"yoast_head":"<!-- This site is optimized with the Yoast SEO plugin v28.3 - https:\/\/yoast.com\/product\/yoast-seo-wordpress\/ -->\n<title>Concei\u00e7\u00e3o de Mato Dentro comemora 311 anos, confira a programa\u00e7\u00e3o para toda a semana - Aconteceu no Vale<\/title>\n<meta name=\"robots\" content=\"index, follow, max-snippet:-1, max-image-preview:large, max-video-preview:-1\" \/>\n<link rel=\"canonical\" href=\"https:\/\/aconteceunovale.com.br\/portal\/?p=14264\" \/>\n<meta property=\"og:locale\" content=\"pt_BR\" \/>\n<meta property=\"og:type\" content=\"article\" \/>\n<meta property=\"og:title\" content=\"Concei\u00e7\u00e3o de Mato Dentro comemora 311 anos, confira a programa\u00e7\u00e3o para toda a semana - Aconteceu no Vale\" \/>\n<meta property=\"og:description\" content=\"Por Vicente Alves, Portal Aconteceu no Vale No pr\u00f3ximo domingo, 8 de dezembro, Concei\u00e7\u00e3o do Mato Dentro completa 311 anos. Para comemorar essa data t\u00e3o importante a Prefeitura Municipal preparou uma programa\u00e7\u00e3o repleta de atra\u00e7\u00f5es. O calend\u00e1rio de eventos foi aberto nesta segunda (02 de dezembro) com a pe\u00e7a teatral \u201cLisbela e o Prisioneiro\u201d, da [&hellip;]\" \/>\n<meta property=\"og:url\" content=\"https:\/\/aconteceunovale.com.br\/portal\/?p=14264\" \/>\n<meta property=\"og:site_name\" content=\"Aconteceu no Vale\" \/>\n<meta property=\"article:publisher\" content=\"https:\/\/www.facebook.com\/aconteceunovale\/\" \/>\n<meta property=\"article:published_time\" content=\"2013-12-03T06:04:09+00:00\" \/>\n<meta property=\"og:image\" content=\"https:\/\/aconteceunovale.com.br\/portal\/wp-content\/uploads\/2013\/12\/cmd.jpg\" \/>\n\t<meta property=\"og:image:width\" content=\"601\" \/>\n\t<meta property=\"og:image:height\" content=\"450\" \/>\n\t<meta property=\"og:image:type\" content=\"image\/jpeg\" \/>\n<meta name=\"author\" content=\"Aconteceu no Vale\" \/>\n<meta name=\"twitter:card\" content=\"summary_large_image\" \/>\n<meta name=\"twitter:creator\" content=\"@noticiadosvales\" \/>\n<meta name=\"twitter:site\" content=\"@noticiadosvales\" \/>\n<meta name=\"twitter:label1\" content=\"Escrito por\" \/>\n\t<meta name=\"twitter:data1\" content=\"Aconteceu no Vale\" \/>\n\t<meta name=\"twitter:label2\" content=\"Est. tempo de leitura\" \/>\n\t<meta name=\"twitter:data2\" content=\"1 minuto\" \/>\n<script type=\"application\/ld+json\" class=\"yoast-schema-graph\">{\"@context\":\"https:\\\/\\\/schema.org\",\"@graph\":[{\"@type\":\"Article\",\"@id\":\"https:\\\/\\\/aconteceunovale.com.br\\\/portal\\\/?p=14264#article\",\"isPartOf\":{\"@id\":\"https:\\\/\\\/aconteceunovale.com.br\\\/portal\\\/?p=14264\"},\"author\":{\"name\":\"Aconteceu no Vale\",\"@id\":\"https:\\\/\\\/aconteceunovale.com.br\\\/portal\\\/#\\\/schema\\\/person\\\/633529146f2c94272bef50ac2953d589\"},\"headline\":\"Concei\u00e7\u00e3o de Mato Dentro comemora 311 anos, confira a programa\u00e7\u00e3o para toda a semana\",\"datePublished\":\"2013-12-03T06:04:09+00:00\",\"mainEntityOfPage\":{\"@id\":\"https:\\\/\\\/aconteceunovale.com.br\\\/portal\\\/?p=14264\"},\"wordCount\":193,\"commentCount\":0,\"image\":{\"@id\":\"https:\\\/\\\/aconteceunovale.com.br\\\/portal\\\/?p=14264#primaryimage\"},\"thumbnailUrl\":\"https:\\\/\\\/aconteceunovale.com.br\\\/portal\\\/wp-content\\\/uploads\\\/2013\\\/12\\\/cmd.jpg\",\"keywords\":[\"311 anos de concei\u00e7\u00e3o do mato dentro\",\"Concei\u00e7\u00e3o do Mato Dentro\"],\"articleSection\":[\"Eventos\"],\"inLanguage\":\"pt-BR\",\"potentialAction\":[{\"@type\":\"CommentAction\",\"name\":\"Comment\",\"target\":[\"https:\\\/\\\/aconteceunovale.com.br\\\/portal\\\/?p=14264#respond\"]}]},{\"@type\":\"WebPage\",\"@id\":\"https:\\\/\\\/aconteceunovale.com.br\\\/portal\\\/?p=14264\",\"url\":\"https:\\\/\\\/aconteceunovale.com.br\\\/portal\\\/?p=14264\",\"name\":\"Concei\u00e7\u00e3o de Mato Dentro comemora 311 anos, confira a programa\u00e7\u00e3o para toda a semana - Aconteceu no Vale\",\"isPartOf\":{\"@id\":\"https:\\\/\\\/aconteceunovale.com.br\\\/portal\\\/#website\"},\"primaryImageOfPage\":{\"@id\":\"https:\\\/\\\/aconteceunovale.com.br\\\/portal\\\/?p=14264#primaryimage\"},\"image\":{\"@id\":\"https:\\\/\\\/aconteceunovale.com.br\\\/portal\\\/?p=14264#primaryimage\"},\"thumbnailUrl\":\"https:\\\/\\\/aconteceunovale.com.br\\\/portal\\\/wp-content\\\/uploads\\\/2013\\\/12\\\/cmd.jpg\",\"datePublished\":\"2013-12-03T06:04:09+00:00\",\"author\":{\"@id\":\"https:\\\/\\\/aconteceunovale.com.br\\\/portal\\\/#\\\/schema\\\/person\\\/633529146f2c94272bef50ac2953d589\"},\"breadcrumb\":{\"@id\":\"https:\\\/\\\/aconteceunovale.com.br\\\/portal\\\/?p=14264#breadcrumb\"},\"inLanguage\":\"pt-BR\",\"potentialAction\":[{\"@type\":\"ReadAction\",\"target\":[\"https:\\\/\\\/aconteceunovale.com.br\\\/portal\\\/?p=14264\"]}]},{\"@type\":\"ImageObject\",\"inLanguage\":\"pt-BR\",\"@id\":\"https:\\\/\\\/aconteceunovale.com.br\\\/portal\\\/?p=14264#primaryimage\",\"url\":\"https:\\\/\\\/aconteceunovale.com.br\\\/portal\\\/wp-content\\\/uploads\\\/2013\\\/12\\\/cmd.jpg\",\"contentUrl\":\"https:\\\/\\\/aconteceunovale.com.br\\\/portal\\\/wp-content\\\/uploads\\\/2013\\\/12\\\/cmd.jpg\",\"width\":601,\"height\":450},{\"@type\":\"BreadcrumbList\",\"@id\":\"https:\\\/\\\/aconteceunovale.com.br\\\/portal\\\/?p=14264#breadcrumb\",\"itemListElement\":[{\"@type\":\"ListItem\",\"position\":1,\"name\":\"In\u00edcio\",\"item\":\"https:\\\/\\\/aconteceunovale.com.br\\\/portal\\\/\"},{\"@type\":\"ListItem\",\"position\":2,\"name\":\"Concei\u00e7\u00e3o de Mato Dentro comemora 311 anos, confira a programa\u00e7\u00e3o para toda a semana\"}]},{\"@type\":\"WebSite\",\"@id\":\"https:\\\/\\\/aconteceunovale.com.br\\\/portal\\\/#website\",\"url\":\"https:\\\/\\\/aconteceunovale.com.br\\\/portal\\\/\",\"name\":\"Aconteceu no Vale\",\"description\":\"Portal de Not\u00edcias\",\"potentialAction\":[{\"@type\":\"SearchAction\",\"target\":{\"@type\":\"EntryPoint\",\"urlTemplate\":\"https:\\\/\\\/aconteceunovale.com.br\\\/portal\\\/?s={search_term_string}\"},\"query-input\":{\"@type\":\"PropertyValueSpecification\",\"valueRequired\":true,\"valueName\":\"search_term_string\"}}],\"inLanguage\":\"pt-BR\"},{\"@type\":\"Person\",\"@id\":\"https:\\\/\\\/aconteceunovale.com.br\\\/portal\\\/#\\\/schema\\\/person\\\/633529146f2c94272bef50ac2953d589\",\"name\":\"Aconteceu no Vale\",\"description\":\"Equipe de reportagem do Aconteceu no Vale, portal de not\u00edcias do Vale do Jequitinhonha, em Minas Gerais. Cobrimos as 51 cidades do Vale desde 2013. Sugest\u00f5es de pauta e pedidos de corre\u00e7\u00e3o: contato@aconteceunovale.com.br\",\"sameAs\":[\"http:\\\/\\\/www.aconteceunovale.com.br\"],\"url\":\"https:\\\/\\\/aconteceunovale.com.br\\\/portal\\\/?author=1\"}]}<\/script>\n<!-- \/ Yoast SEO plugin. -->","yoast_head_json":{"title":"Concei\u00e7\u00e3o de Mato Dentro comemora 311 anos, confira a programa\u00e7\u00e3o para toda a semana - Aconteceu no Vale","robots":{"index":"index","follow":"follow","max-snippet":"max-snippet:-1","max-image-preview":"max-image-preview:large","max-video-preview":"max-video-preview:-1"},"canonical":"https:\/\/aconteceunovale.com.br\/portal\/?p=14264","og_locale":"pt_BR","og_type":"article","og_title":"Concei\u00e7\u00e3o de Mato Dentro comemora 311 anos, confira a programa\u00e7\u00e3o para toda a semana - Aconteceu no Vale","og_description":"Por Vicente Alves, Portal Aconteceu no Vale No pr\u00f3ximo domingo, 8 de dezembro, Concei\u00e7\u00e3o do Mato Dentro completa 311 anos. Para comemorar essa data t\u00e3o importante a Prefeitura Municipal preparou uma programa\u00e7\u00e3o repleta de atra\u00e7\u00f5es. O calend\u00e1rio de eventos foi aberto nesta segunda (02 de dezembro) com a pe\u00e7a teatral \u201cLisbela e o Prisioneiro\u201d, da [&hellip;]","og_url":"https:\/\/aconteceunovale.com.br\/portal\/?p=14264","og_site_name":"Aconteceu no Vale","article_publisher":"https:\/\/www.facebook.com\/aconteceunovale\/","article_published_time":"2013-12-03T06:04:09+00:00","og_image":[{"width":601,"height":450,"url":"https:\/\/aconteceunovale.com.br\/portal\/wp-content\/uploads\/2013\/12\/cmd.jpg","type":"image\/jpeg"}],"author":"Aconteceu no Vale","twitter_card":"summary_large_image","twitter_creator":"@noticiadosvales","twitter_site":"@noticiadosvales","twitter_misc":{"Escrito por":"Aconteceu no Vale","Est. tempo de leitura":"1 minuto"},"schema":{"@context":"https:\/\/schema.org","@graph":[{"@type":"Article","@id":"https:\/\/aconteceunovale.com.br\/portal\/?p=14264#article","isPartOf":{"@id":"https:\/\/aconteceunovale.com.br\/portal\/?p=14264"},"author":{"name":"Aconteceu no Vale","@id":"https:\/\/aconteceunovale.com.br\/portal\/#\/schema\/person\/633529146f2c94272bef50ac2953d589"},"headline":"Concei\u00e7\u00e3o de Mato Dentro comemora 311 anos, confira a programa\u00e7\u00e3o para toda a semana","datePublished":"2013-12-03T06:04:09+00:00","mainEntityOfPage":{"@id":"https:\/\/aconteceunovale.com.br\/portal\/?p=14264"},"wordCount":193,"commentCount":0,"image":{"@id":"https:\/\/aconteceunovale.com.br\/portal\/?p=14264#primaryimage"},"thumbnailUrl":"https:\/\/aconteceunovale.com.br\/portal\/wp-content\/uploads\/2013\/12\/cmd.jpg","keywords":["311 anos de concei\u00e7\u00e3o do mato dentro","Concei\u00e7\u00e3o do Mato Dentro"],"articleSection":["Eventos"],"inLanguage":"pt-BR","potentialAction":[{"@type":"CommentAction","name":"Comment","target":["https:\/\/aconteceunovale.com.br\/portal\/?p=14264#respond"]}]},{"@type":"WebPage","@id":"https:\/\/aconteceunovale.com.br\/portal\/?p=14264","url":"https:\/\/aconteceunovale.com.br\/portal\/?p=14264","name":"Concei\u00e7\u00e3o de Mato Dentro comemora 311 anos, confira a programa\u00e7\u00e3o para toda a semana - Aconteceu no Vale","isPartOf":{"@id":"https:\/\/aconteceunovale.com.br\/portal\/#website"},"primaryImageOfPage":{"@id":"https:\/\/aconteceunovale.com.br\/portal\/?p=14264#primaryimage"},"image":{"@id":"https:\/\/aconteceunovale.com.br\/portal\/?p=14264#primaryimage"},"thumbnailUrl":"https:\/\/aconteceunovale.com.br\/portal\/wp-content\/uploads\/2013\/12\/cmd.jpg","datePublished":"2013-12-03T06:04:09+00:00","author":{"@id":"https:\/\/aconteceunovale.com.br\/portal\/#\/schema\/person\/633529146f2c94272bef50ac2953d589"},"breadcrumb":{"@id":"https:\/\/aconteceunovale.com.br\/portal\/?p=14264#breadcrumb"},"inLanguage":"pt-BR","potentialAction":[{"@type":"ReadAction","target":["https:\/\/aconteceunovale.com.br\/portal\/?p=14264"]}]},{"@type":"ImageObject","inLanguage":"pt-BR","@id":"https:\/\/aconteceunovale.com.br\/portal\/?p=14264#primaryimage","url":"https:\/\/aconteceunovale.com.br\/portal\/wp-content\/uploads\/2013\/12\/cmd.jpg","contentUrl":"https:\/\/aconteceunovale.com.br\/portal\/wp-content\/uploads\/2013\/12\/cmd.jpg","width":601,"height":450},{"@type":"BreadcrumbList","@id":"https:\/\/aconteceunovale.com.br\/portal\/?p=14264#breadcrumb","itemListElement":[{"@type":"ListItem","position":1,"name":"In\u00edcio","item":"https:\/\/aconteceunovale.com.br\/portal\/"},{"@type":"ListItem","position":2,"name":"Concei\u00e7\u00e3o de Mato Dentro comemora 311 anos, confira a programa\u00e7\u00e3o para toda a semana"}]},{"@type":"WebSite","@id":"https:\/\/aconteceunovale.com.br\/portal\/#website","url":"https:\/\/aconteceunovale.com.br\/portal\/","name":"Aconteceu no Vale","description":"Portal de Not\u00edcias","potentialAction":[{"@type":"SearchAction","target":{"@type":"EntryPoint","urlTemplate":"https:\/\/aconteceunovale.com.br\/portal\/?s={search_term_string}"},"query-input":{"@type":"PropertyValueSpecification","valueRequired":true,"valueName":"search_term_string"}}],"inLanguage":"pt-BR"},{"@type":"Person","@id":"https:\/\/aconteceunovale.com.br\/portal\/#\/schema\/person\/633529146f2c94272bef50ac2953d589","name":"Aconteceu no Vale","description":"Equipe de reportagem do Aconteceu no Vale, portal de not\u00edcias do Vale do Jequitinhonha, em Minas Gerais. Cobrimos as 51 cidades do Vale desde 2013. Sugest\u00f5es de pauta e pedidos de corre\u00e7\u00e3o: contato@aconteceunovale.com.br","sameAs":["http:\/\/www.aconteceunovale.com.br"],"url":"https:\/\/aconteceunovale.com.br\/portal\/?author=1"}]}},"_links":{"self":[{"href":"https:\/\/aconteceunovale.com.br\/portal\/index.php?rest_route=\/wp\/v2\/posts\/14264","targetHints":{"allow":["GET"]}}],"collection":[{"href":"https:\/\/aconteceunovale.com.br\/portal\/index.php?rest_route=\/wp\/v2\/posts"}],"about":[{"href":"https:\/\/aconteceunovale.com.br\/portal\/index.php?rest_route=\/wp\/v2\/types\/post"}],"author":[{"embeddable":true,"href":"https:\/\/aconteceunovale.com.br\/portal\/index.php?rest_route=\/wp\/v2\/users\/1"}],"replies":[{"embeddable":true,"href":"https:\/\/aconteceunovale.com.br\/portal\/index.php?rest_route=%2Fwp%2Fv2%2Fcomments&post=14264"}],"version-history":[{"count":0,"href":"https:\/\/aconteceunovale.com.br\/portal\/index.php?rest_route=\/wp\/v2\/posts\/14264\/revisions"}],"wp:featuredmedia":[{"embeddable":true,"href":"https:\/\/aconteceunovale.com.br\/portal\/index.php?rest_route=\/wp\/v2\/media\/14265"}],"wp:attachment":[{"href":"https:\/\/aconteceunovale.com.br\/portal\/index.php?rest_route=%2Fwp%2Fv2%2Fmedia&parent=14264"}],"wp:term":[{"taxonomy":"category","embeddable":true,"href":"https:\/\/aconteceunovale.com.br\/portal\/index.php?rest_route=%2Fwp%2Fv2%2Fcategories&post=14264"},{"taxonomy":"post_tag","embeddable":true,"href":"https:\/\/aconteceunovale.com.br\/portal\/index.php?rest_route=%2Fwp%2Fv2%2Ftags&post=14264"}],"curies":[{"name":"wp","href":"https:\/\/api.w.org\/{rel}","templated":true}]}}