{"id":142616,"date":"2019-01-24T19:31:47","date_gmt":"2019-01-24T21:31:47","guid":{"rendered":"http:\/\/aconteceunovale.com.br\/portal\/?p=142616"},"modified":"2019-01-24T19:31:47","modified_gmt":"2019-01-24T21:31:47","slug":"montes-claros-fechou-2018-com-saldo-positivo-na-geracao-de-empregos-segundo-caged","status":"publish","type":"post","link":"https:\/\/aconteceunovale.com.br\/portal\/?p=142616","title":{"rendered":"Montes Claros fechou 2018 com saldo positivo na gera\u00e7\u00e3o de empregos, segundo Caged"},"content":{"rendered":"<p>Montes Claros apresentou dados positivos na gera\u00e7\u00e3o de emprego no ano de 2018, de acordo com dados do Cadastro Geral de Empregados e Desempregados (Caged). No ano passado, segundo pesquisa feita no portal do Caged nesta quinta-feira (24), foram gerados 29.758 empregos em todos os setores da economia montes-clarense. O n\u00famero de demiss\u00f5es foi de 28.570, deixando um saldo positivo de 1.188.<\/p>\n<p>O setor que mais contratou, de acordo com o Caged, foi o de servi\u00e7os, com 14.087 vagas. Por\u00e9m, o n\u00famero de demiss\u00f5es foi ainda maior, 14,109. O com\u00e9rcio local foi o que mais segurou os novos empregados; terminou o ano com o saldo de 460 cargos preenchidos.<\/p>\n<p>&#8220;T\u00ednhamos uma expectativa de crescimento no setor de com\u00e9rcio. Os empres\u00e1rios montes-clarenses apostaram e se prepararam, pois estavam confiantes na ascens\u00e3o da economia. Esperamos que isso se concretize ao longo dos anos para que novos empregos possam ser gerados neste setor&#8221;, explica o presidente do Sindicato do Com\u00e9rcio Varejista, Glenn Andrade.<\/p>\n<p><center><br \/>\n<!-- Erro, o An\u00fancio n\u00e3o est\u00e1 dispon\u00edvel neste momento devido \u00e0s restri\u00e7\u00f5es de agendamento\/geolocaliza\u00e7\u00e3o! --><br \/>\n<\/br><br \/>\n<\/center><\/p>\n<p>Montes Claros registrou ainda saldo expressivo na cria\u00e7\u00e3o de empregos na agricultura (412) e constru\u00e7\u00e3o civil (310).<\/p>\n<p><img decoding=\"async\" src=\"http:\/\/aconteceunovale.com.br\/portal\/wp-content\/uploads\/2019\/01\/montes_claros.jpg\" alt=\"\" \/><em>Foto: F\u00e1bio Mar\u00e7al\/Prefeitura de Montes Claros\/Divulga\u00e7\u00e3o<\/em><br \/>\n<\/br><\/p>\n<p><strong>Em todo o Brasil<\/strong><\/p>\n<p>A cidade seguiu a tend\u00eancia nacional de crescimento de vagas de emprego. Nessa quarta-feira (23) o Minist\u00e9rio da Economia divulgou que ap\u00f3s tr\u00eas anos seguidos de demiss\u00f5es, a economia brasileira voltou a gerar empregos com carteira assinada em 2018, quando foram abertas 529.554 vagas formais. Essa \u00e9 a diferen\u00e7a entre as contrata\u00e7\u00f5es, que totalizaram 15.384.283 em 2018, e as demiss\u00f5es &#8211; que somaram 14.854.729 pessoas.<\/p>\n<p>Pela pesquisa, o setor de servi\u00e7os foi o que mais abriu vagas no pa\u00eds no ano passado, com 398.603 empregos.<\/p>\n<p><strong>VER PRIMEIRO<\/strong><\/p>\n<p>Receba as not\u00edcias do Aconteceu no Vale em primeira m\u00e3o. Clique em curtir no endere\u00e7o <a href=\"https:\/\/www.facebook.com\/aconteceunovale\" target=\"_blank\"><font color=\"red\">www.facebook.com\/aconteceunovale<\/font><\/a> ou no box abaixo:<\/p>\n<div class=\"fb-like\" data-href=\"https:\/\/www.facebook.com\/aconteceunovale\" data-width=\"120\" data-layout=\"standard\" data-action=\"like\" data-size=\"small\" data-show-faces=\"true\" data-share=\"true\"><\/div>\n<p><!-- Erro, o An\u00fancio n\u00e3o est\u00e1 dispon\u00edvel neste momento devido \u00e0s restri\u00e7\u00f5es de agendamento\/geolocaliza\u00e7\u00e3o! --><br \/>\n<\/br><\/p>\n<p><em>(Fonte: Ag\u00eancia Brasil)<\/em><\/p>\n","protected":false},"excerpt":{"rendered":"<p>Montes Claros apresentou dados positivos na gera\u00e7\u00e3o de emprego no ano de 2018, de acordo com dados do Cadastro Geral de Empregados e Desempregados (Caged). No ano passado, segundo pesquisa feita no portal do Caged nesta quinta-feira (24), foram gerados 29.758 empregos em todos os setores da economia montes-clarense. O n\u00famero de demiss\u00f5es foi de [&hellip;]<\/p>\n","protected":false},"author":1,"featured_media":142617,"comment_status":"open","ping_status":"closed","sticky":false,"template":"","format":"standard","meta":{"amp_status":"","footnotes":""},"categories":[40236,1236],"tags":[19007,192582,14578,192581,210,192580,143894],"class_list":["post-142616","post","type-post","status-publish","format-standard","has-post-thumbnail","hentry","category-empregos-2","category-norte_de_minas","tag-caged","tag-caged-montes-claros","tag-empregos-em-montes-claros","tag-geracao-de-empregos-em-montes-claros","tag-montes-claros","tag-montes-claros-apresentou-dados-positivos-na-geracao-de-emprego-no-ano-de-2018","tag-trabalho-em-montes-claros"],"_links":{"self":[{"href":"https:\/\/aconteceunovale.com.br\/portal\/index.php?rest_route=\/wp\/v2\/posts\/142616","targetHints":{"allow":["GET"]}}],"collection":[{"href":"https:\/\/aconteceunovale.com.br\/portal\/index.php?rest_route=\/wp\/v2\/posts"}],"about":[{"href":"https:\/\/aconteceunovale.com.br\/portal\/index.php?rest_route=\/wp\/v2\/types\/post"}],"author":[{"embeddable":true,"href":"https:\/\/aconteceunovale.com.br\/portal\/index.php?rest_route=\/wp\/v2\/users\/1"}],"replies":[{"embeddable":true,"href":"https:\/\/aconteceunovale.com.br\/portal\/index.php?rest_route=%2Fwp%2Fv2%2Fcomments&post=142616"}],"version-history":[{"count":0,"href":"https:\/\/aconteceunovale.com.br\/portal\/index.php?rest_route=\/wp\/v2\/posts\/142616\/revisions"}],"wp:featuredmedia":[{"embeddable":true,"href":"https:\/\/aconteceunovale.com.br\/portal\/index.php?rest_route=\/wp\/v2\/media\/142617"}],"wp:attachment":[{"href":"https:\/\/aconteceunovale.com.br\/portal\/index.php?rest_route=%2Fwp%2Fv2%2Fmedia&parent=142616"}],"wp:term":[{"taxonomy":"category","embeddable":true,"href":"https:\/\/aconteceunovale.com.br\/portal\/index.php?rest_route=%2Fwp%2Fv2%2Fcategories&post=142616"},{"taxonomy":"post_tag","embeddable":true,"href":"https:\/\/aconteceunovale.com.br\/portal\/index.php?rest_route=%2Fwp%2Fv2%2Ftags&post=142616"}],"curies":[{"name":"wp","href":"https:\/\/api.w.org\/{rel}","templated":true}]}}