{"id":142612,"date":"2019-01-24T19:18:43","date_gmt":"2019-01-24T21:18:43","guid":{"rendered":"http:\/\/aconteceunovale.com.br\/portal\/?p=142612"},"modified":"2019-01-24T19:18:43","modified_gmt":"2019-01-24T21:18:43","slug":"autor-de-varios-roubos-no-norte-de-minas-e-preso-durante-operacao-policial","status":"publish","type":"post","link":"https:\/\/aconteceunovale.com.br\/portal\/?p=142612","title":{"rendered":"Autor de v\u00e1rios roubos no Norte de Minas \u00e9 preso durante opera\u00e7\u00e3o policial"},"content":{"rendered":"<p>Um homem de 22 anos foi preso na nesta quinta-feira (24\/01\/2019) em Jana\u00faba por envolvimento em furtos e roubos em munic\u00edpios do Norte de Minas. De acordo com a Pol\u00edcia Civil, investigadores conseguiram cumprir um mandado de pris\u00e3o contra o suspeito. Na casa dele foi cumprido ainda um mandado de busca e apreens\u00e3o, onde foram encontradas oito pedras de crack.<\/p>\n<p>De acordo com o delegado regional, Bruno Fernandes, den\u00fancias indicaram o homem como o autor de roubos no Povoado de Vila Nova de Po\u00e7\u00f5es, em Jana\u00faba, no Distrito de Paragua\u00e7u e na comunidade da Coloniza\u00e7\u00e3o III, ambos em Nova Porteirinha. Todas as cidades ficam na regi\u00e3o da Serra Geral.<\/p>\n<p>&#8220;Em todos os crimes, usou de graves amea\u00e7as contra as v\u00edtimas. Assim, ele ficava amedrontando os moradores com roubos de motos, com\u00e9rcios e resid\u00eancias na zona rural&#8221;, diz o delegado.<\/p>\n<p><center><br \/>\n<!-- Erro, o An\u00fancio n\u00e3o est\u00e1 dispon\u00edvel neste momento devido \u00e0s restri\u00e7\u00f5es de agendamento\/geolocaliza\u00e7\u00e3o! --><br \/>\n<\/br><br \/>\n<\/center><\/p>\n<p>O delegado informou ainda que as den\u00fancias de moradores quanto aos envolvidos em crimes praticados na regi\u00e3o levaram a pol\u00edcia na pris\u00e3o de v\u00e1rios autores. &#8220;Em 2017 j\u00e1 houve uma redu\u00e7\u00e3o, mas no ano passado foi bastante expressivo. Nos \u00faltimos dois anos registramos redu\u00e7\u00e3o de 76% no n\u00famero de roubos em nossa regi\u00e3o. Por isso \u00e9 muito importante as den\u00fancias, que permitem a pol\u00edcia judici\u00e1ria fazer o trabalho dentro do que permite as leis&#8221;.<\/p>\n<p>O homem foi levado \u00e0 Delegacia e ser\u00e1 encaminhado ao pres\u00eddio da cidade.<\/p>\n<p><img decoding=\"async\" src=\"http:\/\/aconteceunovale.com.br\/portal\/wp-content\/uploads\/2019\/01\/operacao_pc_janauba_1.jpg\" alt=\"\" \/><em>Foto: Pol\u00edcia Civil\/Divulga\u00e7\u00e3o<\/em><br \/>\n<\/br><\/p>\n<p><img decoding=\"async\" src=\"http:\/\/aconteceunovale.com.br\/portal\/wp-content\/uploads\/2019\/01\/operacao_pc_janauba_2.jpg\" alt=\"\" \/><em>Foto: Pol\u00edcia Civil\/Divulga\u00e7\u00e3o<\/em><br \/>\n<\/br><\/p>\n<p><strong>VER PRIMEIRO<\/strong><\/p>\n<p>Receba as not\u00edcias do Aconteceu no Vale em primeira m\u00e3o. Clique em curtir no endere\u00e7o <a href=\"https:\/\/www.facebook.com\/aconteceunovale\" target=\"_blank\"><font color=\"red\">www.facebook.com\/aconteceunovale<\/font><\/a> ou no box abaixo:<\/p>\n<div class=\"fb-like\" data-href=\"https:\/\/www.facebook.com\/aconteceunovale\" data-width=\"120\" data-layout=\"standard\" data-action=\"like\" data-size=\"small\" data-show-faces=\"true\" data-share=\"true\"><\/div>\n<p><!-- Erro, o An\u00fancio n\u00e3o est\u00e1 dispon\u00edvel neste momento devido \u00e0s restri\u00e7\u00f5es de agendamento\/geolocaliza\u00e7\u00e3o! --><br \/>\n<\/br><\/p>\n<p><em>(Fonte: G1 Grande Minas)<\/em><\/p>\n","protected":false},"excerpt":{"rendered":"<p>Um homem de 22 anos foi preso na nesta quinta-feira (24\/01\/2019) em Jana\u00faba por envolvimento em furtos e roubos em munic\u00edpios do Norte de Minas. De acordo com a Pol\u00edcia Civil, investigadores conseguiram cumprir um mandado de pris\u00e3o contra o suspeito. Na casa dele foi cumprido ainda um mandado de busca e apreens\u00e3o, onde foram [&hellip;]<\/p>\n","protected":false},"author":1,"featured_media":142613,"comment_status":"open","ping_status":"closed","sticky":false,"template":"","format":"standard","meta":{"amp_status":"","footnotes":""},"categories":[1236],"tags":[192574,192578,63670,192577,204,1805,148651,89225,192575,192579,22049,192576],"class_list":["post-142612","post","type-post","status-publish","format-standard","has-post-thumbnail","hentry","category-norte_de_minas","tag-autor-de-varios-roubos-no-norte-de-minas-e-preso-durante-operacao-policial","tag-colonizacao-iii","tag-delegado-bruno-fernandes","tag-distrito-de-paraguacu","tag-janauba","tag-nova-porteirinha","tag-operacao-em-janauba","tag-preso-em-janauba","tag-preso-por-roubos-em-janauba","tag-roubos-serra-geral","tag-serra-geral","tag-vila-nova-de-pocoes"],"_links":{"self":[{"href":"https:\/\/aconteceunovale.com.br\/portal\/index.php?rest_route=\/wp\/v2\/posts\/142612","targetHints":{"allow":["GET"]}}],"collection":[{"href":"https:\/\/aconteceunovale.com.br\/portal\/index.php?rest_route=\/wp\/v2\/posts"}],"about":[{"href":"https:\/\/aconteceunovale.com.br\/portal\/index.php?rest_route=\/wp\/v2\/types\/post"}],"author":[{"embeddable":true,"href":"https:\/\/aconteceunovale.com.br\/portal\/index.php?rest_route=\/wp\/v2\/users\/1"}],"replies":[{"embeddable":true,"href":"https:\/\/aconteceunovale.com.br\/portal\/index.php?rest_route=%2Fwp%2Fv2%2Fcomments&post=142612"}],"version-history":[{"count":0,"href":"https:\/\/aconteceunovale.com.br\/portal\/index.php?rest_route=\/wp\/v2\/posts\/142612\/revisions"}],"wp:featuredmedia":[{"embeddable":true,"href":"https:\/\/aconteceunovale.com.br\/portal\/index.php?rest_route=\/wp\/v2\/media\/142613"}],"wp:attachment":[{"href":"https:\/\/aconteceunovale.com.br\/portal\/index.php?rest_route=%2Fwp%2Fv2%2Fmedia&parent=142612"}],"wp:term":[{"taxonomy":"category","embeddable":true,"href":"https:\/\/aconteceunovale.com.br\/portal\/index.php?rest_route=%2Fwp%2Fv2%2Fcategories&post=142612"},{"taxonomy":"post_tag","embeddable":true,"href":"https:\/\/aconteceunovale.com.br\/portal\/index.php?rest_route=%2Fwp%2Fv2%2Ftags&post=142612"}],"curies":[{"name":"wp","href":"https:\/\/api.w.org\/{rel}","templated":true}]}}