{"id":142606,"date":"2019-01-24T14:43:49","date_gmt":"2019-01-24T16:43:49","guid":{"rendered":"http:\/\/aconteceunovale.com.br\/portal\/?p=142606"},"modified":"2019-01-24T14:43:49","modified_gmt":"2019-01-24T16:43:49","slug":"homem-e-preso-no-norte-de-minas-suspeito-de-matar-ex-namorado-da-filha-esquartejar-e-colocar-fogo-no-corpo","status":"publish","type":"post","link":"https:\/\/aconteceunovale.com.br\/portal\/?p=142606","title":{"rendered":"Homem \u00e9 preso no Norte de Minas suspeito de matar ex-namorado da filha, esquartejar e colocar fogo no corpo"},"content":{"rendered":"<p>Um homem de 48 anos foi preso em Riachinho, no Norte de Minas, nessa quarta-feira (23\/01\/2019), suspeito de matar o ex-namorado da filha, esquartejar e atear fogo no corpo. O crime foi em Planaltina de Goi\u00e1s e a v\u00edtima estava desaparecida desde o dia 19 de janeiro. Segundo a Pol\u00edcia Militar, partes do corpo foi encontrado dentro de uma fossa em um lote vago pr\u00f3ximo \u00e0 casa do autor na tarde dessa quarta.<\/p>\n<p>Ap\u00f3s o crime, o homem fugiu e se escondeu na casa de uma irm\u00e3 em Riachinho. \u201cA PM de Minas recebeu informa\u00e7\u00f5es e ao chegar no im\u00f3vel, os familiares disseram que ele n\u00e3o estava l\u00e1, mas os policiais entraram dentro da casa e conseguiram prend\u00ea-lo nos fundos do lote\u201d, explicou o sargento Marcondes da Cruz, da Pol\u00edcia Militar de Una\u00ed.<\/p>\n<p>Ainda de acordo com o sargento, o homem confessou o crime e disse que ele e a filha estavam sendo amea\u00e7ados de morte pela v\u00edtima. Breno Jos\u00e9 da Silva, de 26 anos, e a ex-namorada tiveram uma filha juntos e segundo a PM, ele usava dessa crian\u00e7a para fazer amea\u00e7as. O autor j\u00e1 teria registrado boletim de ocorr\u00eancia contra v\u00edtima.<\/p>\n<p><center><br \/>\n<!-- Erro, o An\u00fancio n\u00e3o est\u00e1 dispon\u00edvel neste momento devido \u00e0s restri\u00e7\u00f5es de agendamento\/geolocaliza\u00e7\u00e3o! --><br \/>\n<\/br><br \/>\n<\/center><\/p>\n<p>A PM informou ainda que no dia do crime, Breno Jos\u00e9 foi atra\u00eddo para a casa do autor, onde foi assassinado e em seguida o corpo foi jogado na fossa. O homem foi levado para a delegacia de Una\u00ed e autuado pelos crimes de oculta\u00e7\u00e3o de cad\u00e1ver e homic\u00eddio. Ele foi entregue a Pol\u00edcia Civil de Goi\u00e1s, que investiga o caso.<\/p>\n<p><strong>VER PRIMEIRO<\/strong><\/p>\n<p>Receba as not\u00edcias do Aconteceu no Vale em primeira m\u00e3o. Clique em curtir no endere\u00e7o <a href=\"https:\/\/www.facebook.com\/aconteceunovale\" target=\"_blank\"><font color=\"red\">www.facebook.com\/aconteceunovale<\/font><\/a> ou no box abaixo:<\/p>\n<div class=\"fb-like\" data-href=\"https:\/\/www.facebook.com\/aconteceunovale\" data-width=\"120\" data-layout=\"standard\" data-action=\"like\" data-size=\"small\" data-show-faces=\"true\" data-share=\"true\"><\/div>\n<p><!-- Erro, o An\u00fancio n\u00e3o est\u00e1 dispon\u00edvel neste momento devido \u00e0s restri\u00e7\u00f5es de agendamento\/geolocaliza\u00e7\u00e3o! --><br \/>\n<\/br><\/p>\n<p><em>(Fonte: G1 Grande Minas)<\/em><\/p>\n","protected":false},"excerpt":{"rendered":"<p>Um homem de 48 anos foi preso em Riachinho, no Norte de Minas, nessa quarta-feira (23\/01\/2019), suspeito de matar o ex-namorado da filha, esquartejar e atear fogo no corpo. O crime foi em Planaltina de Goi\u00e1s e a v\u00edtima estava desaparecida desde o dia 19 de janeiro. Segundo a Pol\u00edcia Militar, partes do corpo foi [&hellip;]<\/p>\n","protected":false},"author":1,"featured_media":71442,"comment_status":"open","ping_status":"closed","sticky":false,"template":"","format":"standard","meta":{"amp_status":"","footnotes":""},"categories":[1236],"tags":[192571,192558,192560,192557,192559,192562,192564,192566,192565,192561,192563,192568,1797,192570,192569,192567,222],"class_list":["post-142606","post","type-post","status-publish","format-standard","has-post-thumbnail","hentry","category-norte_de_minas","tag-breno-jose-da-silva","tag-esquartejar-e-colocar-fogo-no-corpo","tag-homem-e-preso-em-riachinho-suspeito-de-matar-ex-namorado-da-filha-esquartejar-e-colocar-fogo-no-corpo","tag-homem-e-preso-no-norte-de-minas-suspeito-de-matar-ex-namorado-da-filha","tag-homem-e-preso-no-norte-de-minas-suspeito-de-matar-ex-namorado-da-filha-esquartejar-e-colocar-fogo-no-corpo","tag-homem-preso-em-riachinho","tag-marcondes-da-cruz","tag-planaltina-de-goias","tag-policia-militar-de-unai","tag-preso-em-riachinho","tag-preso-por-homicidio-em-riachinho","tag-preso-por-matar-genro-em-planaltina-de-goias","tag-riachinho","tag-suspeito-de-matar-ex-namorado-da-filha-em-planaltina-de-goias","tag-suspeito-de-matar-ex-namorado-da-filha-esquartejar-e-colocar-fogo-no-corpo-em-planaltina-de-goias","tag-suspeito-de-matar-genro-em-planaltina-de-goias","tag-unai"],"_links":{"self":[{"href":"https:\/\/aconteceunovale.com.br\/portal\/index.php?rest_route=\/wp\/v2\/posts\/142606","targetHints":{"allow":["GET"]}}],"collection":[{"href":"https:\/\/aconteceunovale.com.br\/portal\/index.php?rest_route=\/wp\/v2\/posts"}],"about":[{"href":"https:\/\/aconteceunovale.com.br\/portal\/index.php?rest_route=\/wp\/v2\/types\/post"}],"author":[{"embeddable":true,"href":"https:\/\/aconteceunovale.com.br\/portal\/index.php?rest_route=\/wp\/v2\/users\/1"}],"replies":[{"embeddable":true,"href":"https:\/\/aconteceunovale.com.br\/portal\/index.php?rest_route=%2Fwp%2Fv2%2Fcomments&post=142606"}],"version-history":[{"count":0,"href":"https:\/\/aconteceunovale.com.br\/portal\/index.php?rest_route=\/wp\/v2\/posts\/142606\/revisions"}],"wp:featuredmedia":[{"embeddable":true,"href":"https:\/\/aconteceunovale.com.br\/portal\/index.php?rest_route=\/wp\/v2\/media\/71442"}],"wp:attachment":[{"href":"https:\/\/aconteceunovale.com.br\/portal\/index.php?rest_route=%2Fwp%2Fv2%2Fmedia&parent=142606"}],"wp:term":[{"taxonomy":"category","embeddable":true,"href":"https:\/\/aconteceunovale.com.br\/portal\/index.php?rest_route=%2Fwp%2Fv2%2Fcategories&post=142606"},{"taxonomy":"post_tag","embeddable":true,"href":"https:\/\/aconteceunovale.com.br\/portal\/index.php?rest_route=%2Fwp%2Fv2%2Ftags&post=142606"}],"curies":[{"name":"wp","href":"https:\/\/api.w.org\/{rel}","templated":true}]}}