{"id":142529,"date":"2019-01-22T09:00:24","date_gmt":"2019-01-22T11:00:24","guid":{"rendered":"http:\/\/aconteceunovale.com.br\/portal\/?p=142529"},"modified":"2019-01-22T09:01:44","modified_gmt":"2019-01-22T11:01:44","slug":"tres-homens-sao-mortos-em-municipios-do-norte-de-minas","status":"publish","type":"post","link":"https:\/\/aconteceunovale.com.br\/portal\/?p=142529","title":{"rendered":"Tr\u00eas homens s\u00e3o mortos em munic\u00edpios do Norte de Minas"},"content":{"rendered":"<p>Um homem de 36 anos foi morto a facadas em Buritizeiro, no Norte de Minas, nessa segunda-feira (21\/01\/2019). Segundo informa\u00e7\u00f5es da Pol\u00edcia Militar (PM), Adelson Robson Carneiro Santana estava em um bar quando se desentendeu com os dois suspeitos. Ele saiu do estabelecimento em uma moto para ir embora pra casa e foi perseguido pelos dois criminosos, que estavam em um carro. <\/p>\n<p>Ainda de acordo com a PM, Adelson estacionou a moto e se escondeu na resid\u00eancia de um vizinho, onde foi morto com cinco facadas no quintal do im\u00f3vel. O crime aconteceu no Bairro S\u00e3o Francisco e a v\u00edtima foi atingida no t\u00f3rax. <\/p>\n<p>A Per\u00edcia T\u00e9cnica da Pol\u00edcia Civil esteve no local e, ap\u00f3s os trabalhos de praxe, o corpo foi encaminhado ao Instituto M\u00e9dico Legal (IML).<\/p>\n<p><center><br \/>\n<!-- Erro, o An\u00fancio n\u00e3o est\u00e1 dispon\u00edvel neste momento devido \u00e0s restri\u00e7\u00f5es de agendamento\/geolocaliza\u00e7\u00e3o! --><br \/>\n<\/br><br \/>\n<\/center><\/p>\n<p>Os dois homens, de 27 e 32 anos, fugiram e ainda n\u00e3o foram presos. O motivo do desentendimento entre eles n\u00e3o foi informado. Segundo a PM, a v\u00edtima tinha passagens por furto.<\/p>\n<p><strong><\/p>\n<h4>Morto a tiros na zona rural de Gr\u00e3o Mogol<\/h4>\n<p><\/strong><\/p>\n<p>Um homem de 31 anos foi assassinado a tiros na madrugada de s\u00e1bado (19) na zona rural de Gr\u00e3o Mogol. Segundo informa\u00e7\u00f5es da Pol\u00edcia Militar, v\u00edtima e autor estavam em um bar na comunidade de Vila S\u00edtio e discutiram.<\/p>\n<p>Ainda segundo a PM, ap\u00f3s a discuss\u00e3o, o autor efetuou quatro tiros contra a v\u00edtima, que morreu no local. A motiva\u00e7\u00e3o da discuss\u00e3o n\u00e3o foi esclarecida. O local fica distante cerca de 70 km da \u00e1rea urbana de Gr\u00e3o Mogol.<\/p>\n<p><strong><\/p>\n<h4>Morto durante persegui\u00e7\u00e3o na BR-135<\/h4>\n<p><\/strong><\/p>\n<p>Um homem de 30 anos foi morto durante uma persegui\u00e7\u00e3o da Pol\u00edcia Militar na BR-135, pr\u00f3ximo a Bocaiuva, na sexta-feira (18). Segundo informa\u00e7\u00f5es da PM, Wanderl\u00facio Soares Carvalho estava em um ve\u00edculo junto a outros indiv\u00edduos em atitude suspeita. Ainda de acordo com a PM, o grupo foi inicialmente avistado por um policial \u00e0 paisana que relatou a suspeita e acionou viaturas da regi\u00e3o para cerco ao carro ao longo da BR.<\/p>\n<p>O ve\u00edculo foi visto por uma equipe da PM, que iniciou persegui\u00e7\u00e3o. O grupo recebeu ordem de parada, mas desobedeceu ao comando da pol\u00edcia. Um dos autores estava armado e efetuou, segundo a PM, disparos contra a viatura que acompanhava a ocorr\u00eancia. Ainda de acordo com a PM, devido as amea\u00e7as, a guarni\u00e7\u00e3o da pol\u00edcia precisou atirar contra o ve\u00edculo, sendo que um dos tiros acertou Wanderl\u00facio Soares. O homem chegou a ser encaminhado ao hospital de Bocaiuva, mas n\u00e3o resistiu aos ferimentos.<\/p>\n<p>Al\u00e9m do homem baleado, outros tr\u00eas homens, com idades entre 19 e 27 anos, estavam no ve\u00edculo. Os suspeitos tentaram fuga por um matagal \u00e0s margens da BR, mas foram capturados. Segundo a PM, os quatro autores, incluindo Wanderl\u00facio Soares, t\u00eam passagens por tr\u00e1fico de drogas e s\u00e3o conhecidos dos meios policiais por envolvimento em crimes.<\/p>\n<p>Em relato aos policiais, os tr\u00eas homens presos afirmaram que iriam at\u00e9 Bocaiuva receber um dinheiro, mas n\u00e3o detalharam do que se tratava. No ve\u00edculo a PM apreendeu por\u00e7\u00f5es de coca\u00edna e maconha, al\u00e9m de um rev\u00f3lver. Duas c\u00e1psulas de balas, usadas, foram apreendidas no carro.<\/p>\n<p>As armas dos militares envolvidos na ocorr\u00eancia foram recolhidas para apura\u00e7\u00e3o interna da PM com rela\u00e7\u00e3o aos disparos. Os tr\u00eas suspeitos presos foram levados \u00e0 delegacia de plant\u00e3o em Montes Claros. <\/p>\n<p><strong>VER PRIMEIRO<\/strong><\/p>\n<p>Receba as not\u00edcias do Aconteceu no Vale em primeira m\u00e3o. Clique em curtir no endere\u00e7o <a href=\"https:\/\/www.facebook.com\/aconteceunovale\" target=\"_blank\"><font color=\"red\">www.facebook.com\/aconteceunovale<\/font><\/a> ou no box abaixo:<\/p>\n<div class=\"fb-like\" data-href=\"https:\/\/www.facebook.com\/aconteceunovale\" data-width=\"120\" data-layout=\"standard\" data-action=\"like\" data-size=\"small\" data-show-faces=\"true\" data-share=\"true\"><\/div>\n<p><!-- Erro, o An\u00fancio n\u00e3o est\u00e1 dispon\u00edvel neste momento devido \u00e0s restri\u00e7\u00f5es de agendamento\/geolocaliza\u00e7\u00e3o! --><br \/>\n<\/br><\/p>\n<p><em>(Fonte: G1 Grande Minas)<\/em><\/p>\n","protected":false},"excerpt":{"rendered":"<p>Um homem de 36 anos foi morto a facadas em Buritizeiro, no Norte de Minas, nessa segunda-feira (21\/01\/2019). Segundo informa\u00e7\u00f5es da Pol\u00edcia Militar (PM), Adelson Robson Carneiro Santana estava em um bar quando se desentendeu com os dois suspeitos. Ele saiu do estabelecimento em uma moto para ir embora pra casa e foi perseguido pelos [&hellip;]<\/p>\n","protected":false},"author":1,"featured_media":71442,"comment_status":"open","ping_status":"closed","sticky":false,"template":"","format":"standard","meta":{"amp_status":"","footnotes":""},"categories":[1236],"tags":[192435,112758,191091,645,1535,1153,192434,192437,116676,48222,210,170919,192439,192436,192438,192442,192440,192441,143501,83753,192444,192443],"class_list":["post-142529","post","type-post","status-publish","format-standard","has-post-thumbnail","hentry","category-norte_de_minas","tag-adelson-robson-carneiro-santana","tag-assassinado-em-buritizeiro","tag-assassinado-em-grao-mogol","tag-bocaiuva","tag-buritizeiro","tag-grao-mogol","tag-homem-morto-em-buritizeiro","tag-homem-morto-em-grao-mogol","tag-homicidio-em-buritizeiro","tag-homicidio-em-grao-mogol","tag-montes-claros","tag-morte-em-buritizeiro","tag-morto-a-tiros-na-zona-rural-de-grao-mogol","tag-morto-apos-briga-em-bar-de-buritizeiro","tag-morto-apos-briga-em-bar-de-grao-mogol","tag-morto-durante-perseguicao-em-bocaiuva","tag-morto-durante-perseguicao-na-br-135","tag-morto-durante-perseguicao-na-br-135-em-bocaiuva","tag-morto-em-buritizeiro","tag-morto-em-grao-mogol","tag-tres-homens-sao-mortos-em-municipios-do-norte-de-minas","tag-wanderlucio-soares-carvalho"],"_links":{"self":[{"href":"https:\/\/aconteceunovale.com.br\/portal\/index.php?rest_route=\/wp\/v2\/posts\/142529","targetHints":{"allow":["GET"]}}],"collection":[{"href":"https:\/\/aconteceunovale.com.br\/portal\/index.php?rest_route=\/wp\/v2\/posts"}],"about":[{"href":"https:\/\/aconteceunovale.com.br\/portal\/index.php?rest_route=\/wp\/v2\/types\/post"}],"author":[{"embeddable":true,"href":"https:\/\/aconteceunovale.com.br\/portal\/index.php?rest_route=\/wp\/v2\/users\/1"}],"replies":[{"embeddable":true,"href":"https:\/\/aconteceunovale.com.br\/portal\/index.php?rest_route=%2Fwp%2Fv2%2Fcomments&post=142529"}],"version-history":[{"count":0,"href":"https:\/\/aconteceunovale.com.br\/portal\/index.php?rest_route=\/wp\/v2\/posts\/142529\/revisions"}],"wp:featuredmedia":[{"embeddable":true,"href":"https:\/\/aconteceunovale.com.br\/portal\/index.php?rest_route=\/wp\/v2\/media\/71442"}],"wp:attachment":[{"href":"https:\/\/aconteceunovale.com.br\/portal\/index.php?rest_route=%2Fwp%2Fv2%2Fmedia&parent=142529"}],"wp:term":[{"taxonomy":"category","embeddable":true,"href":"https:\/\/aconteceunovale.com.br\/portal\/index.php?rest_route=%2Fwp%2Fv2%2Fcategories&post=142529"},{"taxonomy":"post_tag","embeddable":true,"href":"https:\/\/aconteceunovale.com.br\/portal\/index.php?rest_route=%2Fwp%2Fv2%2Ftags&post=142529"}],"curies":[{"name":"wp","href":"https:\/\/api.w.org\/{rel}","templated":true}]}}