{"id":142525,"date":"2019-01-21T20:52:04","date_gmt":"2019-01-21T22:52:04","guid":{"rendered":"http:\/\/aconteceunovale.com.br\/portal\/?p=142525"},"modified":"2019-01-21T20:52:04","modified_gmt":"2019-01-21T22:52:04","slug":"crianca-que-sonha-ser-policial-comemora-aniversario-de-5-anos-com-militares-de-almenara","status":"publish","type":"post","link":"https:\/\/aconteceunovale.com.br\/portal\/?p=142525","title":{"rendered":"Crian\u00e7a que sonha ser policial comemora aniversario de 5 anos com militares de Almenara"},"content":{"rendered":"<p>O pequeno Henry de Oliveira celebrou o anivers\u00e1rio de 5 anos com convidados especiais na \u00faltima quinta-feira (17). Policiais militares do 44\u00ba Batalh\u00e3o da Pol\u00edcia Militar de Almenara, no Vale do Jequitinhonha, foram at\u00e9 a festa do menino.<\/p>\n<p>A surpresa, idealizada pela m\u00e3e dele, aconteceu na casa da fam\u00edlia, em Almenara.<\/p>\n<p>H\u00e1 um ano, segundo a m\u00e3e, a crian\u00e7a passou a admirar a profiss\u00e3o e falar que quer se tornar um policial quando crescer. A paix\u00e3o pela carreira policial fez com que a fam\u00edlia convidasse os policiais para comer um bolo de anivers\u00e1rio.<\/p>\n<p><center><br \/>\n<!-- Erro, o An\u00fancio n\u00e3o est\u00e1 dispon\u00edvel neste momento devido \u00e0s restri\u00e7\u00f5es de agendamento\/geolocaliza\u00e7\u00e3o! --><br \/>\n<\/br><br \/>\n<\/center><\/p>\n<p>Ela procurou a institui\u00e7\u00e3o dias antes da festa para fazer a proposta, que foi aceita pelo batalh\u00e3o. A comemora\u00e7\u00e3o contou com a chegada de uma viatura na casa do pequeno Henry e policiais fardados ao lado dele na hora de cantar parab\u00e9ns.<\/p>\n<p>\u201cFiquei muito feliz de poder realizar o sonho do meu filho. E acabei fazendo uma festinha com o tema Pol\u00edcia Militar de Minas Gerais. Ele ficou muito satisfeito de ver aqueles policiais aqui em casa\u201d, disse a m\u00e3e.<\/p>\n<p>Os policiais ficaram admirados com a recep\u00e7\u00e3o que o garoto concedeu a eles, prestando inclusive contin\u00eancia aos militares presentes, garantindo que vai estudar muito para ser policial.<\/p>\n<p><img decoding=\"async\" src=\"http:\/\/aconteceunovale.com.br\/portal\/wp-content\/uploads\/2019\/01\/festa_militar_almenara.jpg\" alt=\"\" \/><em>Foto: Divulga\u00e7\u00e3o<\/em><br \/>\n<\/br><\/p>\n<p><strong>VER PRIMEIRO<\/strong><\/p>\n<p>Receba as not\u00edcias do Aconteceu no Vale em primeira m\u00e3o. Clique em curtir no endere\u00e7o <a href=\"https:\/\/www.facebook.com\/aconteceunovale\" target=\"_blank\"><font color=\"red\">www.facebook.com\/aconteceunovale<\/font><\/a> ou no box abaixo:<\/p>\n<div class=\"fb-like\" data-href=\"https:\/\/www.facebook.com\/aconteceunovale\" data-width=\"120\" data-layout=\"standard\" data-action=\"like\" data-size=\"small\" data-show-faces=\"true\" data-share=\"true\"><\/div>\n<p><!-- Erro, o An\u00fancio n\u00e3o est\u00e1 dispon\u00edvel neste momento devido \u00e0s restri\u00e7\u00f5es de agendamento\/geolocaliza\u00e7\u00e3o! --><br \/>\n<\/br><\/p>\n<p><em>(Fonte: Gazeta de Ara\u00e7ua\u00ed)<\/em><\/p>\n","protected":false},"excerpt":{"rendered":"<p>O pequeno Henry de Oliveira celebrou o anivers\u00e1rio de 5 anos com convidados especiais na \u00faltima quinta-feira (17). Policiais militares do 44\u00ba Batalh\u00e3o da Pol\u00edcia Militar de Almenara, no Vale do Jequitinhonha, foram at\u00e9 a festa do menino. A surpresa, idealizada pela m\u00e3e dele, aconteceu na casa da fam\u00edlia, em Almenara. H\u00e1 um ano, segundo [&hellip;]<\/p>\n","protected":false},"author":1,"featured_media":142526,"comment_status":"open","ping_status":"closed","sticky":false,"template":"","format":"standard","meta":{"amp_status":"","footnotes":""},"categories":[125,120],"tags":[142,192432,192430,192431,192433],"class_list":["post-142525","post","type-post","status-publish","format-standard","has-post-thumbnail","hentry","category-noticias","category-jequi","tag-almenara","tag-aniversario-de-crianca-em-almenara","tag-crianca-que-sonha-ser-policial-comemora-aniversario-de-5-anos-com-militares-de-almenara","tag-festa-de-aniversario-em-almenara","tag-henry-de-oliveira"],"_links":{"self":[{"href":"https:\/\/aconteceunovale.com.br\/portal\/index.php?rest_route=\/wp\/v2\/posts\/142525","targetHints":{"allow":["GET"]}}],"collection":[{"href":"https:\/\/aconteceunovale.com.br\/portal\/index.php?rest_route=\/wp\/v2\/posts"}],"about":[{"href":"https:\/\/aconteceunovale.com.br\/portal\/index.php?rest_route=\/wp\/v2\/types\/post"}],"author":[{"embeddable":true,"href":"https:\/\/aconteceunovale.com.br\/portal\/index.php?rest_route=\/wp\/v2\/users\/1"}],"replies":[{"embeddable":true,"href":"https:\/\/aconteceunovale.com.br\/portal\/index.php?rest_route=%2Fwp%2Fv2%2Fcomments&post=142525"}],"version-history":[{"count":0,"href":"https:\/\/aconteceunovale.com.br\/portal\/index.php?rest_route=\/wp\/v2\/posts\/142525\/revisions"}],"wp:featuredmedia":[{"embeddable":true,"href":"https:\/\/aconteceunovale.com.br\/portal\/index.php?rest_route=\/wp\/v2\/media\/142526"}],"wp:attachment":[{"href":"https:\/\/aconteceunovale.com.br\/portal\/index.php?rest_route=%2Fwp%2Fv2%2Fmedia&parent=142525"}],"wp:term":[{"taxonomy":"category","embeddable":true,"href":"https:\/\/aconteceunovale.com.br\/portal\/index.php?rest_route=%2Fwp%2Fv2%2Fcategories&post=142525"},{"taxonomy":"post_tag","embeddable":true,"href":"https:\/\/aconteceunovale.com.br\/portal\/index.php?rest_route=%2Fwp%2Fv2%2Ftags&post=142525"}],"curies":[{"name":"wp","href":"https:\/\/api.w.org\/{rel}","templated":true}]}}