{"id":142522,"date":"2019-01-21T20:41:57","date_gmt":"2019-01-21T22:41:57","guid":{"rendered":"http:\/\/aconteceunovale.com.br\/portal\/?p=142522"},"modified":"2019-01-21T20:41:57","modified_gmt":"2019-01-21T22:41:57","slug":"patrimonio-dos-26-mais-ricos-do-mundo-equivale-ao-da-metade-mais-pobre","status":"publish","type":"post","link":"https:\/\/aconteceunovale.com.br\/portal\/?p=142522","title":{"rendered":"Patrim\u00f4nio dos 26 mais ricos do mundo equivale ao da metade mais pobre"},"content":{"rendered":"<p>As 26 pessoas mais ricas do mundo det\u00eam a mesma riqueza dos 3,8 bilh\u00f5es mais pobres, que correspondem a 50% da humanidade. Os dados, referentes a 2018, fazem parte do relat\u00f3rio global da organiza\u00e7\u00e3o n\u00e3o governamental Oxfam, lan\u00e7ado hoje (21), \u00e0s v\u00e9speras do F\u00f3rum Econ\u00f4mico Mundial, que se inicia amanh\u00e3 (22) em Davos, na Su\u00ed\u00e7a. Os n\u00fameros indicam que a riqueza est\u00e1 ainda mais concentrada, pois, em 2017, os mais ricos somavam 43.<\/p>\n<p>A fortuna dos bilion\u00e1rios aumentou 12% em 2018, o equivalente a US$ 900 bilh\u00f5es, ou US$ 2,5 bilh\u00f5es por dia. A metade mais pobre do planeta, por outro lado, teve seu patrim\u00f4nio diminu\u00eddo em 11% no mesmo per\u00edodo. Al\u00e9m disso, desde a crise econ\u00f4mica iniciada em 2007, o n\u00famero de bilion\u00e1rios dobrou no mundo, passando de 1.125 em 2008 para 2.208 no ano passado. O relat\u00f3rio indica ainda que os homens t\u00eam 50% mais do total de riqueza do mundo do que as mulheres.<\/p>\n<p>Intitulado Bem P\u00fablico ou Riqueza Privada?, o documento chama aten\u00e7\u00e3o para a necessidade de investimentos em servi\u00e7os p\u00fablicos, com destaque para educa\u00e7\u00e3o e sa\u00fade, como forma de diminuir as desigualdades no mundo. \u201cComo metade do planeta vive com menos de US$ 5,50 por dia, qualquer tipo de despesa m\u00e9dica empurra essas pessoas para a pobreza. Garantia de servi\u00e7o p\u00fablico de sa\u00fade \u00e9 a garantia est\u00e1vel e sustentada para quem est\u00e1 na base da pir\u00e2mide\u201d, exemplificou Rafael Georges, coordenador de campanha da Oxfam Brasil.<\/p>\n<p><center><br \/>\n<!-- Erro, o An\u00fancio n\u00e3o est\u00e1 dispon\u00edvel neste momento devido \u00e0s restri\u00e7\u00f5es de agendamento\/geolocaliza\u00e7\u00e3o! --><br \/>\n<\/br><br \/>\n<\/center><\/p>\n<p><strong>Taxa\u00e7\u00e3o <\/strong><\/p>\n<p>Como forma de redistribui\u00e7\u00e3o de riquezas, o relat\u00f3rio prop\u00f5e uma taxa\u00e7\u00e3o de 0,5% sobre a renda de bilion\u00e1rios que fazem parte do 1% mais rico do mundo. Segundo a organiza\u00e7\u00e3o, os recursos arrecadados seriam suficientes para incluir 262 milh\u00f5es de crian\u00e7as que est\u00e3o fora da escola atualmente e tamb\u00e9m providenciar servi\u00e7os de sa\u00fade que poderiam salvar a vida de mais de 3 milh\u00f5es de pessoas.<\/p>\n<p>\u201cA retomada [do crescimento econ\u00f4mico], ao longo dos \u00faltimos dez anos, favoreceu o topo da pir\u00e2mide, n\u00e3o foi redistributiva, foi concentradora. O sistema tribut\u00e1rio tem um papel central nessa concentra\u00e7\u00e3o, na medida em que reduz as al\u00edquotas m\u00e1ximas para quem \u00e9 muito rico. Esse movimento ocorreu em todo o mundo\u201d, avaliou o coordenador.<\/p>\n<p>A Oxfam avalia que os governos contribuem para o aumento das desigualdades ao n\u00e3o taxarem os muito ricos e as grandes corpora\u00e7\u00f5es e ao n\u00e3o investirem de forma apropriada em sa\u00fade e educa\u00e7\u00e3o. Segundo a organiza\u00e7\u00e3o, no Brasil, os 10% mais pobres da sociedade pagam mais impostos proporcionalmente do que os 10% mais ricos, o mesmo ocorre no Reino Unido.<\/p>\n<p>\u201cDiferentemente dos pa\u00edses desenvolvidos, o Brasil \u00e9 um pa\u00eds que apoia muito a sua carga tribut\u00e1ria nos impostos indiretos, e isso acaba pesando mais no bolso da classe m\u00e9dia e dos mais pobres. Todo mundo que compra o mesmo produto, paga a mesma carga. O ideal seria equilibrar isso, jogar mais a tributa\u00e7\u00e3o para renda e patrim\u00f4nio e diminuir a carga do consumo\u201d, prop\u00f4s Georges.<\/p>\n<p>A organiza\u00e7\u00e3o destaca que, entre os pa\u00edses da Organiza\u00e7\u00e3o para a Coopera\u00e7\u00e3o e Desenvolvimento Econ\u00f4mico (OCDE), o Brasil \u00e9 o que menos tributa renda e patrim\u00f4nio. Enquanto no Brasil a cada R$ 1 que \u00e9 arrecadado, R$ 0,22 v\u00eam de impostos sobre a renda e do patrim\u00f4nio, na m\u00e9dia dos pa\u00edses essa parcela equivale a R$ 0,40 para cada R$ 1 pago em tributos. Nos Estados Unidos, por exemplo, 59,4% da arrecada\u00e7\u00e3o v\u00eam de impostos sobre a renda e o patrim\u00f4nio da popula\u00e7\u00e3o.<\/p>\n<p><img decoding=\"async\" src=\"http:\/\/aconteceunovale.com.br\/portal\/wp-content\/uploads\/2019\/01\/pobreza.jpg\" alt=\"\" \/><em>Relat\u00f3rio da Oxfam mostra que patrim\u00f4nio dos 26 mais ricos do mundo equivale ao dos 3,8 bilh\u00f5es mais pobres &#8211; Foto: Arquivo\/Ag\u00eancia Brasil<\/em><br \/>\n<\/br><\/p>\n<p><strong>Aumento da concentra\u00e7\u00e3o<\/strong><\/p>\n<p>Georges avalia que dois fatores explicam, em parte, a concentra\u00e7\u00e3o de riqueza no mundo: a guerra fiscal internacional e a exist\u00eancia de para\u00edsos fiscais. \u201cExiste uma dificuldade dos sistemas pol\u00edticos, seja nacional ou internacional, de implantar medidas s\u00e9rias de redistribui\u00e7\u00e3o. Em particular na quest\u00e3o tribut\u00e1ria existe uma corrida para tr\u00e1s\u201d, apontou. Para o coordenador da Oxfam Brasil, a guerra fiscal internacional \u2013 similar ao que ocorre entre os estados brasileiros em rela\u00e7\u00e3o ao ICMS \u2013 \u201cjoga contra\u201d a possibilidade de redistribui\u00e7\u00e3o de riquezas.<\/p>\n<p>Outra parte, segundo ele, \u00e9 explicada pela exist\u00eancia de para\u00edsos fiscais. \u201cEnquanto tiver pa\u00edses onde n\u00e3o se cobra nenhum tipo de tributo e se oferecem garantias de sigilo e de ocultamento de propriedade e de patrim\u00f4nio, vai ter incentivo para que ningu\u00e9m queira redistribui\u00e7\u00e3o de seu patrim\u00f4nio e sua renda. A economia sempre vai ter uma v\u00e1lvula de escape que vai preservar uma esp\u00e9cie de elite global\u201d, avaliou.<\/p>\n<p><strong>VER PRIMEIRO<\/strong><\/p>\n<p>Receba as not\u00edcias do Aconteceu no Vale em primeira m\u00e3o. Clique em curtir no endere\u00e7o <a href=\"https:\/\/www.facebook.com\/aconteceunovale\" target=\"_blank\"><font color=\"red\">www.facebook.com\/aconteceunovale<\/font><\/a> ou no box abaixo:<\/p>\n<div class=\"fb-like\" data-href=\"https:\/\/www.facebook.com\/aconteceunovale\" data-width=\"120\" data-layout=\"standard\" data-action=\"like\" data-size=\"small\" data-show-faces=\"true\" data-share=\"true\"><\/div>\n<p><!-- Erro, o An\u00fancio n\u00e3o est\u00e1 dispon\u00edvel neste momento devido \u00e0s restri\u00e7\u00f5es de agendamento\/geolocaliza\u00e7\u00e3o! --><br \/>\n<\/br><\/p>\n<p><em>(Fonte: Ag\u00eancia Brasil)<\/em><\/p>\n","protected":false},"excerpt":{"rendered":"<p>As 26 pessoas mais ricas do mundo det\u00eam a mesma riqueza dos 3,8 bilh\u00f5es mais pobres, que correspondem a 50% da humanidade. Os dados, referentes a 2018, fazem parte do relat\u00f3rio global da organiza\u00e7\u00e3o n\u00e3o governamental Oxfam, lan\u00e7ado hoje (21), \u00e0s v\u00e9speras do F\u00f3rum Econ\u00f4mico Mundial, que se inicia amanh\u00e3 (22) em Davos, na Su\u00ed\u00e7a. [&hellip;]<\/p>\n","protected":false},"author":1,"featured_media":142523,"comment_status":"open","ping_status":"closed","sticky":false,"template":"","format":"standard","meta":{"amp_status":"","footnotes":""},"categories":[28848],"tags":[192426,192427,192428,192429,74151,192425],"class_list":["post-142522","post","type-post","status-publish","format-standard","has-post-thumbnail","hentry","category-mundo","tag-26-pessoas-mais-ricas-do-mundo","tag-bem-publico-ou-riqueza-privada","tag-concentracao-de-riqueza","tag-diferenca-entre-ricos-e-pobres","tag-oxfam","tag-patrimonio-dos-26-mais-ricos-do-mundo-equivale-ao-da-metade-mais-pobre"],"_links":{"self":[{"href":"https:\/\/aconteceunovale.com.br\/portal\/index.php?rest_route=\/wp\/v2\/posts\/142522","targetHints":{"allow":["GET"]}}],"collection":[{"href":"https:\/\/aconteceunovale.com.br\/portal\/index.php?rest_route=\/wp\/v2\/posts"}],"about":[{"href":"https:\/\/aconteceunovale.com.br\/portal\/index.php?rest_route=\/wp\/v2\/types\/post"}],"author":[{"embeddable":true,"href":"https:\/\/aconteceunovale.com.br\/portal\/index.php?rest_route=\/wp\/v2\/users\/1"}],"replies":[{"embeddable":true,"href":"https:\/\/aconteceunovale.com.br\/portal\/index.php?rest_route=%2Fwp%2Fv2%2Fcomments&post=142522"}],"version-history":[{"count":0,"href":"https:\/\/aconteceunovale.com.br\/portal\/index.php?rest_route=\/wp\/v2\/posts\/142522\/revisions"}],"wp:featuredmedia":[{"embeddable":true,"href":"https:\/\/aconteceunovale.com.br\/portal\/index.php?rest_route=\/wp\/v2\/media\/142523"}],"wp:attachment":[{"href":"https:\/\/aconteceunovale.com.br\/portal\/index.php?rest_route=%2Fwp%2Fv2%2Fmedia&parent=142522"}],"wp:term":[{"taxonomy":"category","embeddable":true,"href":"https:\/\/aconteceunovale.com.br\/portal\/index.php?rest_route=%2Fwp%2Fv2%2Fcategories&post=142522"},{"taxonomy":"post_tag","embeddable":true,"href":"https:\/\/aconteceunovale.com.br\/portal\/index.php?rest_route=%2Fwp%2Fv2%2Ftags&post=142522"}],"curies":[{"name":"wp","href":"https:\/\/api.w.org\/{rel}","templated":true}]}}