{"id":142518,"date":"2019-01-21T20:36:30","date_gmt":"2019-01-21T22:36:30","guid":{"rendered":"http:\/\/aconteceunovale.com.br\/portal\/?p=142518"},"modified":"2019-01-21T20:36:30","modified_gmt":"2019-01-21T22:36:30","slug":"caso-coaf-ministerio-publico-critica-falta-de-transparencia-da-alerj","status":"publish","type":"post","link":"https:\/\/aconteceunovale.com.br\/portal\/?p=142518","title":{"rendered":"Caso Coaf: Minist\u00e9rio P\u00fablico critica falta de transpar\u00eancia da Alerj"},"content":{"rendered":"<p>O procurador-geral de Justi\u00e7a do Minist\u00e9rio P\u00fablico do Rio de Janeiro (MPRJ), Eduardo Gussem, criticou hoje (21) a falta de transpar\u00eancia da Assembleia Legislativa do Rio de Janeiro (Alerj). Para o procurador, isso dificulta o andamento dos 22 procedimentos investigat\u00f3rios abertos para analisar movimenta\u00e7\u00f5es financeiras at\u00edpicas de servidores lotados em gabinetes de 27 deputados estaduais.<\/p>\n<p>As transa\u00e7\u00f5es suspeitas foram identificadas em um Relat\u00f3rio de Intelig\u00eancia Financeira (RIF) produzido pelo Conselho de Controle de Atividades Financeiras (Coaf). \u201c\u00c9 importante destacar a total falta de transpar\u00eancia da Alerj\u201d, afirmou o procurador.<\/p>\n<p>Segundo Gussem, para obten\u00e7\u00e3o de dados e informa\u00e7\u00f5es, o MPRJ recorreu ao Cadastro Geral de Empregados e Desempregados (Caged), administrado pelo Minist\u00e9rio do Trabalho. \u201cMuitas vezes n\u00f3s precisamos nos valer do Caged. A Alerj, na sua p\u00e1gina de transpar\u00eancia, n\u00e3o tem os servidores vinculados a cada gabinete. Isso aumenta ainda mais o nosso trabalho&#8221;, disse.<\/p>\n<p><center><br \/>\n<!-- Erro, o An\u00fancio n\u00e3o est\u00e1 dispon\u00edvel neste momento devido \u00e0s restri\u00e7\u00f5es de agendamento\/geolocaliza\u00e7\u00e3o! --><br \/>\n<\/br><br \/>\n<\/center><\/p>\n<p><strong>Of\u00edcio<\/strong><\/p>\n<p>Em agosto de 2018, o Minist\u00e9rio P\u00fablico estadual encaminhou um of\u00edcio \u00e0 Alerj e \u00e0 C\u00e2mara de Vereadores do Rio de Janeiro sugerindo a ado\u00e7\u00e3o de um sistema semelhante ao Infoleg, usado na C\u00e2mara dos Deputados. Conforme o documento, a plataforma digital deveria dar \u00e0 popula\u00e7\u00e3o acesso objetivo e em linguagem de f\u00e1cil compreens\u00e3o \u00e0s ordens do dia, vota\u00e7\u00f5es e posicionamentos dos parlamentares.<\/p>\n<p>&#8220;Conv\u00e9m sublinhar que o aplicativo desenvolvido em \u00e2mbito federal tem-se destacado como ferramenta essencial \u00e0 concretiza\u00e7\u00e3o do direito fundamental de acesso \u00e0 informa\u00e7\u00e3o&#8221;, registra o of\u00edcio.<\/p>\n<p>De acordo com o procurador, o pedido ser\u00e1 refor\u00e7ado ap\u00f3s o in\u00edcio da nova legislatura. Os deputados estaduais eleitos no ano passado tomam posse no pr\u00f3ximo m\u00eas. &#8220;O MPRJ vai encaminhar uma recomenda\u00e7\u00e3o, que \u00e9 algo mais forte que uma mera sugest\u00e3o. Vai dar um prazo para que seja implementado e, se assim n\u00e3o acontecer, n\u00f3s vamos entrar com medidas judiciais. N\u00e3o tem cabimento a Alerj e as c\u00e2maras de vereadores trabalharem nessa obscuridade&#8221;, afirmou.<\/p>\n<p><img decoding=\"async\" src=\"http:\/\/aconteceunovale.com.br\/portal\/wp-content\/uploads\/2019\/01\/procurador_mprj_2.jpg\" alt=\"\" \/><em>Eduardo Gussem (Foto: Fernando Fraz\u00e3o\/Ag\u00eancia Brasil)<\/em><br \/>\n<\/br><\/p>\n<p><strong>Outro lado<\/strong><\/p>\n<p>Em nota, a Alerj afirmou que o presidente interino da Casa, Andr\u00e9 Ceciliano (PT), determinou que se estudem formas mais simples de consultas no portal da transpar\u00eancia, processo que est\u00e1 em andamento.<\/p>\n<p>&#8220;Estamos buscando uma parceria com o Laborat\u00f3rio Hacker, da C\u00e2mara Federal, para implanta\u00e7\u00e3o de um sistema de transpar\u00eancia que utilize ferramentas j\u00e1 desenvolvidas por eles e que permitam melhorar e criar novos acessos a dados da Assembleia, assim como possibilitar maior participa\u00e7\u00e3o da popula\u00e7\u00e3o nas atividades parlamentares&#8221;, acrescenta o texto.<\/p>\n<p><strong>VER PRIMEIRO<\/strong><\/p>\n<p>Receba as not\u00edcias do Aconteceu no Vale em primeira m\u00e3o. Clique em curtir no endere\u00e7o <a href=\"https:\/\/www.facebook.com\/aconteceunovale\" target=\"_blank\"><font color=\"red\">www.facebook.com\/aconteceunovale<\/font><\/a> ou no box abaixo:<\/p>\n<div class=\"fb-like\" data-href=\"https:\/\/www.facebook.com\/aconteceunovale\" data-width=\"120\" data-layout=\"standard\" data-action=\"like\" data-size=\"small\" data-show-faces=\"true\" data-share=\"true\"><\/div>\n<p><!-- Erro, o An\u00fancio n\u00e3o est\u00e1 dispon\u00edvel neste momento devido \u00e0s restri\u00e7\u00f5es de agendamento\/geolocaliza\u00e7\u00e3o! --><br \/>\n<\/br><\/p>\n<p><em>(Fonte: Ag\u00eancia Brasil)<\/em><\/p>\n","protected":false},"excerpt":{"rendered":"<p>O procurador-geral de Justi\u00e7a do Minist\u00e9rio P\u00fablico do Rio de Janeiro (MPRJ), Eduardo Gussem, criticou hoje (21) a falta de transpar\u00eancia da Assembleia Legislativa do Rio de Janeiro (Alerj). Para o procurador, isso dificulta o andamento dos 22 procedimentos investigat\u00f3rios abertos para analisar movimenta\u00e7\u00f5es financeiras at\u00edpicas de servidores lotados em gabinetes de 27 deputados estaduais. [&hellip;]<\/p>\n","protected":false},"author":1,"featured_media":142519,"comment_status":"open","ping_status":"closed","sticky":false,"template":"","format":"standard","meta":{"amp_status":"","footnotes":""},"categories":[6,40240],"tags":[96519,192344,192423,192337,192339,192336,192341,192340,191707,192338,192335,192334,184407,192387,77985,168656,192343,192422,96508,186189,153200,192342,28511,192424],"class_list":["post-142518","post","type-post","status-publish","format-standard","has-post-thumbnail","hentry","category-br","category-politica-2","tag-alerj","tag-assembleia-legislativa-do-rio-de-janeiro","tag-caso-coaf-ministerio-publico-critica-falta-de-transparencia-da-alerj","tag-caso-corrupcao-fabricio-queiroz","tag-caso-de-ex-assessor-de-flavio-bolsonaro","tag-caso-fabricio-queiroz","tag-coaf","tag-conselho-de-controle-de-atividades-financeiras","tag-eduardo-gussem","tag-ex-assessor-de-flavio-bolsonaro","tag-fabricio-queiroz","tag-fabricio-queiroz-movimentou-r-7-milhoes-em-tres-anos","tag-flavio-bolsonaro","tag-flavio-bolsonaro-reclama-que-nao-teve-oportunidade-de-esclarecer-movimentacoes","tag-luiz-fux","tag-ministerio-publico-do-rio-de-janeiro","tag-movimentacao-financeira-de-queiroz","tag-movimentacoes-atipicas","tag-mprj","tag-operacao-furna-da-onca","tag-psl","tag-psl-rj","tag-stf","tag-tansparencia"],"_links":{"self":[{"href":"https:\/\/aconteceunovale.com.br\/portal\/index.php?rest_route=\/wp\/v2\/posts\/142518","targetHints":{"allow":["GET"]}}],"collection":[{"href":"https:\/\/aconteceunovale.com.br\/portal\/index.php?rest_route=\/wp\/v2\/posts"}],"about":[{"href":"https:\/\/aconteceunovale.com.br\/portal\/index.php?rest_route=\/wp\/v2\/types\/post"}],"author":[{"embeddable":true,"href":"https:\/\/aconteceunovale.com.br\/portal\/index.php?rest_route=\/wp\/v2\/users\/1"}],"replies":[{"embeddable":true,"href":"https:\/\/aconteceunovale.com.br\/portal\/index.php?rest_route=%2Fwp%2Fv2%2Fcomments&post=142518"}],"version-history":[{"count":0,"href":"https:\/\/aconteceunovale.com.br\/portal\/index.php?rest_route=\/wp\/v2\/posts\/142518\/revisions"}],"wp:featuredmedia":[{"embeddable":true,"href":"https:\/\/aconteceunovale.com.br\/portal\/index.php?rest_route=\/wp\/v2\/media\/142519"}],"wp:attachment":[{"href":"https:\/\/aconteceunovale.com.br\/portal\/index.php?rest_route=%2Fwp%2Fv2%2Fmedia&parent=142518"}],"wp:term":[{"taxonomy":"category","embeddable":true,"href":"https:\/\/aconteceunovale.com.br\/portal\/index.php?rest_route=%2Fwp%2Fv2%2Fcategories&post=142518"},{"taxonomy":"post_tag","embeddable":true,"href":"https:\/\/aconteceunovale.com.br\/portal\/index.php?rest_route=%2Fwp%2Fv2%2Ftags&post=142518"}],"curies":[{"name":"wp","href":"https:\/\/api.w.org\/{rel}","templated":true}]}}