{"id":142461,"date":"2019-01-21T09:39:27","date_gmt":"2019-01-21T11:39:27","guid":{"rendered":"http:\/\/aconteceunovale.com.br\/portal\/?p=142461"},"modified":"2019-01-21T10:04:15","modified_gmt":"2019-01-21T12:04:15","slug":"bolsonaro-chega-nesta-segunda-feira-a-suica-mourao-assume-a-presidencia-da-republica","status":"publish","type":"post","link":"https:\/\/aconteceunovale.com.br\/portal\/?p=142461","title":{"rendered":"Bolsonaro chega nesta segunda-feira \u00e0 Su\u00ed\u00e7a; Mour\u00e3o assume a Presid\u00eancia da Rep\u00fablica"},"content":{"rendered":"<p>Em sua primeira viagem internacional, o presidente Jair Bolsonaro apresentar\u00e1 em Davos &#8211; no F\u00f3rum Econ\u00f4mico Mundial, na Su\u00ed\u00e7a, uma s\u00e9rie de temas que v\u00e3o desde a abertura da economia, ao combate \u00e0 corrup\u00e7\u00e3o, \u00e0 preserva\u00e7\u00e3o da democracia no Brasil e na Am\u00e9rica Latina. Pela primeira vez, o vice-presidente, general Hamilton Mour\u00e3o, exercer\u00e1 a Presid\u00eancia da Rep\u00fablica. Bolsonaro deve chegar a Zurique, na Su\u00ed\u00e7a, nesta segunda-feira (21) por volta das 17h30. Davos fica a 116 quil\u00f4metros de Zurique.<\/p>\n<p>O presidente deve retornar ao Brasil na madrugada de sexta-feira (25). E at\u00e9 l\u00e1 Mour\u00e3o ser\u00e1 o presidente em exerc\u00edcio. Bolsonaro discursar\u00e1 nesta ter\u00e7a-feira (22), na abertura do f\u00f3rum, mas deve aproveitar a oportunidade, em Davos, para demonstrar sua preocupa\u00e7\u00e3o com o agravamento da crise na Venezuela, apresentar seu ponto de vista sobre globaliza\u00e7\u00e3o, tecnologia e inova\u00e7\u00e3o.<\/p>\n<p>H\u00e1 previs\u00e3o de Bolsonaro se reunir com os presidentes do Peru, Mart\u00edn Vizcarra; do Equador, Len\u00edn Moreno; da Col\u00f4mbia, Iv\u00e1n Duque; e da Costa Rica, Carlos Alvarado Quesada. Com eles, devem ser tratadas as crises na Venezuela e na Nicar\u00e1gua, al\u00e9m dos impactos na regi\u00e3o, como a quest\u00e3o migrat\u00f3ria. <\/p>\n<p><center><br \/>\n<!-- Erro, o An\u00fancio n\u00e3o est\u00e1 dispon\u00edvel neste momento devido \u00e0s restri\u00e7\u00f5es de agendamento\/geolocaliza\u00e7\u00e3o! --><br \/>\n<\/br><br \/>\n<\/center><\/p>\n<p><strong>Mour\u00e3o se diz honrado em assumir exerc\u00edcio da Presid\u00eancia<\/strong><\/p>\n<p>O presidente em exerc\u00edcio general Hamilton Mour\u00e3o disse hoje (21) estar honrado por substituir Jair Bolsonaro na Presid\u00eancia do pa\u00eds. \u201cAo amanhecer deste dia, quero expressar a honra de estar no exerc\u00edcio da Presid\u00eancia da Rep\u00fablica. Desejo uma excelente e proveitosa viagem ao Presidente @jairbolsonaro e comitiva a Davos. Por aqui, manteremos a posi\u00e7\u00e3o\u201d, escreveu Mour\u00e3o na mensagem postada antes das 7h30.<\/p>\n<p><strong>Presid\u00eancia em exerc\u00edcio<\/strong><\/p>\n<p>Na manh\u00e3 desta segunda-feira, Mour\u00e3o se re\u00fane com Miguel Angelo da Gama Bentes para discutir projetos de minera\u00e7\u00e3o estrat\u00e9gica. \u00c0 tarde, o presidente em exerc\u00edcio tem encontros com os embaixadores da Alemanha, Georg Witschel, e Tail\u00e2ndia, Susarak Suparat.<\/p>\n<p>Em seguida, Mour\u00e3o se re\u00fane com o coronel H\u00e9lcio Bruno de Almeida cujo curr\u00edculo o descreve como especialista em defesa e seguran\u00e7a com aten\u00e7\u00e3o no combate ao terrorismo. Depois, ele se encontra com dois generais.<\/p>\n<p><strong>Veja galeria de fotos da cerim\u00f4nia de transmiss\u00e3o de cargo<\/strong><\/p>\n<p><img decoding=\"async\" src=\"http:\/\/aconteceunovale.com.br\/portal\/wp-content\/uploads\/2019\/01\/transmissao_bolsonaro_mourao_6.jpg\" alt=\"\" \/><em>Foto: Alan Santos\/PR<\/em><br \/>\n<\/br><\/p>\n<p><img decoding=\"async\" src=\"http:\/\/aconteceunovale.com.br\/portal\/wp-content\/uploads\/2019\/01\/transmissao_bolsonaro_mourao_5.jpg\" alt=\"\" \/><em>Foto: Alan Santos\/PR<\/em><br \/>\n<\/br><\/p>\n<p><img decoding=\"async\" src=\"http:\/\/aconteceunovale.com.br\/portal\/wp-content\/uploads\/2019\/01\/transmissao_bolsonaro_mourao_4.jpg\" alt=\"\" \/><em>Foto: Alan Santos\/PR<\/em><br \/>\n<\/br><\/p>\n<p><img decoding=\"async\" src=\"http:\/\/aconteceunovale.com.br\/portal\/wp-content\/uploads\/2019\/01\/transmissao_bolsonaro_mourao_3.jpg\" alt=\"\" \/><em>Foto: Alan Santos\/PR<\/em><br \/>\n<\/br><\/p>\n<p><img decoding=\"async\" src=\"http:\/\/aconteceunovale.com.br\/portal\/wp-content\/uploads\/2019\/01\/transmissao_bolsonaro_mourao_2.jpg\" alt=\"\" \/><em>Foto: Alan Santos\/PR<\/em><br \/>\n<\/br><\/p>\n<p><img decoding=\"async\" src=\"http:\/\/aconteceunovale.com.br\/portal\/wp-content\/uploads\/2019\/01\/transmissao_bolsonaro_mourao_1.jpg\" alt=\"\" \/><em>Foto: Alan Santos\/PR<\/em><br \/>\n<\/br><\/p>\n<p><strong>VER PRIMEIRO<\/strong><\/p>\n<p>Receba as not\u00edcias do Aconteceu no Vale em primeira m\u00e3o. Clique em curtir no endere\u00e7o <a href=\"https:\/\/www.facebook.com\/aconteceunovale\" target=\"_blank\"><font color=\"red\">www.facebook.com\/aconteceunovale<\/font><\/a> ou no box abaixo:<\/p>\n<div class=\"fb-like\" data-href=\"https:\/\/www.facebook.com\/aconteceunovale\" data-width=\"120\" data-layout=\"standard\" data-action=\"like\" data-size=\"small\" data-show-faces=\"true\" data-share=\"true\"><\/div>\n<p><!-- Erro, o An\u00fancio n\u00e3o est\u00e1 dispon\u00edvel neste momento devido \u00e0s restri\u00e7\u00f5es de agendamento\/geolocaliza\u00e7\u00e3o! --><br \/>\n<\/br><\/p>\n<p><em>(Fonte: Ag\u00eancia Brasil)<\/em><\/p>\n","protected":false},"excerpt":{"rendered":"<p>Em sua primeira viagem internacional, o presidente Jair Bolsonaro apresentar\u00e1 em Davos &#8211; no F\u00f3rum Econ\u00f4mico Mundial, na Su\u00ed\u00e7a, uma s\u00e9rie de temas que v\u00e3o desde a abertura da economia, ao combate \u00e0 corrup\u00e7\u00e3o, \u00e0 preserva\u00e7\u00e3o da democracia no Brasil e na Am\u00e9rica Latina. Pela primeira vez, o vice-presidente, general Hamilton Mour\u00e3o, exercer\u00e1 a Presid\u00eancia [&hellip;]<\/p>\n","protected":false},"author":1,"featured_media":142467,"comment_status":"open","ping_status":"closed","sticky":false,"template":"","format":"standard","meta":{"amp_status":"","footnotes":""},"categories":[6,28848,40240],"tags":[100375,192369,192368,192371,192365,192367,192366,74158,74157,184405,177538,26436,192370,20561,174222,184432,97763],"class_list":["post-142461","post","type-post","status-publish","format-standard","has-post-thumbnail","hentry","category-br","category-mundo","category-politica-2","tag-bolsonaro","tag-bolsonaro-chega-nesta-segunda-a-suica","tag-bolsonaro-chega-nesta-segunda-a-suica-mourao-assume-a-presidencia-da-republica","tag-bolsonaro-chega-nesta-segunda-feira-a-suica-mourao-assume-a-presidencia-da-republica","tag-bolsonaro-em-davos","tag-bolsonaro-na-suica","tag-bolsonaro-no-forum-economico-mundial","tag-davos","tag-forum-economico-mundial","tag-governo-bolsonaro","tag-hamilton-mourao","tag-jair-bolsonaro","tag-mourao-assume-a-presidencia-da-republica","tag-presidencia-da-republica","tag-presidente-jair-bolsonaro","tag-primeira-viagem-internacional-de-bolsonaro","tag-suica"],"_links":{"self":[{"href":"https:\/\/aconteceunovale.com.br\/portal\/index.php?rest_route=\/wp\/v2\/posts\/142461","targetHints":{"allow":["GET"]}}],"collection":[{"href":"https:\/\/aconteceunovale.com.br\/portal\/index.php?rest_route=\/wp\/v2\/posts"}],"about":[{"href":"https:\/\/aconteceunovale.com.br\/portal\/index.php?rest_route=\/wp\/v2\/types\/post"}],"author":[{"embeddable":true,"href":"https:\/\/aconteceunovale.com.br\/portal\/index.php?rest_route=\/wp\/v2\/users\/1"}],"replies":[{"embeddable":true,"href":"https:\/\/aconteceunovale.com.br\/portal\/index.php?rest_route=%2Fwp%2Fv2%2Fcomments&post=142461"}],"version-history":[{"count":0,"href":"https:\/\/aconteceunovale.com.br\/portal\/index.php?rest_route=\/wp\/v2\/posts\/142461\/revisions"}],"wp:featuredmedia":[{"embeddable":true,"href":"https:\/\/aconteceunovale.com.br\/portal\/index.php?rest_route=\/wp\/v2\/media\/142467"}],"wp:attachment":[{"href":"https:\/\/aconteceunovale.com.br\/portal\/index.php?rest_route=%2Fwp%2Fv2%2Fmedia&parent=142461"}],"wp:term":[{"taxonomy":"category","embeddable":true,"href":"https:\/\/aconteceunovale.com.br\/portal\/index.php?rest_route=%2Fwp%2Fv2%2Fcategories&post=142461"},{"taxonomy":"post_tag","embeddable":true,"href":"https:\/\/aconteceunovale.com.br\/portal\/index.php?rest_route=%2Fwp%2Fv2%2Ftags&post=142461"}],"curies":[{"name":"wp","href":"https:\/\/api.w.org\/{rel}","templated":true}]}}