{"id":142458,"date":"2019-01-21T09:30:25","date_gmt":"2019-01-21T11:30:25","guid":{"rendered":"http:\/\/aconteceunovale.com.br\/portal\/?p=142458"},"modified":"2019-01-21T09:30:25","modified_gmt":"2019-01-21T11:30:25","slug":"emater-vai-beneficiar-600-familias-do-norte-de-minas-e-vales-do-jequitinhonha-e-mucuri-em-situacao-de-vulnerabilidade-social","status":"publish","type":"post","link":"https:\/\/aconteceunovale.com.br\/portal\/?p=142458","title":{"rendered":"Emater vai beneficiar 600 fam\u00edlias do Norte de Minas e Vales do Jequitinhonha e Mucuri em situa\u00e7\u00e3o de vulnerabilidade social"},"content":{"rendered":"<p>Financiar pequenos projetos produtivos como horticultura e cria\u00e7\u00e3o de pequenos animais. Essa \u00e9 a proposta do Programa de Fomento \u00e0s Atividades Produtivas Rurais, que integra o Plano Brasil Sem Mis\u00e9ria. Em Minas Gerais, \u00e9 executado pela Emater-MG com recursos do governo federal. A inciativa tem ajudado milhares de pessoas em situa\u00e7\u00e3o de vulnerabilidade social. Para 2019, cerca de 600 fam\u00edlias mineiras da regi\u00e3o Norte e dos Vales Jequitinhonha e Mucuri ser\u00e3o beneficiadas.<\/p>\n<p>As fam\u00edlias ainda ser\u00e3o selecionadas. A Emater-MG, com a parceria dos Centros de Refer\u00eancia em Assist\u00eancia Social (Cras) e dos Conselhos Municipais de Desenvolvimento Rural Sustent\u00e1vel (CMDRS), tem a fun\u00e7\u00e3o de identificar os agricultores e cadastr\u00e1-los. Em seguida \u00e9 feito um diagn\u00f3stico socioecon\u00f4mico e a elabora\u00e7\u00e3o de um projeto de estrutura\u00e7\u00e3o produtiva.<\/p>\n<p>Para serem beneficiadas, as fam\u00edlias devem estar inseridas no Cadastro \u00danico para Programas Sociais (Cad\u00danico), ter renda per capita at\u00e9 R$ 89,00 mensais e apresentar a Declara\u00e7\u00e3o de Aptid\u00e3o ao Pronaf (DAP).<\/p>\n<p><center><br \/>\n<!-- Erro, o An\u00fancio n\u00e3o est\u00e1 dispon\u00edvel neste momento devido \u00e0s restri\u00e7\u00f5es de agendamento\/geolocaliza\u00e7\u00e3o! --><br \/>\n<\/br><br \/>\n<\/center><\/p>\n<p>\u201cSe houver enquadramento e o projeto for aprovado, as fam\u00edlias est\u00e3o aptas a receber o fomento no valor de R$ 2.400,00. Da\u00ed elas passam a receber toda a orienta\u00e7\u00e3o t\u00e9cnica da Emater-MG para implementar o projeto\u201d, diz o coordenador t\u00e9cnico estadual, Thiago Carvalho Alves de Ara\u00fajo.<\/p>\n<p>Segundo o coordenador t\u00e9cnico, as principais atividades implantadas pelas fam\u00edlias s\u00e3o horticultura, avicultura, suinocultura e lavouras. \u201cA repercuss\u00e3o do programa \u00e9 grande porque gera trabalho e renda, movimenta a economia local e, principalmente, garante a seguran\u00e7a alimentar das fam\u00edlias que se encontravam em situa\u00e7\u00e3o de vulnerabilidade social\u201d, afirma Thiago Carvalho. \u201c\u00c9 um p\u00fablico que re\u00fane as maiores car\u00eancias sociais e tem um acesso mais restrito \u00e0s pol\u00edticas p\u00fablicas, vivendo, muitas vezes, em locais isolados e sem conhecimento de seus direitos\u201d, conclui Carvalho.<\/p>\n<p>A fam\u00edlia de dona Gerosina Soares, em S\u00e3o Jo\u00e3o do Para\u00edso, Norte de Minas, foi uma das beneficiadas pelo Plano Brasil Sem Mis\u00e9ria. O dinheiro que ela recebeu ajudou a ampliar a lavoura de cana-de-a\u00e7\u00facar e a produ\u00e7\u00e3o de rapadura. \u201cEu n\u00e3o tinha condi\u00e7\u00f5es de comprar adubo e preparar o terreno. Fiz isso com a ajuda do programa e consegui melhorar a qualidade da lavoura\u201d, conta a produtora.<\/p>\n<p>A produ\u00e7\u00e3o de rapadura da propriedade de dona Gerosina \u00e9 6 mil quilos anuais. A atividade \u00e9 fonte de renda da fam\u00edlia, que ainda cultiva milho e feij\u00e3o para o pr\u00f3prio consumo.<\/p>\n<p><img decoding=\"async\" src=\"http:\/\/aconteceunovale.com.br\/portal\/wp-content\/uploads\/2019\/01\/gerosina_alves.jpg\" alt=\"\" \/><em>Gerosina Soares ampliou a lavoura de cana e a produ\u00e7\u00e3o de rapadura &#8211; Foto: Emater-MG<\/em><br \/>\n<\/br><\/p>\n<p><strong>Plano Brasil Sem Mis\u00e9ria<\/strong><\/p>\n<p>O Brasil Sem Mis\u00e9ria \u00e9 um programa do governo federal que tem como objetivo a inclus\u00e3o social e produtiva de fam\u00edlias que vivem em situa\u00e7\u00e3o de extrema pobreza no meio rural, com renda mensal per capita de at\u00e9 R$ 89,00. O programa permite o repasse de R$ 2.400,00 para cada fam\u00edlia atendida, que recebe o recurso diretamente em seu cart\u00e3o do Bolsa Fam\u00edlia ou Cart\u00e3o do Cidad\u00e3o.<\/p>\n<p>O valor \u00e9 direcionado \u00e0 execu\u00e7\u00e3o de pequenos projetos de fomento, como implanta\u00e7\u00e3o de hortas e cria\u00e7\u00e3o de pequenos animais. As fam\u00edlias recebem toda a assist\u00eancia t\u00e9cnica da Emater-MG para viabilizar acesso aos recursos financeiros e executar seus projetos produtivos.<\/p>\n<p>Entre 2016 e 2018, por meio de acordos de coopera\u00e7\u00e3o assinados entre a Emater-MG, Secretaria Especial de Agricultura Familiar e Desenvolvimento Agr\u00e1rio, Minist\u00e9rio do Desenvolvimento Social e Agr\u00e1rio e a Secretaria de Estado de Desenvolvimento Agr\u00e1rio, foram beneficiadas mais de 12.000 fam\u00edlias pelo Brasil Sem Mis\u00e9ria e investidos cerca de R$ 28 milh\u00f5es.<\/p>\n<p><strong>VER PRIMEIRO<\/strong><\/p>\n<p>Receba as not\u00edcias do Aconteceu no Vale em primeira m\u00e3o. Clique em curtir no endere\u00e7o <a href=\"https:\/\/www.facebook.com\/aconteceunovale\" target=\"_blank\"><font color=\"red\">www.facebook.com\/aconteceunovale<\/font><\/a> ou no box abaixo:<\/p>\n<div class=\"fb-like\" data-href=\"https:\/\/www.facebook.com\/aconteceunovale\" data-width=\"120\" data-layout=\"standard\" data-action=\"like\" data-size=\"small\" data-show-faces=\"true\" data-share=\"true\"><\/div>\n<p><!-- Erro, o An\u00fancio n\u00e3o est\u00e1 dispon\u00edvel neste momento devido \u00e0s restri\u00e7\u00f5es de agendamento\/geolocaliza\u00e7\u00e3o! --><br \/>\n<\/br><\/p>\n<p><em>(Fonte: Ag\u00eancia Minas)<\/em><\/p>\n","protected":false},"excerpt":{"rendered":"<p>Financiar pequenos projetos produtivos como horticultura e cria\u00e7\u00e3o de pequenos animais. Essa \u00e9 a proposta do Programa de Fomento \u00e0s Atividades Produtivas Rurais, que integra o Plano Brasil Sem Mis\u00e9ria. Em Minas Gerais, \u00e9 executado pela Emater-MG com recursos do governo federal. A inciativa tem ajudado milhares de pessoas em situa\u00e7\u00e3o de vulnerabilidade social. Para [&hellip;]<\/p>\n","protected":false},"author":1,"featured_media":142459,"comment_status":"open","ping_status":"closed","sticky":false,"template":"","format":"standard","meta":{"amp_status":"","footnotes":""},"categories":[1236,120,122],"tags":[751,192363,1018,192361,25775,192364,28453,192362,1403],"class_list":["post-142458","post","type-post","status-publish","format-standard","has-post-thumbnail","hentry","category-norte_de_minas","category-jequi","category-mucuri","tag-agricultura-familiar","tag-cmdrs","tag-destaque","tag-emater-vai-beneficiar-600-familias-do-norte-de-minas-e-vales-do-jequitinhonha-e-mucuri-em-situacao-de-vulnerabilidade-social","tag-emater-mg","tag-gerosina-soares","tag-plano-brasil-sem-miseria","tag-programa-de-fomento-as-atividades-produtivas-rurais","tag-sao-joao-do-paraiso"],"_links":{"self":[{"href":"https:\/\/aconteceunovale.com.br\/portal\/index.php?rest_route=\/wp\/v2\/posts\/142458","targetHints":{"allow":["GET"]}}],"collection":[{"href":"https:\/\/aconteceunovale.com.br\/portal\/index.php?rest_route=\/wp\/v2\/posts"}],"about":[{"href":"https:\/\/aconteceunovale.com.br\/portal\/index.php?rest_route=\/wp\/v2\/types\/post"}],"author":[{"embeddable":true,"href":"https:\/\/aconteceunovale.com.br\/portal\/index.php?rest_route=\/wp\/v2\/users\/1"}],"replies":[{"embeddable":true,"href":"https:\/\/aconteceunovale.com.br\/portal\/index.php?rest_route=%2Fwp%2Fv2%2Fcomments&post=142458"}],"version-history":[{"count":0,"href":"https:\/\/aconteceunovale.com.br\/portal\/index.php?rest_route=\/wp\/v2\/posts\/142458\/revisions"}],"wp:featuredmedia":[{"embeddable":true,"href":"https:\/\/aconteceunovale.com.br\/portal\/index.php?rest_route=\/wp\/v2\/media\/142459"}],"wp:attachment":[{"href":"https:\/\/aconteceunovale.com.br\/portal\/index.php?rest_route=%2Fwp%2Fv2%2Fmedia&parent=142458"}],"wp:term":[{"taxonomy":"category","embeddable":true,"href":"https:\/\/aconteceunovale.com.br\/portal\/index.php?rest_route=%2Fwp%2Fv2%2Fcategories&post=142458"},{"taxonomy":"post_tag","embeddable":true,"href":"https:\/\/aconteceunovale.com.br\/portal\/index.php?rest_route=%2Fwp%2Fv2%2Ftags&post=142458"}],"curies":[{"name":"wp","href":"https:\/\/api.w.org\/{rel}","templated":true}]}}