{"id":142455,"date":"2019-01-20T22:55:25","date_gmt":"2019-01-21T00:55:25","guid":{"rendered":"http:\/\/aconteceunovale.com.br\/portal\/?p=142455"},"modified":"2019-01-20T22:55:25","modified_gmt":"2019-01-21T00:55:25","slug":"brasil-e-europa-vao-ser-interligados-por-novo-cabo-submarino-de-fibra-otica","status":"publish","type":"post","link":"https:\/\/aconteceunovale.com.br\/portal\/?p=142455","title":{"rendered":"Brasil e Europa v\u00e3o ser interligados por novo cabo submarino de fibra \u00f3tica"},"content":{"rendered":"<p>O Brasil e a Europa v\u00e3o ser interligados por um novo cabo submarino de fibra \u00f3tica com capacidade de 40 terabytes (TB) por segundo, o que vai facilitar as comunica\u00e7\u00f5es telef\u00f4nicas e de imagens entre diferentes pontos do territ\u00f3rio brasileiro e o continente europeu.<\/p>\n<p>A informa\u00e7\u00e3o \u00e9 do ministro-conselheiro para o mercado digital da representa\u00e7\u00e3o da Uni\u00e3o Europeia no Brasil, Carlos Oliveira. Segundo ele, a Uni\u00e3o Europeia j\u00e1 disponibilizou US$ 30 milh\u00f5es para o in\u00edcio da implanta\u00e7\u00e3o do projeto.<\/p>\n<p>Por\u00e9m, de acordo com o ministro-conselheiro o volume total a ser aplicado no cabo submarino ainda n\u00e3o est\u00e1 calculado porque depende de um detalhamento que vem sendo analisado por um cons\u00f3rcio de empresas, que inclui a brasileira Telebras. Ao final, um cons\u00f3rcio internacional de bancos vai financiar toda a opera\u00e7\u00e3o.<\/p>\n<p><center><br \/>\n<!-- Erro, o An\u00fancio n\u00e3o est\u00e1 dispon\u00edvel neste momento devido \u00e0s restri\u00e7\u00f5es de agendamento\/geolocaliza\u00e7\u00e3o! --><br \/>\n<\/br><br \/>\n<\/center><\/p>\n<p>Atualmente o Brasil tem um cabo submarino que liga o territ\u00f3rio brasileiro \u00e0 Europa, denominado Atlantis 2. Por\u00e9m, esse cabo tem uma capacidade de apenas 20 gigabytes, muito distante de atender ao gigantesco desenvolvimento de transmiss\u00e3o de dados nos \u00faltimos anos, sobretudo com o avan\u00e7o da tecnologia de v\u00eddeos e imagens.<\/p>\n<p>Em decorr\u00eancia da defici\u00eancia nas comunica\u00e7\u00f5es com a Europa, o Brasil \u00e9 obrigado atualmente a utilizar os cabos submarinos que ligam o territ\u00f3rio brasileiro aos Estados Unidos para transmitir dados (voz e imagem) internacionais e de l\u00e1 \u00e9 que esses dados s\u00e3o retransmitidos para outras partes do mundo, inclusive a Europa.<\/p>\n<p>Os Estados Unidos hoje s\u00e3o um hub, ou seja, um centro armazenador e distribuir de dados brasileiros. De acordo com especialistas, o novo cabo submarino proporcionar\u00e1 praticidade e redu\u00e7\u00e3o de custos para a transmiss\u00e3o de dados do Brasil para o continente europeu.<\/p>\n<p><img decoding=\"async\" src=\"http:\/\/aconteceunovale.com.br\/portal\/wp-content\/uploads\/2019\/01\/carlos_oliveira_ue.jpg\" alt=\"\" \/><em>Carlos Oliveira: Uni\u00e3o Europeia disponibilizou US$ 30 milh\u00f5es para implanta\u00e7\u00e3o de projeto de novo cabo submarino de fibra \u00f3tica ligando a Europa ao Brasil (Foto: Divulga\u00e7\u00e3o\/Uni\u00e3o Europeia)<\/em><br \/>\n<\/br><\/p>\n<p><strong>Benef\u00edcios<\/strong><\/p>\n<p>Carlos Oliveira disse \u00e0 Ag\u00eancia Brasil que o projeto se destina a beneficiar primordialmente a rede de institutos de pesquisas e universidades do Brasil e do exterior.<\/p>\n<p>O ministro-conselheiro ressaltou que haver\u00e1 um benef\u00edcio tamb\u00e9m para as operadoras, desde que demonstrem interesse em ampliar suas capacidades de comunica\u00e7\u00e3o. \u201cEstou convicto de que as operadoras brasileiras estar\u00e3o interessadas em fazer esse upgrade.\u201d<\/p>\n<p><strong>VER PRIMEIRO<\/strong><\/p>\n<p>Receba as not\u00edcias do Aconteceu no Vale em primeira m\u00e3o. Clique em curtir no endere\u00e7o <a href=\"https:\/\/www.facebook.com\/aconteceunovale\" target=\"_blank\"><font color=\"red\">www.facebook.com\/aconteceunovale<\/font><\/a> ou no box abaixo:<\/p>\n<div class=\"fb-like\" data-href=\"https:\/\/www.facebook.com\/aconteceunovale\" data-width=\"120\" data-layout=\"standard\" data-action=\"like\" data-size=\"small\" data-show-faces=\"true\" data-share=\"true\"><\/div>\n<p><!-- Erro, o An\u00fancio n\u00e3o est\u00e1 dispon\u00edvel neste momento devido \u00e0s restri\u00e7\u00f5es de agendamento\/geolocaliza\u00e7\u00e3o! --><br \/>\n<\/br><\/p>\n<p><em>(Fonte: Ag\u00eancia Brasil)<\/em><\/p>\n","protected":false},"excerpt":{"rendered":"<p>O Brasil e a Europa v\u00e3o ser interligados por um novo cabo submarino de fibra \u00f3tica com capacidade de 40 terabytes (TB) por segundo, o que vai facilitar as comunica\u00e7\u00f5es telef\u00f4nicas e de imagens entre diferentes pontos do territ\u00f3rio brasileiro e o continente europeu. A informa\u00e7\u00e3o \u00e9 do ministro-conselheiro para o mercado digital da representa\u00e7\u00e3o [&hellip;]<\/p>\n","protected":false},"author":1,"featured_media":142456,"comment_status":"open","ping_status":"closed","sticky":false,"template":"","format":"standard","meta":{"amp_status":"","footnotes":""},"categories":[6,28848],"tags":[192357,192360,192355,192359,72588,192356,192358],"class_list":["post-142455","post","type-post","status-publish","format-standard","has-post-thumbnail","hentry","category-br","category-mundo","tag-brasil-e-a-europa-vao-ser-interligados-por-um-novo-cabo-submarino-de-fibra-otica-com-capacidade-de-40-terabytes","tag-brasil-e-europa-vao-ser-interligados-por-novo-cabo-submarino-de-fibra-otica","tag-carlos-oliveira","tag-telebras","tag-uniao-europeia","tag-uniao-europeia-disponibilizou-us-30-milhoes-para-implantacao-de-projeto-de-novo-cabo-submarino-de-fibra-otica-ligando-a-europa-ao-brasil","tag-uniao-europeia-no-brasil"],"_links":{"self":[{"href":"https:\/\/aconteceunovale.com.br\/portal\/index.php?rest_route=\/wp\/v2\/posts\/142455","targetHints":{"allow":["GET"]}}],"collection":[{"href":"https:\/\/aconteceunovale.com.br\/portal\/index.php?rest_route=\/wp\/v2\/posts"}],"about":[{"href":"https:\/\/aconteceunovale.com.br\/portal\/index.php?rest_route=\/wp\/v2\/types\/post"}],"author":[{"embeddable":true,"href":"https:\/\/aconteceunovale.com.br\/portal\/index.php?rest_route=\/wp\/v2\/users\/1"}],"replies":[{"embeddable":true,"href":"https:\/\/aconteceunovale.com.br\/portal\/index.php?rest_route=%2Fwp%2Fv2%2Fcomments&post=142455"}],"version-history":[{"count":0,"href":"https:\/\/aconteceunovale.com.br\/portal\/index.php?rest_route=\/wp\/v2\/posts\/142455\/revisions"}],"wp:featuredmedia":[{"embeddable":true,"href":"https:\/\/aconteceunovale.com.br\/portal\/index.php?rest_route=\/wp\/v2\/media\/142456"}],"wp:attachment":[{"href":"https:\/\/aconteceunovale.com.br\/portal\/index.php?rest_route=%2Fwp%2Fv2%2Fmedia&parent=142455"}],"wp:term":[{"taxonomy":"category","embeddable":true,"href":"https:\/\/aconteceunovale.com.br\/portal\/index.php?rest_route=%2Fwp%2Fv2%2Fcategories&post=142455"},{"taxonomy":"post_tag","embeddable":true,"href":"https:\/\/aconteceunovale.com.br\/portal\/index.php?rest_route=%2Fwp%2Fv2%2Ftags&post=142455"}],"curies":[{"name":"wp","href":"https:\/\/api.w.org\/{rel}","templated":true}]}}