{"id":142452,"date":"2019-01-20T22:43:33","date_gmt":"2019-01-21T00:43:33","guid":{"rendered":"http:\/\/aconteceunovale.com.br\/portal\/?p=142452"},"modified":"2019-01-20T22:43:33","modified_gmt":"2019-01-21T00:43:33","slug":"unica-lua-de-sangue-de-2019-podera-ser-vista-nesta-madrugada","status":"publish","type":"post","link":"https:\/\/aconteceunovale.com.br\/portal\/?p=142452","title":{"rendered":"\u00danica Lua de Sangue de 2019 poder\u00e1 ser vista nesta madrugada"},"content":{"rendered":"<p>Brasileiros de todos os estados poder\u00e3o assistir, na madrugada desta segunda-feira (21), ao \u00fanico eclipse total lunar deste ano. O fen\u00f4meno, tamb\u00e9m chamado de Lua de Sangue, s\u00f3 ocorrer\u00e1 novamente em 16 de maio de 2022, segundo a pesquisadora do Observat\u00f3rio Nacional Josina Nascimento.<\/p>\n<p>O fen\u00f4meno ocorre quando a lua est\u00e1 na fase cheia e entra na sombra da terra. Desta vez, ele ocorrer\u00e1 juntamente com a Superlua, que \u00e9 quando o sat\u00e9lite est\u00e1 mais pr\u00f3ximo da terra.<\/p>\n<p>Segundo o Observat\u00f3rio Nacional, o eclipse tem tr\u00eas fases. A primeira \u00e9 a fase penumbral, impercept\u00edvel a olho nu, que \u00e9 quando a lua come\u00e7a a entrar na sombra da terra e fica menos brilhante.<\/p>\n<p><center><br \/>\n<!-- Erro, o An\u00fancio n\u00e3o est\u00e1 dispon\u00edvel neste momento devido \u00e0s restri\u00e7\u00f5es de agendamento\/geolocaliza\u00e7\u00e3o! --><br \/>\n<\/br><br \/>\n<\/center><\/p>\n<p>A segunda fase \u00e9 o eclipse parcial, quando a lua come\u00e7a a escurecer, ao entrar na sombra da terra. Essa fase come\u00e7a \u00e0 1h34 (hor\u00e1rio de Bras\u00edlia) de segunda-feira. A \u00faltima fase \u00e9 o eclipse total, que come\u00e7a \u00e0s 2h41 e se estende por uma hora e dois minutos, quando a lua adquire uma cor avermelhada.<\/p>\n<p>\u201cIsso acontece porque, embora ela n\u00e3o esteja recebendo luz nenhuma do Sol, a gente ainda tem raios de sol passando pela atmosfera da terra. A\u00ed, como nos crep\u00fasculos, voc\u00ea tem a cor vermelha, menos espalhada, e ela fica com essa tonalidade vermelha\u201d, explica Josina.<\/p>\n<p>Segundo a pesquisadora, a \u00fanica coisa que pode prejudicar a visualiza\u00e7\u00e3o do eclipse \u00e9 o mau tempo. Se o c\u00e9u estiver completamente nublado, por exemplo, n\u00e3o ser\u00e1 poss\u00edvel ver o fen\u00f4meno.<\/p>\n<p>\u201cEspero que n\u00e3o chova. Mas como o eclipse vai durar uma hora e dois minutos, o que \u00e9 uma dura\u00e7\u00e3o muito boa, pode ser que no in\u00edcio esteja um pouco nublado, mas a gente fica tentando ver porque, se forem nuvens esparsas, voc\u00ea consegue ver depois. Com uma hora e dois minutos, d\u00e1 para aguardar um pouquinho\u201d.<\/p>\n<p><img decoding=\"async\" src=\"http:\/\/aconteceunovale.com.br\/portal\/wp-content\/uploads\/2019\/01\/eclipse_lua.jpg\" alt=\"\" \/><em>Foto: Dan Schechter\/Divulga\u00e7\u00e3o Observat\u00f3rio Nacional<\/em><br \/>\n<\/br><\/p>\n<p><strong>VER PRIMEIRO<\/strong><\/p>\n<p>Receba as not\u00edcias do Aconteceu no Vale em primeira m\u00e3o. Clique em curtir no endere\u00e7o <a href=\"https:\/\/www.facebook.com\/aconteceunovale\" target=\"_blank\"><font color=\"red\">www.facebook.com\/aconteceunovale<\/font><\/a> ou no box abaixo:<\/p>\n<div class=\"fb-like\" data-href=\"https:\/\/www.facebook.com\/aconteceunovale\" data-width=\"120\" data-layout=\"standard\" data-action=\"like\" data-size=\"small\" data-show-faces=\"true\" data-share=\"true\"><\/div>\n<p><!-- Erro, o An\u00fancio n\u00e3o est\u00e1 dispon\u00edvel neste momento devido \u00e0s restri\u00e7\u00f5es de agendamento\/geolocaliza\u00e7\u00e3o! --><br \/>\n<\/br><\/p>\n<p><em>(Fonte: Ag\u00eancia Brasil)<\/em><\/p>\n","protected":false},"excerpt":{"rendered":"<p>Brasileiros de todos os estados poder\u00e3o assistir, na madrugada desta segunda-feira (21), ao \u00fanico eclipse total lunar deste ano. O fen\u00f4meno, tamb\u00e9m chamado de Lua de Sangue, s\u00f3 ocorrer\u00e1 novamente em 16 de maio de 2022, segundo a pesquisadora do Observat\u00f3rio Nacional Josina Nascimento. O fen\u00f4meno ocorre quando a lua est\u00e1 na fase cheia e [&hellip;]<\/p>\n","protected":false},"author":1,"featured_media":142453,"comment_status":"open","ping_status":"closed","sticky":false,"template":"","format":"standard","meta":{"amp_status":"","footnotes":""},"categories":[6,28848],"tags":[192351,61071,192349,192348,125667,192354,124163,192353,192352,192347,192346,192345,192350],"class_list":["post-142452","post","type-post","status-publish","format-standard","has-post-thumbnail","hentry","category-br","category-mundo","tag-como-ver-eclipse-total-lunar","tag-eclipse-lunar","tag-eclipse-total-lunar","tag-eclipse-total-lunar-de-2019","tag-josina-nascimento","tag-lua-de-sangue-de-2019","tag-observatorio-nacional","tag-unica-lua-de-sangue-de-2019","tag-unica-lua-de-sangue-de-2019-podera-ser-vista-nesta-madrugada","tag-unico-eclipse-lunar-de-2019","tag-unico-eclipse-total-lunar-de-2019","tag-unico-eclipse-total-lunar-de-2019-podera-ser-visto-nesta-madrugada","tag-ver-eclipse-total-lunar"],"_links":{"self":[{"href":"https:\/\/aconteceunovale.com.br\/portal\/index.php?rest_route=\/wp\/v2\/posts\/142452","targetHints":{"allow":["GET"]}}],"collection":[{"href":"https:\/\/aconteceunovale.com.br\/portal\/index.php?rest_route=\/wp\/v2\/posts"}],"about":[{"href":"https:\/\/aconteceunovale.com.br\/portal\/index.php?rest_route=\/wp\/v2\/types\/post"}],"author":[{"embeddable":true,"href":"https:\/\/aconteceunovale.com.br\/portal\/index.php?rest_route=\/wp\/v2\/users\/1"}],"replies":[{"embeddable":true,"href":"https:\/\/aconteceunovale.com.br\/portal\/index.php?rest_route=%2Fwp%2Fv2%2Fcomments&post=142452"}],"version-history":[{"count":0,"href":"https:\/\/aconteceunovale.com.br\/portal\/index.php?rest_route=\/wp\/v2\/posts\/142452\/revisions"}],"wp:featuredmedia":[{"embeddable":true,"href":"https:\/\/aconteceunovale.com.br\/portal\/index.php?rest_route=\/wp\/v2\/media\/142453"}],"wp:attachment":[{"href":"https:\/\/aconteceunovale.com.br\/portal\/index.php?rest_route=%2Fwp%2Fv2%2Fmedia&parent=142452"}],"wp:term":[{"taxonomy":"category","embeddable":true,"href":"https:\/\/aconteceunovale.com.br\/portal\/index.php?rest_route=%2Fwp%2Fv2%2Fcategories&post=142452"},{"taxonomy":"post_tag","embeddable":true,"href":"https:\/\/aconteceunovale.com.br\/portal\/index.php?rest_route=%2Fwp%2Fv2%2Ftags&post=142452"}],"curies":[{"name":"wp","href":"https:\/\/api.w.org\/{rel}","templated":true}]}}