{"id":142446,"date":"2019-01-20T21:01:26","date_gmt":"2019-01-20T23:01:26","guid":{"rendered":"http:\/\/aconteceunovale.com.br\/portal\/?p=142446"},"modified":"2019-01-20T21:01:26","modified_gmt":"2019-01-20T23:01:26","slug":"fabricio-queiroz-movimentou-r-7-milhoes-em-tres-anos-diz-jornal","status":"publish","type":"post","link":"https:\/\/aconteceunovale.com.br\/portal\/?p=142446","title":{"rendered":"Fabr\u00edcio Queiroz movimentou R$ 7 milh\u00f5es em tr\u00eas anos, diz jornal"},"content":{"rendered":"<p>Relat\u00f3rio do Conselho de Controle de Atividades Financeiras (Coaf) mostra que as movimenta\u00e7\u00f5es financeiras nas contas de Fabr\u00edcio Queiroz, ex-assessor do deputado estadual e senador eleito Fl\u00e1vio Bolsonaro (PSL-RJ), atingiram R$ 7 milh\u00f5es entre os anos de 2014 e 2017, segundo informa o colunista Lauro Jardim na edi\u00e7\u00e3o deste domingo do jornal O Globo. <\/p>\n<p>At\u00e9 aqui, j\u00e1 se sabia que o ex-assessor do parlamentar havia movimentado R$ 1,2 milh\u00e3o em transa\u00e7\u00f5es suspeitas entre janeiro de 2016 e janeiro de 2017.<\/p>\n<p>Segundo o relat\u00f3rio do Coaf citado na reportagem, passaram pela conta de Queiroz R$ 5,8 milh\u00f5es nos dois anos anteriores, totalizando R$ 7 milh\u00f5es em tr\u00eas anos.<\/p>\n<p><center><br \/>\n<!-- Erro, o An\u00fancio n\u00e3o est\u00e1 dispon\u00edvel neste momento devido \u00e0s restri\u00e7\u00f5es de agendamento\/geolocaliza\u00e7\u00e3o! --><br \/>\n<\/br><br \/>\n<\/center><\/p>\n<p>A investiga\u00e7\u00e3o sobre a movimenta\u00e7\u00e3o financeira de Queiroz foi iniciada h\u00e1 seis meses e tem como foco de apura\u00e7\u00e3o a suspeita de pr\u00e1tica de lavagem de dinheiro e oculta\u00e7\u00e3o de bens, direitos e valores na Assembleia Legislativa do Rio de Janeiro (Alerj).<\/p>\n<p>O documento foi produzido por t\u00e9cnicos do Coaf h\u00e1 um ano, em janeiro de 2018, e anexado aos autos da Opera\u00e7\u00e3o Furna da On\u00e7a \u2013 que em novembro do ano passado prendeu dez deputados estaduais do Rio suspeitos de receberem propina.<\/p>\n<p>Na quinta-feira (17), o vice-presidente do Supremo Tribunal Federal (STF), ministro Luiz Fux, atendeu a um pedido de Fl\u00e1vio Bolsonaro e determinou a suspens\u00e3o tempor\u00e1ria da investiga\u00e7\u00e3o. O relator do caso, Marco Aur\u00e9lio Mello, vai analisar a reclama\u00e7\u00e3o do senador eleito e j\u00e1 indicou que deve negar o pedido ap\u00f3s o fim do recesso do Judici\u00e1rio.<\/p>\n<p><img decoding=\"async\" src=\"http:\/\/aconteceunovale.com.br\/portal\/wp-content\/uploads\/2019\/01\/flavio_bolsonaro_queiroz.jpg\" alt=\"\" \/><em>Fl\u00e1vio Bolsonaro e Fabr\u00edcio Queiroz &#8211; Foto: Divulga\u00e7\u00e3o<\/em><br \/>\n<\/br><\/p>\n<p><strong><\/p>\n<h3>Fl\u00e1vio Bolsonaro diz que quanto mais Queiroz demora para depor, mais o complica<\/h3>\n<p><\/strong><\/p>\n<p>Fl\u00e1vio Bolsonaro afirmou na sexta-feira (18), em entrevista gravada ao Jornal da Record, que quanto mais seu ex-assessor &#8220;demora&#8221; para esclarecer acusa\u00e7\u00f5es, mais ele o complica. Fl\u00e1vio tamb\u00e9m acusou o Minist\u00e9rio P\u00fablico (MP) do Rio de investig\u00e1-lo ocultamente desde meados de 2018. Segundo o deputado, o MP se utilizou de &#8220;v\u00e1rios atos ilegais, sem a devida autoriza\u00e7\u00e3o judicial&#8221;, para investig\u00e1-lo.<\/p>\n<p>Fl\u00e1vio Bolsonaro afirmou que n\u00e3o se esconde atr\u00e1s de foro privilegiado &#8220;nenhum&#8221; e que prestar\u00e1 os &#8220;devidos esclarecimentos&#8221;. Ele afirmou tamb\u00e9m que \u00e9 contra o foro privilegiado, mas que n\u00e3o \u00e9 uma escolha dele. &#8220;N\u00e3o \u00e9 que tenho o foro, \u00e9 um questionamento. O STF \u00e9 o \u00fanico \u00f3rg\u00e3o que pode falar sobre o foro. Vou aonde tiver que ir para esclarecer qualquer coisa&#8221;, disse, sobre a reclama\u00e7\u00e3o apresentada por ele para suspender a investiga\u00e7\u00e3o sobre as movimenta\u00e7\u00f5es de Queiroz.<\/p>\n<p>&#8220;A ideia era para cumprir a obriga\u00e7\u00e3o legal. Estavam desobedecendo entendimento do STF na decis\u00e3o sobre foro competente. Est\u00e1 escrito que eles (STF) t\u00eam de analisar caso a caso qual \u00e9 a compet\u00eancia&#8221;, prosseguiu.<\/p>\n<p>O deputado estadual e senador eleito pelo PSL do Rio disse tamb\u00e9m que n\u00e3o ter a &#8220;menor d\u00favida&#8221; de que h\u00e1 um tratamento diferenciado sobre ele no Coaf. &#8220;Teve quebra de sigilo da minha movimenta\u00e7\u00e3o banc\u00e1ria&#8221;, declarou. &#8220;Por que n\u00e3o tem o mesmo tratamento com os outros assessores dos outros deputados? N\u00e3o quero privil\u00e9gio nenhum, s\u00f3 quero o mesmo tratamento&#8221;, disse.<\/p>\n<p><strong><\/p>\n<h3>Em um m\u00eas, Fl\u00e1vio Bolsonaro recebeu 48 dep\u00f3sitos suspeitos<\/h3>\n<p><\/strong><\/p>\n<p>Trecho de um relat\u00f3rio do Conselho de Controle de Atividades Financeiras (Coaf) mostra que em um m\u00eas quase 50 dep\u00f3sitos em dinheiro foram feitos numa conta do deputado estadual e senador eleito Fl\u00e1vio Bolsonaro (PSL-RJ), revelou na noite de sexta-feira o Jornal Nacional, da Rede Globo. A suspeita, segundo a reportagem, \u00e9 que funcion\u00e1rios dos gabinetes devolviam parte dos sal\u00e1rios, numa opera\u00e7\u00e3o conhecida como &#8220;rachadinha&#8221;.<\/p>\n<p>O registro, de acordo com o Jornal Nacional, traz dados sobre movimenta\u00e7\u00f5es financeiras de Fl\u00e1vio Bolsonaro entre junho e julho de 2017. No total, foram 48 dep\u00f3sitos em esp\u00e9cie na conta do senador eleito, &#8220;concentrados no autoatendimento da ag\u00eancia banc\u00e1ria que fica dentro da Assembleia Legislativa do Rio (Alerj), e sempre no mesmo valor: R$ 2 mil&#8221;.<\/p>\n<p>Segundo a reportagem, foram R$ 96 mil depositados em cinco dias. O Coaf disse \u00e0 Rede Globo que n\u00e3o foi poss\u00edvel identificar quem fez os dep\u00f3sitos. O relat\u00f3rio, segundo a reportagem, afirma que o fato de terem sido feitos de forma fracionada desperta suspeita de oculta\u00e7\u00e3o da origem do dinheiro. O documento faz parte de um relat\u00f3rio de intelig\u00eancia financeira (RIF).<\/p>\n<p>O Jornal Nacional informou que esse novo relat\u00f3rio foi pedido pelo Minist\u00e9rio P\u00fablico do Rio a partir da investiga\u00e7\u00e3o de movimenta\u00e7\u00e3o financeira at\u00edpica de assessores parlamentares da Alerj.<\/p>\n<p>Conforme a reportagem do JN, o primeiro documento tratava da movimenta\u00e7\u00e3o dos funcion\u00e1rios da Alerj. Desta vez, diz o jornal, o MP pediu ao Coaf para ampliar o levantamento. O MP pediu o novo relat\u00f3rio ao Coaf em 14 de dezembro e foi atendido no dia 17, um dia antes de Fl\u00e1vio Bolsonaro ser diplomado senador, conforme a reportagem. Portanto, segundo o MP, ele n\u00e3o tinha foro privilegiado na ocasi\u00e3o. <\/p>\n<p><strong>VER PRIMEIRO<\/strong><\/p>\n<p>Receba as not\u00edcias do Aconteceu no Vale em primeira m\u00e3o. Clique em curtir no endere\u00e7o <a href=\"https:\/\/www.facebook.com\/aconteceunovale\" target=\"_blank\"><font color=\"red\">www.facebook.com\/aconteceunovale<\/font><\/a> ou no box abaixo:<\/p>\n<div class=\"fb-like\" data-href=\"https:\/\/www.facebook.com\/aconteceunovale\" data-width=\"120\" data-layout=\"standard\" data-action=\"like\" data-size=\"small\" data-show-faces=\"true\" data-share=\"true\"><\/div>\n<p><!-- Erro, o An\u00fancio n\u00e3o est\u00e1 dispon\u00edvel neste momento devido \u00e0s restri\u00e7\u00f5es de agendamento\/geolocaliza\u00e7\u00e3o! --><br \/>\n<\/br><\/p>\n<p><em>(Fonte: Ag\u00eancia Estado)<\/em><\/p>\n","protected":false},"excerpt":{"rendered":"<p>Relat\u00f3rio do Conselho de Controle de Atividades Financeiras (Coaf) mostra que as movimenta\u00e7\u00f5es financeiras nas contas de Fabr\u00edcio Queiroz, ex-assessor do deputado estadual e senador eleito Fl\u00e1vio Bolsonaro (PSL-RJ), atingiram R$ 7 milh\u00f5es entre os anos de 2014 e 2017, segundo informa o colunista Lauro Jardim na edi\u00e7\u00e3o deste domingo do jornal O Globo. At\u00e9 [&hellip;]<\/p>\n","protected":false},"author":1,"featured_media":142447,"comment_status":"open","ping_status":"closed","sticky":false,"template":"","format":"standard","meta":{"amp_status":"","footnotes":""},"categories":[6,40240],"tags":[96519,192344,192337,192339,192336,192341,192340,192338,192335,192334,184407,77985,192343,186189,153200,192342,28511],"class_list":["post-142446","post","type-post","status-publish","format-standard","has-post-thumbnail","hentry","category-br","category-politica-2","tag-alerj","tag-assembleia-legislativa-do-rio-de-janeiro","tag-caso-corrupcao-fabricio-queiroz","tag-caso-de-ex-assessor-de-flavio-bolsonaro","tag-caso-fabricio-queiroz","tag-coaf","tag-conselho-de-controle-de-atividades-financeiras","tag-ex-assessor-de-flavio-bolsonaro","tag-fabricio-queiroz","tag-fabricio-queiroz-movimentou-r-7-milhoes-em-tres-anos","tag-flavio-bolsonaro","tag-luiz-fux","tag-movimentacao-financeira-de-queiroz","tag-operacao-furna-da-onca","tag-psl","tag-psl-rj","tag-stf"],"_links":{"self":[{"href":"https:\/\/aconteceunovale.com.br\/portal\/index.php?rest_route=\/wp\/v2\/posts\/142446","targetHints":{"allow":["GET"]}}],"collection":[{"href":"https:\/\/aconteceunovale.com.br\/portal\/index.php?rest_route=\/wp\/v2\/posts"}],"about":[{"href":"https:\/\/aconteceunovale.com.br\/portal\/index.php?rest_route=\/wp\/v2\/types\/post"}],"author":[{"embeddable":true,"href":"https:\/\/aconteceunovale.com.br\/portal\/index.php?rest_route=\/wp\/v2\/users\/1"}],"replies":[{"embeddable":true,"href":"https:\/\/aconteceunovale.com.br\/portal\/index.php?rest_route=%2Fwp%2Fv2%2Fcomments&post=142446"}],"version-history":[{"count":0,"href":"https:\/\/aconteceunovale.com.br\/portal\/index.php?rest_route=\/wp\/v2\/posts\/142446\/revisions"}],"wp:featuredmedia":[{"embeddable":true,"href":"https:\/\/aconteceunovale.com.br\/portal\/index.php?rest_route=\/wp\/v2\/media\/142447"}],"wp:attachment":[{"href":"https:\/\/aconteceunovale.com.br\/portal\/index.php?rest_route=%2Fwp%2Fv2%2Fmedia&parent=142446"}],"wp:term":[{"taxonomy":"category","embeddable":true,"href":"https:\/\/aconteceunovale.com.br\/portal\/index.php?rest_route=%2Fwp%2Fv2%2Fcategories&post=142446"},{"taxonomy":"post_tag","embeddable":true,"href":"https:\/\/aconteceunovale.com.br\/portal\/index.php?rest_route=%2Fwp%2Fv2%2Ftags&post=142446"}],"curies":[{"name":"wp","href":"https:\/\/api.w.org\/{rel}","templated":true}]}}