{"id":142439,"date":"2019-01-20T19:18:35","date_gmt":"2019-01-20T21:18:35","guid":{"rendered":"http:\/\/aconteceunovale.com.br\/portal\/?p=142439"},"modified":"2019-01-20T19:23:16","modified_gmt":"2019-01-20T21:23:16","slug":"governador-de-minas-gerais-promete-anunciar-plano-para-pagar-decimo-terceiro","status":"publish","type":"post","link":"https:\/\/aconteceunovale.com.br\/portal\/?p=142439","title":{"rendered":"Governador de Minas Gerais promete anunciar plano para pagar 13\u00ba sal\u00e1rio dos servidores"},"content":{"rendered":"<p>Pressionado pela complicada situa\u00e7\u00e3o dos cofres do Estado, o governador de Minas Gerais, Romeu Zema (Novo), disse que at\u00e9 a pr\u00f3xima sexta-feira ir\u00e1 divulgar um plano de como pretende pagar o d\u00e9cimo terceiro dos servidores ativos e inativos. A declara\u00e7\u00e3o foi feita nas redes sociais do chefe do Executivo mineiro neste domingo (20). O n\u00e3o pagamento do 13\u00ba sal\u00e1rio dos servidores \u00e9 uma heran\u00e7a do ex-governador Fernando Pimentel (PT).<\/p>\n<p>&#8220;Eu e minha equipe estamos dando o melhor para que a cada dia a gente possa ir resolvendo os problemas nesse momento de extremo caos financeiro do nosso estado. Fazendo um governo diferente, vamos ter uma Minas eficiente&#8221;, afirmou Zema.<\/p>\n<p>Bastante esperada pelo funcionalismo p\u00fablico, a not\u00edcia chega 18 dias depois de Zema informar, em entrevista ao programa Bom Dia Minas, da Rede Globo, em 2 de janeiro, primeiro dia \u00fatil de sua gest\u00e3o, que o d\u00e9cimo terceiro n\u00e3o seria pago &#8220;t\u00e3o cedo&#8221;.<\/p>\n<p><center><br \/>\n<!-- Erro, o An\u00fancio n\u00e3o est\u00e1 dispon\u00edvel neste momento devido \u00e0s restri\u00e7\u00f5es de agendamento\/geolocaliza\u00e7\u00e3o! --><br \/>\n<\/br><br \/>\n<\/center><\/p>\n<p>&#8220;Com certeza esse d\u00e9cimo terceiro n\u00e3o ser\u00e1 pago t\u00e3o cedo. N\u00e3o que n\u00f3s n\u00e3o gostar\u00edamos de fazer isso, mas por impossibilidade. N\u00e3o \u00e9 uma decis\u00e3o f\u00e1cil, lamento muito&#8221;, disse o governador \u00e0 \u00e9poca. &#8220;Com o tempo, com muito trabalho, vamos regularizar isso&#8221;, acrescentou.<\/p>\n<p><strong>Bolsonaro<\/strong><\/p>\n<p>No v\u00eddeo postado nas redes sociais, Romeu Zema lembrou que se reuniu com o presidente Jair Bolsonaro, em Bras\u00edlia, na \u00faltima quarta-feira (16). Segundo Zema, Bolsonaro &#8220;dever\u00e1 vir aqui (em Minas gerais) brevemente&#8221;. Acompanhado do vice-governador Paulo Brant (Novo), o governador mineiro tamb\u00e9m se encontou com o ministro da Economia, Paulo Guedes. Entre os assuntos tratados, a duplica\u00e7\u00e3o da BR-381 e a renegocia\u00e7\u00e3o da d\u00edvida do Estado com a Uni\u00e3o. At\u00e9 dezembro de 2018, o valor chegava a R$ 88 bilh\u00f5es.<\/p>\n<p><iframe loading=\"lazy\" src=\"https:\/\/www.facebook.com\/plugins\/video.php?href=https%3A%2F%2Fwww.facebook.com%2FRomeuZemaOficial%2Fvideos%2F2313094992055985%2F&#038;show_text=0&#038;width=560\" width=\"560\" height=\"317\" style=\"border:none;overflow:hidden\" scrolling=\"no\" frameborder=\"0\" allowTransparency=\"true\" allowFullScreen=\"true\"><\/iframe><br \/>\n<\/br><\/p>\n<p><strong>VER PRIMEIRO<\/strong><\/p>\n<p>Receba as not\u00edcias do Aconteceu no Vale em primeira m\u00e3o. Clique em curtir no endere\u00e7o <a href=\"https:\/\/www.facebook.com\/aconteceunovale\" target=\"_blank\"><font color=\"red\">www.facebook.com\/aconteceunovale<\/font><\/a> ou no box abaixo:<\/p>\n<div class=\"fb-like\" data-href=\"https:\/\/www.facebook.com\/aconteceunovale\" data-width=\"120\" data-layout=\"standard\" data-action=\"like\" data-size=\"small\" data-show-faces=\"true\" data-share=\"true\"><\/div>\n<p><!-- Erro, o An\u00fancio n\u00e3o est\u00e1 dispon\u00edvel neste momento devido \u00e0s restri\u00e7\u00f5es de agendamento\/geolocaliza\u00e7\u00e3o! --><br \/>\n<\/br><\/p>\n<p><em>(Fonte: O Tempo)<\/em><\/p>\n","protected":false},"excerpt":{"rendered":"<p>Pressionado pela complicada situa\u00e7\u00e3o dos cofres do Estado, o governador de Minas Gerais, Romeu Zema (Novo), disse que at\u00e9 a pr\u00f3xima sexta-feira ir\u00e1 divulgar um plano de como pretende pagar o d\u00e9cimo terceiro dos servidores ativos e inativos. A declara\u00e7\u00e3o foi feita nas redes sociais do chefe do Executivo mineiro neste domingo (20). O n\u00e3o [&hellip;]<\/p>\n","protected":false},"author":1,"featured_media":142440,"comment_status":"open","ping_status":"closed","sticky":false,"template":"","format":"standard","meta":{"amp_status":"","footnotes":""},"categories":[123],"tags":[12826,17334,192333,192330,177497,192329,758,178207,192332,192331],"class_list":["post-142439","post","type-post","status-publish","format-standard","has-post-thumbnail","hentry","category-gerais","tag-fernando-pimentel","tag-governador-de-minas-gerais","tag-governador-de-minas-gerais-promete-anunciar-plano-para-pagar-13o-salario-dos-servidores","tag-governador-de-minas-gerais-promete-anunciar-plano-para-pagar-decimo-terceiro","tag-novo","tag-pagamento-do-13o-salario-dos-servidores-de-minas-gerais","tag-pt","tag-romeu-zema","tag-romeu-zema-promete-anunciar-plano-para-pagar-decimo-terceiro","tag-zema-promete-anunciar-plano-para-pagar-decimo-terceiro"],"_links":{"self":[{"href":"https:\/\/aconteceunovale.com.br\/portal\/index.php?rest_route=\/wp\/v2\/posts\/142439","targetHints":{"allow":["GET"]}}],"collection":[{"href":"https:\/\/aconteceunovale.com.br\/portal\/index.php?rest_route=\/wp\/v2\/posts"}],"about":[{"href":"https:\/\/aconteceunovale.com.br\/portal\/index.php?rest_route=\/wp\/v2\/types\/post"}],"author":[{"embeddable":true,"href":"https:\/\/aconteceunovale.com.br\/portal\/index.php?rest_route=\/wp\/v2\/users\/1"}],"replies":[{"embeddable":true,"href":"https:\/\/aconteceunovale.com.br\/portal\/index.php?rest_route=%2Fwp%2Fv2%2Fcomments&post=142439"}],"version-history":[{"count":0,"href":"https:\/\/aconteceunovale.com.br\/portal\/index.php?rest_route=\/wp\/v2\/posts\/142439\/revisions"}],"wp:featuredmedia":[{"embeddable":true,"href":"https:\/\/aconteceunovale.com.br\/portal\/index.php?rest_route=\/wp\/v2\/media\/142440"}],"wp:attachment":[{"href":"https:\/\/aconteceunovale.com.br\/portal\/index.php?rest_route=%2Fwp%2Fv2%2Fmedia&parent=142439"}],"wp:term":[{"taxonomy":"category","embeddable":true,"href":"https:\/\/aconteceunovale.com.br\/portal\/index.php?rest_route=%2Fwp%2Fv2%2Fcategories&post=142439"},{"taxonomy":"post_tag","embeddable":true,"href":"https:\/\/aconteceunovale.com.br\/portal\/index.php?rest_route=%2Fwp%2Fv2%2Ftags&post=142439"}],"curies":[{"name":"wp","href":"https:\/\/api.w.org\/{rel}","templated":true}]}}