{"id":142430,"date":"2019-01-20T18:22:23","date_gmt":"2019-01-20T20:22:23","guid":{"rendered":"http:\/\/aconteceunovale.com.br\/portal\/?p=142430"},"modified":"2019-01-20T18:22:23","modified_gmt":"2019-01-20T20:22:23","slug":"estudante-de-governador-valadares-se-destaca-na-redacao-do-enem","status":"publish","type":"post","link":"https:\/\/aconteceunovale.com.br\/portal\/?p=142430","title":{"rendered":"Estudante de Governador Valadares se destaca na reda\u00e7\u00e3o do Enem"},"content":{"rendered":"<p>Sexta-feira (18) foi um dia de comemora\u00e7\u00e3o para muitos estudantes mineiros, em especial para aqueles que conseguiram notas acima de 900 pontos na reda\u00e7\u00e3o do Enem (Exame Nacional do Ensino M\u00e9dio). A alta pontua\u00e7\u00e3o pode ser comparada a um pr\u00eamio de loteria, mas n\u00e3o se trata de sorte e sim de muito estudo, disciplina e for\u00e7a de vontade. \u00c9 com essa persist\u00eancia que a estudante Vanessa Chagas, de 17 anos, moradora de Governador Valadares, alcan\u00e7ou a nota de 960 pontos no temido texto dissertativo-argumentativo.<\/p>\n<p><center><br \/>\n<!-- Erro, o An\u00fancio n\u00e3o est\u00e1 dispon\u00edvel neste momento devido \u00e0s restri\u00e7\u00f5es de agendamento\/geolocaliza\u00e7\u00e3o! --><br \/>\n<\/br><br \/>\n<\/center><\/p>\n<p>A jovem conta que seu sonho \u00e9 se formar em Fisioterapia e que para se sair bem na reda\u00e7\u00e3o precisou se abdicar de v\u00e1rias atividades preferidas como assistir s\u00e9ries e ler livros. \u201cPassei ent\u00e3o a ver mais as not\u00edcias para ficar atualizada e tamb\u00e9m comecei a fazer reda\u00e7\u00e3o uma vez por semana, sempre nas noites de quarta-feira\u201d. Vanessa ainda explica que o tema da reda\u00e7\u00e3o foi uma surpresa: \u201cTodos achavam que o tema seria de cunho social, mas foi uma surpresa, por\u00e9m eu sabia sobre o assunto\u201d, conta entusiasmada.<\/p>\n<p>Adriana Correia, Diretora do Col\u00e9gio Imaculada Concei\u00e7\u00e3o, institui\u00e7\u00e3o que Vanessa se formou no Ensino M\u00e9dio, ressalta que por l\u00e1 a alegria pela nota da jovem \u00e9 grande. \u201cVanessa \u00e9 uma aluna exemplar. Ela est\u00e1 sempre muito antenada \u00e0s situa\u00e7\u00f5es e ama Sociologia, Filosofia, Literatura, e assim, coloca as ideias no papel com um vocabul\u00e1rio riqu\u00edssimo\u201d. <\/p>\n<p><img decoding=\"async\" src=\"http:\/\/aconteceunovale.com.br\/portal\/wp-content\/uploads\/2019\/01\/vanessa_gv_enem_2.jpg\" alt=\"\" \/><em>Vanessa Chagas, de 17 anos &#8211; Foto: Divulga\u00e7\u00e3o<\/em><br \/>\n<\/br><\/p>\n<p><strong>VER PRIMEIRO<\/strong><\/p>\n<p>Receba as not\u00edcias do Aconteceu no Vale em primeira m\u00e3o. Clique em curtir no endere\u00e7o <a href=\"https:\/\/www.facebook.com\/aconteceunovale\" target=\"_blank\"><font color=\"red\">www.facebook.com\/aconteceunovale<\/font><\/a> ou no box abaixo:<\/p>\n<div class=\"fb-like\" data-href=\"https:\/\/www.facebook.com\/aconteceunovale\" data-width=\"120\" data-layout=\"standard\" data-action=\"like\" data-size=\"small\" data-show-faces=\"true\" data-share=\"true\"><\/div>\n<p><!-- Erro, o An\u00fancio n\u00e3o est\u00e1 dispon\u00edvel neste momento devido \u00e0s restri\u00e7\u00f5es de agendamento\/geolocaliza\u00e7\u00e3o! --><br \/>\n<\/br><\/p>\n","protected":false},"excerpt":{"rendered":"<p>Sexta-feira (18) foi um dia de comemora\u00e7\u00e3o para muitos estudantes mineiros, em especial para aqueles que conseguiram notas acima de 900 pontos na reda\u00e7\u00e3o do Enem (Exame Nacional do Ensino M\u00e9dio). A alta pontua\u00e7\u00e3o pode ser comparada a um pr\u00eamio de loteria, mas n\u00e3o se trata de sorte e sim de muito estudo, disciplina e [&hellip;]<\/p>\n","protected":false},"author":1,"featured_media":142432,"comment_status":"open","ping_status":"closed","sticky":false,"template":"","format":"standard","meta":{"amp_status":"","footnotes":""},"categories":[40238,121],"tags":[192319,192321,192320,524,192322,19776,247,192317,192316,44565,192315,192318],"class_list":["post-142430","post","type-post","status-publish","format-standard","has-post-thumbnail","hentry","category-educacao-2","category-leste","tag-adriana-correia","tag-colegio-imaculada-conceicao","tag-diretora-do-colegio-imaculada-conceicao","tag-enem","tag-estudante-de-governador-valadares-se-destaca-na-redacao-do-enem","tag-exame-nacional-do-ensino-medio","tag-governador-valadares","tag-nota-alta-na-redacao-do-enem","tag-nota-alta-na-redacao-do-exame-nacional-do-ensino-medio","tag-redacao-do-enem","tag-redacao-do-exame-nacional-do-ensino-medio","tag-vanessa-chagas"],"_links":{"self":[{"href":"https:\/\/aconteceunovale.com.br\/portal\/index.php?rest_route=\/wp\/v2\/posts\/142430","targetHints":{"allow":["GET"]}}],"collection":[{"href":"https:\/\/aconteceunovale.com.br\/portal\/index.php?rest_route=\/wp\/v2\/posts"}],"about":[{"href":"https:\/\/aconteceunovale.com.br\/portal\/index.php?rest_route=\/wp\/v2\/types\/post"}],"author":[{"embeddable":true,"href":"https:\/\/aconteceunovale.com.br\/portal\/index.php?rest_route=\/wp\/v2\/users\/1"}],"replies":[{"embeddable":true,"href":"https:\/\/aconteceunovale.com.br\/portal\/index.php?rest_route=%2Fwp%2Fv2%2Fcomments&post=142430"}],"version-history":[{"count":0,"href":"https:\/\/aconteceunovale.com.br\/portal\/index.php?rest_route=\/wp\/v2\/posts\/142430\/revisions"}],"wp:featuredmedia":[{"embeddable":true,"href":"https:\/\/aconteceunovale.com.br\/portal\/index.php?rest_route=\/wp\/v2\/media\/142432"}],"wp:attachment":[{"href":"https:\/\/aconteceunovale.com.br\/portal\/index.php?rest_route=%2Fwp%2Fv2%2Fmedia&parent=142430"}],"wp:term":[{"taxonomy":"category","embeddable":true,"href":"https:\/\/aconteceunovale.com.br\/portal\/index.php?rest_route=%2Fwp%2Fv2%2Fcategories&post=142430"},{"taxonomy":"post_tag","embeddable":true,"href":"https:\/\/aconteceunovale.com.br\/portal\/index.php?rest_route=%2Fwp%2Fv2%2Ftags&post=142430"}],"curies":[{"name":"wp","href":"https:\/\/api.w.org\/{rel}","templated":true}]}}