{"id":142427,"date":"2019-01-20T18:17:41","date_gmt":"2019-01-20T20:17:41","guid":{"rendered":"http:\/\/aconteceunovale.com.br\/portal\/?p=142427"},"modified":"2019-01-20T18:17:41","modified_gmt":"2019-01-20T20:17:41","slug":"prefeitura-de-diamantina-tera-novo-horario-de-funcionamento-a-partir-desta-segunda-feira","status":"publish","type":"post","link":"https:\/\/aconteceunovale.com.br\/portal\/?p=142427","title":{"rendered":"Prefeitura de Diamantina ter\u00e1 novo hor\u00e1rio de funcionamento a partir desta segunda-feira"},"content":{"rendered":"<p>A partir desta segunda-feira, dia 21 de janeiro de 2019, a Prefeitura Municipal de Diamantina\/MG passa a funcionar em novo hor\u00e1rio. O expediente das reparti\u00e7\u00f5es p\u00fablicas administrativas ser\u00e1 readequado para o per\u00edodo de 08 \u00e0s 18 horas para os servidores p\u00fablicos dos setores administrativos (com intervalo de duas horas para almo\u00e7o) e de 09 \u00e0s 17 horas com o atendimento ao p\u00fablico em turno \u00fanico.<\/p>\n<p><center><br \/>\n<!-- Erro, o An\u00fancio n\u00e3o est\u00e1 dispon\u00edvel neste momento devido \u00e0s restri\u00e7\u00f5es de agendamento\/geolocaliza\u00e7\u00e3o! --><br \/>\n<\/br><br \/>\n<\/center><\/p>\n<p>Por determina\u00e7\u00e3o do Prefeito Juscelino Brasiliano Roque, no per\u00edodo de 09 \u00e0s 17 horas todas as reparti\u00e7\u00f5es estar\u00e3o funcionando normalmente para atender \u00e0 popula\u00e7\u00e3o, ficando a crit\u00e9rio de cada Secretaria Municipal determinar a escala dos servidores para o hor\u00e1rio de almo\u00e7o, de maneira que sempre haver\u00e1 funcion\u00e1rios nos setores dispon\u00edveis para atendimento \u00e0 comunidade.<\/p>\n<p>O atendimento das Unidades B\u00e1sicas de Sa\u00fade, escolas e creches mantidas pela Prefeitura, unidades que executam servi\u00e7os essenciais (ou em hor\u00e1rios especiais), servi\u00e7os de vigil\u00e2ncia patrimonial e da Guarda Civil Municipal n\u00e3o sofrer\u00e3o altera\u00e7\u00e3o, assim como a coleta de lixo. A entrada de cada setor da administra\u00e7\u00e3o contar\u00e1 com uma placa informativa com o novo hor\u00e1rio de atendimento.<\/p>\n<p><strong>VER PRIMEIRO<\/strong><\/p>\n<p>Receba as not\u00edcias do Aconteceu no Vale em primeira m\u00e3o. Clique em curtir no endere\u00e7o <a href=\"https:\/\/www.facebook.com\/aconteceunovale\" target=\"_blank\"><font color=\"red\">www.facebook.com\/aconteceunovale<\/font><\/a> ou no box abaixo:<\/p>\n<div class=\"fb-like\" data-href=\"https:\/\/www.facebook.com\/aconteceunovale\" data-width=\"120\" data-layout=\"standard\" data-action=\"like\" data-size=\"small\" data-show-faces=\"true\" data-share=\"true\"><\/div>\n<p><!-- Erro, o An\u00fancio n\u00e3o est\u00e1 dispon\u00edvel neste momento devido \u00e0s restri\u00e7\u00f5es de agendamento\/geolocaliza\u00e7\u00e3o! --><br \/>\n<\/br><\/p>\n","protected":false},"excerpt":{"rendered":"<p>A partir desta segunda-feira, dia 21 de janeiro de 2019, a Prefeitura Municipal de Diamantina\/MG passa a funcionar em novo hor\u00e1rio. O expediente das reparti\u00e7\u00f5es p\u00fablicas administrativas ser\u00e1 readequado para o per\u00edodo de 08 \u00e0s 18 horas para os servidores p\u00fablicos dos setores administrativos (com intervalo de duas horas para almo\u00e7o) e de 09 \u00e0s [&hellip;]<\/p>\n","protected":false},"author":1,"featured_media":142428,"comment_status":"open","ping_status":"closed","sticky":false,"template":"","format":"standard","meta":{"amp_status":"","footnotes":""},"categories":[120],"tags":[198,192314,31299,192313],"class_list":["post-142427","post","type-post","status-publish","format-standard","has-post-thumbnail","hentry","category-jequi","tag-diamantina","tag-horario-de-funcionamento-da-prefeitura-de-diamantina","tag-prefeitura-de-diamantina","tag-prefeitura-de-diamantina-tera-novo-horario-de-funcionamento-a-partir-desta-segunda-feira"],"_links":{"self":[{"href":"https:\/\/aconteceunovale.com.br\/portal\/index.php?rest_route=\/wp\/v2\/posts\/142427","targetHints":{"allow":["GET"]}}],"collection":[{"href":"https:\/\/aconteceunovale.com.br\/portal\/index.php?rest_route=\/wp\/v2\/posts"}],"about":[{"href":"https:\/\/aconteceunovale.com.br\/portal\/index.php?rest_route=\/wp\/v2\/types\/post"}],"author":[{"embeddable":true,"href":"https:\/\/aconteceunovale.com.br\/portal\/index.php?rest_route=\/wp\/v2\/users\/1"}],"replies":[{"embeddable":true,"href":"https:\/\/aconteceunovale.com.br\/portal\/index.php?rest_route=%2Fwp%2Fv2%2Fcomments&post=142427"}],"version-history":[{"count":0,"href":"https:\/\/aconteceunovale.com.br\/portal\/index.php?rest_route=\/wp\/v2\/posts\/142427\/revisions"}],"wp:featuredmedia":[{"embeddable":true,"href":"https:\/\/aconteceunovale.com.br\/portal\/index.php?rest_route=\/wp\/v2\/media\/142428"}],"wp:attachment":[{"href":"https:\/\/aconteceunovale.com.br\/portal\/index.php?rest_route=%2Fwp%2Fv2%2Fmedia&parent=142427"}],"wp:term":[{"taxonomy":"category","embeddable":true,"href":"https:\/\/aconteceunovale.com.br\/portal\/index.php?rest_route=%2Fwp%2Fv2%2Fcategories&post=142427"},{"taxonomy":"post_tag","embeddable":true,"href":"https:\/\/aconteceunovale.com.br\/portal\/index.php?rest_route=%2Fwp%2Fv2%2Ftags&post=142427"}],"curies":[{"name":"wp","href":"https:\/\/api.w.org\/{rel}","templated":true}]}}