{"id":142402,"date":"2019-01-20T11:26:25","date_gmt":"2019-01-20T13:26:25","guid":{"rendered":"http:\/\/aconteceunovale.com.br\/portal\/?p=142402"},"modified":"2019-01-20T21:02:33","modified_gmt":"2019-01-20T23:02:33","slug":"morre-dr-geraldo-coelho-medico-e-ex-prefeito-de-minas-novas","status":"publish","type":"post","link":"https:\/\/aconteceunovale.com.br\/portal\/?p=142402","title":{"rendered":"Morre Dr. Geraldo Coelho, m\u00e9dico e ex-prefeito de Minas Novas"},"content":{"rendered":"<p>Faleceu aos 81 anos, por volta das 15h de s\u00e1bado (19\/01\/2019), o m\u00e9dico Geraldo Coelho de Jesus, o popular Dr. Geraldo Coelho. Ele foi atropelado por uma carreta, ao tentar atravessar a BR-040, no Trevo de Curvelo, pr\u00f3ximo \u00e0 Churrascaria Beira-Rio, na regi\u00e3o Central de Minas Gerais. O vel\u00f3rio acontece na cidade de Minas Novas e o sepultamento est\u00e1 previsto para 15 horas deste domingo, no Cemit\u00e9rio Municipal.<\/p>\n<p><center><br \/>\n<!-- Erro, o An\u00fancio n\u00e3o est\u00e1 dispon\u00edvel neste momento devido \u00e0s restri\u00e7\u00f5es de agendamento\/geolocaliza\u00e7\u00e3o! --><br \/>\n<\/br><br \/>\n<\/center><\/p>\n<p>Dr. Geraldo Coelho deixou a esposa D\u00e9ia Alvez Coelho, quatro filhos (Fl\u00e1vio, Beatriz, Jo\u00e3o e Domingas), sendo dois adotivos, e uma legi\u00e3o de amigos que admirava sua sinceridade, dedica\u00e7\u00e3o e compromisso com o ser humano. Ele foi prefeito de Minas Novas por dois mandatos, nos per\u00edodos de 1988 a 1992 e 1997 a 2000.<\/p>\n<p>Formou-se em medicina, em dezembro de 1966, em Belo Horizonte. Inicialmente, trabalhou em Diamantina. Em 1968, mudou-se para Minas Novas, sua cidade natal, onde montou seu consult\u00f3rio de cl\u00ednica geral. Na \u00e9poca, era um dos poucos m\u00e9dicos da regi\u00e3o. Visitava a zona rural, fazia consultas gratuitamente e se preocupava com a infesta\u00e7\u00e3o do barbeiro, transmissor da Doen\u00e7a de Chagas, que matava muita gente.<\/p>\n<p>De uma sinceridade que assustava alguns que preferiam se enganar, honesto, humano, muito estudioso, cr\u00edtico e observador atento \u00e0 realidade local, fazia diagn\u00f3sticos precisos, seja individual, seja de orienta\u00e7\u00e3o coletiva e preventiva de combate \u00e0s causas das doen\u00e7as.<\/p>\n<p>Foi a mesma pessoa simples, sens\u00edvel, sincera, alegre, no seu trabalho como m\u00e9dico e gestor p\u00fablico municipal.<\/p>\n<p>Foi Superintendente Regional de Sa\u00fade de Diamantina, membro da Associa\u00e7\u00e3o Mineira dos Munic\u00edpios (AMM), presidente da Associa\u00e7\u00e3o dos Munic\u00edpios da Microrregi\u00e3o do Alto Jequitinhonha (AMAJE) e do Movimento Democr\u00e1tico Brasileiro (MDB) de Minas Novas.<\/p>\n<p><img decoding=\"async\" src=\"http:\/\/aconteceunovale.com.br\/portal\/wp-content\/uploads\/2019\/01\/geraldo_coelho.jpg\" alt=\"\" \/><em>Felipe Mota, ex-prefeito e atual vice-prefeito; Geraldo Coelho, ex-prefeito; e A\u00e9cio Guedes, atual prefeito de Minas Novas, em recente evento pol\u00edtico na comunidade de Capoeirinha, zona rural do munic\u00edpio \u2013 Foto: Divulga\u00e7\u00e3o<\/em><br \/>\n<\/br><\/p>\n<p><strong>VER PRIMEIRO<\/strong><\/p>\n<p>Receba as not\u00edcias do Aconteceu no Vale em primeira m\u00e3o. Clique em curtir no endere\u00e7o <a href=\"https:\/\/www.facebook.com\/aconteceunovale\" target=\"_blank\"><font color=\"red\">www.facebook.com\/aconteceunovale<\/font><\/a> ou no box abaixo:<\/p>\n<div class=\"fb-like\" data-href=\"https:\/\/www.facebook.com\/aconteceunovale\" data-width=\"120\" data-layout=\"standard\" data-action=\"like\" data-size=\"small\" data-show-faces=\"true\" data-share=\"true\"><\/div>\n<p><!-- Erro, o An\u00fancio n\u00e3o est\u00e1 dispon\u00edvel neste momento devido \u00e0s restri\u00e7\u00f5es de agendamento\/geolocaliza\u00e7\u00e3o! --><br \/>\n<\/br><\/p>\n<p><em>(Com informa\u00e7\u00f5es do Blog do Banu)<\/em><\/p>\n","protected":false},"excerpt":{"rendered":"<p>Faleceu aos 81 anos, por volta das 15h de s\u00e1bado (19\/01\/2019), o m\u00e9dico Geraldo Coelho de Jesus, o popular Dr. Geraldo Coelho. Ele foi atropelado por uma carreta, ao tentar atravessar a BR-040, no Trevo de Curvelo, pr\u00f3ximo \u00e0 Churrascaria Beira-Rio, na regi\u00e3o Central de Minas Gerais. O vel\u00f3rio acontece na cidade de Minas Novas [&hellip;]<\/p>\n","protected":false},"author":1,"featured_media":142404,"comment_status":"open","ping_status":"closed","sticky":false,"template":"","format":"standard","meta":{"amp_status":"","footnotes":""},"categories":[123,120],"tags":[192273,14990,192271,197,192268,192272,192267,192274,137,192269,192275,192270],"class_list":["post-142402","post","type-post","status-publish","format-standard","has-post-thumbnail","hentry","category-gerais","category-jequi","tag-acidente-dr-geraldo-coelho","tag-br-040","tag-causa-da-morte-de-dr-geraldo-coelho","tag-curvelo","tag-dr-geraldo-coelho","tag-ex-prefeito-de-minas-novas","tag-geraldo-coelho-de-jesus","tag-medico-e-ex-prefeito-de-minas-novas","tag-minas-novas","tag-morre-dr-geraldo-coelho","tag-morre-dr-geraldo-coelho-medico-e-ex-prefeito-de-minas-novas","tag-morte-de-dr-geraldo-coelho"],"_links":{"self":[{"href":"https:\/\/aconteceunovale.com.br\/portal\/index.php?rest_route=\/wp\/v2\/posts\/142402","targetHints":{"allow":["GET"]}}],"collection":[{"href":"https:\/\/aconteceunovale.com.br\/portal\/index.php?rest_route=\/wp\/v2\/posts"}],"about":[{"href":"https:\/\/aconteceunovale.com.br\/portal\/index.php?rest_route=\/wp\/v2\/types\/post"}],"author":[{"embeddable":true,"href":"https:\/\/aconteceunovale.com.br\/portal\/index.php?rest_route=\/wp\/v2\/users\/1"}],"replies":[{"embeddable":true,"href":"https:\/\/aconteceunovale.com.br\/portal\/index.php?rest_route=%2Fwp%2Fv2%2Fcomments&post=142402"}],"version-history":[{"count":0,"href":"https:\/\/aconteceunovale.com.br\/portal\/index.php?rest_route=\/wp\/v2\/posts\/142402\/revisions"}],"wp:featuredmedia":[{"embeddable":true,"href":"https:\/\/aconteceunovale.com.br\/portal\/index.php?rest_route=\/wp\/v2\/media\/142404"}],"wp:attachment":[{"href":"https:\/\/aconteceunovale.com.br\/portal\/index.php?rest_route=%2Fwp%2Fv2%2Fmedia&parent=142402"}],"wp:term":[{"taxonomy":"category","embeddable":true,"href":"https:\/\/aconteceunovale.com.br\/portal\/index.php?rest_route=%2Fwp%2Fv2%2Fcategories&post=142402"},{"taxonomy":"post_tag","embeddable":true,"href":"https:\/\/aconteceunovale.com.br\/portal\/index.php?rest_route=%2Fwp%2Fv2%2Ftags&post=142402"}],"curies":[{"name":"wp","href":"https:\/\/api.w.org\/{rel}","templated":true}]}}