{"id":142399,"date":"2019-01-19T16:51:08","date_gmt":"2019-01-19T18:51:08","guid":{"rendered":"http:\/\/aconteceunovale.com.br\/portal\/?p=142399"},"modified":"2019-01-19T16:51:08","modified_gmt":"2019-01-19T18:51:08","slug":"suspeito-de-roubo-fica-preso-em-rede-de-esgoto-em-governador-valadares","status":"publish","type":"post","link":"https:\/\/aconteceunovale.com.br\/portal\/?p=142399","title":{"rendered":"Suspeito de roubo fica preso em rede de esgoto em Governador Valadares"},"content":{"rendered":"<p>Um homem suspeito de ter assaltado uma loja no Bairro Morada do Vale, em Governador Valadares, ficou preso dentro de uma manilha da rede de esgoto durante tentativa de fuga na noite dessa sexta-feira (18\/1\/2019). O resgate durou aproximadamente cinco horas.<\/p>\n<p><center><br \/>\n<!-- Erro, o An\u00fancio n\u00e3o est\u00e1 dispon\u00edvel neste momento devido \u00e0s restri\u00e7\u00f5es de agendamento\/geolocaliza\u00e7\u00e3o! --><br \/>\n<\/br><br \/>\n<\/center><\/p>\n<p>Segundo informa\u00e7\u00f5es do Corpo de Bombeiros, o suspeito estava fugindo da Pol\u00edcia Militar ap\u00f3s cometer o roubo junto a um comparsa. Durante a fuga, a pol\u00edcia conseguiu alcan\u00e7ar o comparsa, mas o homem fugiu e entrou na galeria da rede de esgoto, rastejou at\u00e9 certo ponto do canal e acabou ficando entalado em uma manilha.<\/p>\n<p>Sem conseguir sair, o suspeito precisou pedir ajuda. Segundo os bombeiros, o local n\u00e3o havia ventila\u00e7\u00e3o adequada, sendo necess\u00e1rio o uso de um exaustor para ventilar o espa\u00e7o durante o socorro. Os militares precisaram fazer buracos no canteiro central para localizar em que ponto do canal o suspeito ficou preso.<\/p>\n<p>Assim que retirado do local, o homem foi levado para a delegacia de Governador Valadares. Nenhum material foi apreendido com os dois suspeitos do assalto a loja e a pol\u00edcia n\u00e3o detalhou o que teria sido levado do com\u00e9rcio.<\/p>\n<p><img decoding=\"async\" src=\"http:\/\/aconteceunovale.com.br\/portal\/wp-content\/uploads\/2019\/01\/assaltante_preso_buraco2.jpg\" alt=\"\" \/><em>Foto: Corpo de Bombeiros\/Divulga\u00e7\u00e3o<\/em><br \/>\n<\/br><\/p>\n<p><strong>VER PRIMEIRO<\/strong><\/p>\n<p>Receba as not\u00edcias do Aconteceu no Vale em primeira m\u00e3o. Clique em curtir no endere\u00e7o <a href=\"https:\/\/www.facebook.com\/aconteceunovale\" target=\"_blank\"><font color=\"red\">www.facebook.com\/aconteceunovale<\/font><\/a> ou no box abaixo:<\/p>\n<div class=\"fb-like\" data-href=\"https:\/\/www.facebook.com\/aconteceunovale\" data-width=\"120\" data-layout=\"standard\" data-action=\"like\" data-size=\"small\" data-show-faces=\"true\" data-share=\"true\"><\/div>\n<p><!-- Erro, o An\u00fancio n\u00e3o est\u00e1 dispon\u00edvel neste momento devido \u00e0s restri\u00e7\u00f5es de agendamento\/geolocaliza\u00e7\u00e3o! --><br \/>\n<\/br><\/p>\n<p><em>(Fonte: G1 Vales)<\/em><\/p>\n","protected":false},"excerpt":{"rendered":"<p>Um homem suspeito de ter assaltado uma loja no Bairro Morada do Vale, em Governador Valadares, ficou preso dentro de uma manilha da rede de esgoto durante tentativa de fuga na noite dessa sexta-feira (18\/1\/2019). O resgate durou aproximadamente cinco horas. Segundo informa\u00e7\u00f5es do Corpo de Bombeiros, o suspeito estava fugindo da Pol\u00edcia Militar ap\u00f3s [&hellip;]<\/p>\n","protected":false},"author":1,"featured_media":142400,"comment_status":"open","ping_status":"closed","sticky":false,"template":"","format":"standard","meta":{"amp_status":"","footnotes":""},"categories":[121],"tags":[133386,82075,247,133385,192263,173337,192264,192265,192262,82076,192266],"class_list":["post-142399","post","type-post","status-publish","format-standard","has-post-thumbnail","hentry","category-leste","tag-assaltante-preso-em-governador-valadares","tag-assalto-governador-valadares","tag-governador-valadares","tag-ladrao-preso-em-governador-valadares","tag-preso-por-assalto-em-governador-valadares","tag-preso-por-roubo-em-governador-valadares","tag-prisao-de-assaltante-em-governador-valadares","tag-prisao-de-ladrao-em-governador-valadares","tag-roubo-comercio-governador-valadares","tag-roubo-governador-valadares","tag-suspeito-de-roubo-fica-preso-em-rede-de-esgoto-em-governador-valadares"],"_links":{"self":[{"href":"https:\/\/aconteceunovale.com.br\/portal\/index.php?rest_route=\/wp\/v2\/posts\/142399","targetHints":{"allow":["GET"]}}],"collection":[{"href":"https:\/\/aconteceunovale.com.br\/portal\/index.php?rest_route=\/wp\/v2\/posts"}],"about":[{"href":"https:\/\/aconteceunovale.com.br\/portal\/index.php?rest_route=\/wp\/v2\/types\/post"}],"author":[{"embeddable":true,"href":"https:\/\/aconteceunovale.com.br\/portal\/index.php?rest_route=\/wp\/v2\/users\/1"}],"replies":[{"embeddable":true,"href":"https:\/\/aconteceunovale.com.br\/portal\/index.php?rest_route=%2Fwp%2Fv2%2Fcomments&post=142399"}],"version-history":[{"count":0,"href":"https:\/\/aconteceunovale.com.br\/portal\/index.php?rest_route=\/wp\/v2\/posts\/142399\/revisions"}],"wp:featuredmedia":[{"embeddable":true,"href":"https:\/\/aconteceunovale.com.br\/portal\/index.php?rest_route=\/wp\/v2\/media\/142400"}],"wp:attachment":[{"href":"https:\/\/aconteceunovale.com.br\/portal\/index.php?rest_route=%2Fwp%2Fv2%2Fmedia&parent=142399"}],"wp:term":[{"taxonomy":"category","embeddable":true,"href":"https:\/\/aconteceunovale.com.br\/portal\/index.php?rest_route=%2Fwp%2Fv2%2Fcategories&post=142399"},{"taxonomy":"post_tag","embeddable":true,"href":"https:\/\/aconteceunovale.com.br\/portal\/index.php?rest_route=%2Fwp%2Fv2%2Ftags&post=142399"}],"curies":[{"name":"wp","href":"https:\/\/api.w.org\/{rel}","templated":true}]}}