{"id":142393,"date":"2019-01-19T16:19:27","date_gmt":"2019-01-19T18:19:27","guid":{"rendered":"http:\/\/aconteceunovale.com.br\/portal\/?p=142393"},"modified":"2019-01-19T16:19:27","modified_gmt":"2019-01-19T18:19:27","slug":"fundador-da-banda-o-rappa-morre-aos-53-anos","status":"publish","type":"post","link":"https:\/\/aconteceunovale.com.br\/portal\/?p=142393","title":{"rendered":"Fundador da banda O Rappa morre aos 53 anos"},"content":{"rendered":"<p>O compositor Marcelo Yuka, fundador da banda O Rappa, morreu no fim da noite desta sexta-feira (18), segundo a assessoria de imprensa do Hospital Quinta D&#8217;or. Ele estava internado em estado grave no hospital da zona norte do Rio de Janeiro desde o in\u00edcio de janeiro, ap\u00f3s sofrer um acidente vascular cerebral isqu\u00eamico.<\/p>\n<p>Nascido no Rio, Yuka tinha 53 anos e era cadeirante desde 2000, quando levou nove tiros e ficou parapl\u00e9gico ao tentar impedir um assalto. A partir do epis\u00f3dio, ele aumentou sua participa\u00e7\u00e3o em iniciativas de inclus\u00e3o social por meio da m\u00fasica.<\/p>\n<p>Marcelo Yuka integrou o grupo O Rappa de 1993 a 2001, atuando como baterista e compositor. Ele escreveu letras sobre temas como viol\u00eancia urbana, racismo e desigualdades sociais, com destaque para sucessos como<em>\u00a0Minha Alma<\/em>,\u00a0<em>Me Deixa<\/em>\u00a0e\u00a0<em>Todo Cambur\u00e3o Tem um Pouco de Navio Negreiro<\/em>. Em 2004 ele fundou a banda F.UR.T.O. (Frente Urbana de Trabalhos Organizados).<\/p>\n<p><center><br \/>\n<!-- Erro, o An\u00fancio n\u00e3o est\u00e1 dispon\u00edvel neste momento devido \u00e0s restri\u00e7\u00f5es de agendamento\/geolocaliza\u00e7\u00e3o! --><br \/>\n<\/br><br \/>\n<\/center><\/p>\n<p>Em 2012, o m\u00fasico concorreu como candidato a vice-prefeito na chapa do deputado estadual Marcelo Freixo (PSOL) \u00e0 prefeitura do Rio.<\/p>\n<p>Yuka j\u00e1 vinha sofrendo de problemas de sa\u00fade desde agosto do ano passado, quando sofreu outro acidente vascular cerebral.<\/p>\n<p>Segundo parentes de Yuka, o vel\u00f3rio do m\u00fasico ser\u00e1 das 13h \u00e0s 19h, na Sala Cec\u00edlia Meirelles, no bairro da Lapa, centro do Rio. Ainda n\u00e3o h\u00e1 informa\u00e7\u00f5es sobre o enterro.<\/p>\n<p><img decoding=\"async\" src=\"http:\/\/aconteceunovale.com.br\/portal\/wp-content\/uploads\/2019\/01\/marcelo_yuka.jpg\" alt=\"\" \/><em>O compositor Marcelo Yuka &#8211; Divulga\u00e7\u00e3o\/TV Brasil<\/em><br \/>\n<\/br><\/p>\n<p><strong>VER PRIMEIRO<\/strong><\/p>\n<p>Receba as not\u00edcias do Aconteceu no Vale em primeira m\u00e3o. Clique em curtir no endere\u00e7o <a href=\"https:\/\/www.facebook.com\/aconteceunovale\" target=\"_blank\"><font color=\"red\">www.facebook.com\/aconteceunovale<\/font><\/a> ou no box abaixo:<\/p>\n<div class=\"fb-like\" data-href=\"https:\/\/www.facebook.com\/aconteceunovale\" data-width=\"120\" data-layout=\"standard\" data-action=\"like\" data-size=\"small\" data-show-faces=\"true\" data-share=\"true\"><\/div>\n<p><!-- Erro, o An\u00fancio n\u00e3o est\u00e1 dispon\u00edvel neste momento devido \u00e0s restri\u00e7\u00f5es de agendamento\/geolocaliza\u00e7\u00e3o! --><br \/>\n<\/br><\/p>\n<p><em>(Fonte: Ag\u00eancia Brasil)<\/em><\/p>\n","protected":false},"excerpt":{"rendered":"<p>O compositor Marcelo Yuka, fundador da banda O Rappa, morreu no fim da noite desta sexta-feira (18), segundo a assessoria de imprensa do Hospital Quinta D&#8217;or. Ele estava internado em estado grave no hospital da zona norte do Rio de Janeiro desde o in\u00edcio de janeiro, ap\u00f3s sofrer um acidente vascular cerebral isqu\u00eamico. Nascido no [&hellip;]<\/p>\n","protected":false},"author":1,"featured_media":142394,"comment_status":"open","ping_status":"closed","sticky":false,"template":"","format":"standard","meta":{"amp_status":"","footnotes":""},"categories":[6],"tags":[192247,192240,192241,192244,192248,192237,192249,192242,192246,192238,28160,192239,192243,192245,77742],"class_list":["post-142393","post","type-post","status-publish","format-standard","has-post-thumbnail","hentry","category-br","tag-banda-o-rappa","tag-causa-da-morte-de-marcelo-yuka","tag-compositor-marcelo-yuka","tag-fundador-da-banda-o-rappa","tag-fundador-da-banda-o-rappa-morre-aos-53-anos","tag-marcelo-yuka","tag-marcelo-yuka-morre-aos-53-anos","tag-morre-o-compositor-marcelo-yuka","tag-morre-o-fundador-da-banda-o-rappa","tag-morre-o-marcelo-yuka","tag-morte","tag-morte-de-marcelo-yuka","tag-morte-do-compositor-marcelo-yuka","tag-morte-do-fundador-da-banda-o-rappa","tag-o-rappa"],"_links":{"self":[{"href":"https:\/\/aconteceunovale.com.br\/portal\/index.php?rest_route=\/wp\/v2\/posts\/142393","targetHints":{"allow":["GET"]}}],"collection":[{"href":"https:\/\/aconteceunovale.com.br\/portal\/index.php?rest_route=\/wp\/v2\/posts"}],"about":[{"href":"https:\/\/aconteceunovale.com.br\/portal\/index.php?rest_route=\/wp\/v2\/types\/post"}],"author":[{"embeddable":true,"href":"https:\/\/aconteceunovale.com.br\/portal\/index.php?rest_route=\/wp\/v2\/users\/1"}],"replies":[{"embeddable":true,"href":"https:\/\/aconteceunovale.com.br\/portal\/index.php?rest_route=%2Fwp%2Fv2%2Fcomments&post=142393"}],"version-history":[{"count":0,"href":"https:\/\/aconteceunovale.com.br\/portal\/index.php?rest_route=\/wp\/v2\/posts\/142393\/revisions"}],"wp:featuredmedia":[{"embeddable":true,"href":"https:\/\/aconteceunovale.com.br\/portal\/index.php?rest_route=\/wp\/v2\/media\/142394"}],"wp:attachment":[{"href":"https:\/\/aconteceunovale.com.br\/portal\/index.php?rest_route=%2Fwp%2Fv2%2Fmedia&parent=142393"}],"wp:term":[{"taxonomy":"category","embeddable":true,"href":"https:\/\/aconteceunovale.com.br\/portal\/index.php?rest_route=%2Fwp%2Fv2%2Fcategories&post=142393"},{"taxonomy":"post_tag","embeddable":true,"href":"https:\/\/aconteceunovale.com.br\/portal\/index.php?rest_route=%2Fwp%2Fv2%2Ftags&post=142393"}],"curies":[{"name":"wp","href":"https:\/\/api.w.org\/{rel}","templated":true}]}}