{"id":142362,"date":"2019-01-18T11:34:50","date_gmt":"2019-01-18T13:34:50","guid":{"rendered":"http:\/\/aconteceunovale.com.br\/portal\/?p=142362"},"modified":"2019-01-18T11:34:50","modified_gmt":"2019-01-18T13:34:50","slug":"semirreboque-e-carga-de-polpas-de-frutas-sao-destruidos-em-incendio-na-br-251-no-norte-de-minas","status":"publish","type":"post","link":"https:\/\/aconteceunovale.com.br\/portal\/?p=142362","title":{"rendered":"Semirreboque e carga de polpas de frutas s\u00e3o destru\u00eddos em inc\u00eandio na BR-251, no Norte de Minas"},"content":{"rendered":"<p>O semirreboque de um caminh\u00e3o carregado de polpas de frutas pegou fogo na BR-251, pr\u00f3ximo ao trevo que d\u00e1 acesso a Gr\u00e3o Mogol, nessa quinta-feira (17\/1\/2019). O motorista informou \u00e0 Pol\u00edcia Rodovi\u00e1ria Federal (PRF) que o caminh\u00e3o-trator apresentou um problema mec\u00e2nico e, em seguida, pegou fogo. Ele estacionou no acostamento e conseguiu tirar o cavalinho antes que as chamas se alastrassem.<\/p>\n<p>De acordo com a PRF, o semirreboque e a carga ficaram destru\u00eddos. O motorista seguia de Sergipe para S\u00e3o Paulo e acionou o seguro. A rodovia n\u00e3o precisou ser interditada.<\/p>\n<p><center><br \/>\n<!-- Erro, o An\u00fancio n\u00e3o est\u00e1 dispon\u00edvel neste momento devido \u00e0s restri\u00e7\u00f5es de agendamento\/geolocaliza\u00e7\u00e3o! --><br \/>\n<\/br><br \/>\n<\/center><\/p>\n<p><img decoding=\"async\" src=\"http:\/\/aconteceunovale.com.br\/portal\/wp-content\/uploads\/2019\/01\/incendio_graomogol_1.jpg\" alt=\"\" \/><em>Foto: Pol\u00edcia Rodovi\u00e1ria Federal\/Divulga\u00e7\u00e3o<\/em><br \/>\n<\/br><\/p>\n<p><img decoding=\"async\" src=\"http:\/\/aconteceunovale.com.br\/portal\/wp-content\/uploads\/2019\/01\/incendio_graomogol_2.jpg\" alt=\"\" \/><em>Foto: Pol\u00edcia Rodovi\u00e1ria Federal\/Divulga\u00e7\u00e3o<\/em><br \/>\n<\/br><\/p>\n<p><strong>VER PRIMEIRO<\/strong><\/p>\n<p>Receba as not\u00edcias do Aconteceu no Vale em primeira m\u00e3o. Clique em curtir no endere\u00e7o <a href=\"https:\/\/www.facebook.com\/aconteceunovale\" target=\"_blank\"><font color=\"red\">www.facebook.com\/aconteceunovale<\/font><\/a> ou no box abaixo:<\/p>\n<div class=\"fb-like\" data-href=\"https:\/\/www.facebook.com\/aconteceunovale\" data-width=\"120\" data-layout=\"standard\" data-action=\"like\" data-size=\"small\" data-show-faces=\"true\" data-share=\"true\"><\/div>\n<p><!-- Erro, o An\u00fancio n\u00e3o est\u00e1 dispon\u00edvel neste momento devido \u00e0s restri\u00e7\u00f5es de agendamento\/geolocaliza\u00e7\u00e3o! --><br \/>\n<\/br><\/p>\n<p><em>(Fonte: G1 Grande Minas)<\/em><\/p>\n","protected":false},"excerpt":{"rendered":"<p>O semirreboque de um caminh\u00e3o carregado de polpas de frutas pegou fogo na BR-251, pr\u00f3ximo ao trevo que d\u00e1 acesso a Gr\u00e3o Mogol, nessa quinta-feira (17\/1\/2019). O motorista informou \u00e0 Pol\u00edcia Rodovi\u00e1ria Federal (PRF) que o caminh\u00e3o-trator apresentou um problema mec\u00e2nico e, em seguida, pegou fogo. Ele estacionou no acostamento e conseguiu tirar o cavalinho [&hellip;]<\/p>\n","protected":false},"author":1,"featured_media":142364,"comment_status":"open","ping_status":"closed","sticky":false,"template":"","format":"standard","meta":{"amp_status":"","footnotes":""},"categories":[1236],"tags":[97212,177089,192194,111756,125700,192195,921,1018,1153,33228,192196,192197],"class_list":["post-142362","post","type-post","status-publish","format-standard","has-post-thumbnail","hentry","category-norte_de_minas","tag-acidente-br-251","tag-acidente-caminhao-br-251","tag-acidente-caminhao-carregado-de-polpa-de-frutas-na-br-251","tag-acidente-na-br-251-em-grao-mogol","tag-acidente-perto-de-grao-mogol","tag-acidente-proximo-grao-mogol","tag-br-251","tag-destaque","tag-grao-mogol","tag-no-norte-de-minas","tag-semirreboque-e-carga-de-polpas-de-frutas-sao-destruidos-em-incendio-na-br-251","tag-semirreboque-e-carga-de-polpas-de-frutas-sao-destruidos-em-incendio-na-br-251-no-norte-de-minas"],"_links":{"self":[{"href":"https:\/\/aconteceunovale.com.br\/portal\/index.php?rest_route=\/wp\/v2\/posts\/142362","targetHints":{"allow":["GET"]}}],"collection":[{"href":"https:\/\/aconteceunovale.com.br\/portal\/index.php?rest_route=\/wp\/v2\/posts"}],"about":[{"href":"https:\/\/aconteceunovale.com.br\/portal\/index.php?rest_route=\/wp\/v2\/types\/post"}],"author":[{"embeddable":true,"href":"https:\/\/aconteceunovale.com.br\/portal\/index.php?rest_route=\/wp\/v2\/users\/1"}],"replies":[{"embeddable":true,"href":"https:\/\/aconteceunovale.com.br\/portal\/index.php?rest_route=%2Fwp%2Fv2%2Fcomments&post=142362"}],"version-history":[{"count":0,"href":"https:\/\/aconteceunovale.com.br\/portal\/index.php?rest_route=\/wp\/v2\/posts\/142362\/revisions"}],"wp:featuredmedia":[{"embeddable":true,"href":"https:\/\/aconteceunovale.com.br\/portal\/index.php?rest_route=\/wp\/v2\/media\/142364"}],"wp:attachment":[{"href":"https:\/\/aconteceunovale.com.br\/portal\/index.php?rest_route=%2Fwp%2Fv2%2Fmedia&parent=142362"}],"wp:term":[{"taxonomy":"category","embeddable":true,"href":"https:\/\/aconteceunovale.com.br\/portal\/index.php?rest_route=%2Fwp%2Fv2%2Fcategories&post=142362"},{"taxonomy":"post_tag","embeddable":true,"href":"https:\/\/aconteceunovale.com.br\/portal\/index.php?rest_route=%2Fwp%2Fv2%2Ftags&post=142362"}],"curies":[{"name":"wp","href":"https:\/\/api.w.org\/{rel}","templated":true}]}}