{"id":142350,"date":"2019-01-18T01:10:32","date_gmt":"2019-01-18T03:10:32","guid":{"rendered":"http:\/\/aconteceunovale.com.br\/portal\/?p=142350"},"modified":"2019-01-18T01:12:08","modified_gmt":"2019-01-18T03:12:08","slug":"tres-criancas-morrem-afogadas-em-rio-no-leste-de-minas","status":"publish","type":"post","link":"https:\/\/aconteceunovale.com.br\/portal\/?p=142350","title":{"rendered":"Tr\u00eas crian\u00e7as morrem afogadas em rio no Leste de Minas"},"content":{"rendered":"<p>Tr\u00eas crian\u00e7as, de 7, 9 e 12 anos, morreram depois se afogarem no Rio Santo Ant\u00f4nio, na zona rural de A\u00e7ucena, no Vale do A\u00e7o, nessa quarta-feira (16\/1\/2019). Segundo informa\u00e7\u00f5es divulgadas pelo Corpo de Bombeiros, as v\u00edtimas estavam nadando em um banco de areia quando afundaram na \u00e1gua e n\u00e3o conseguiram voltar. <\/p>\n<p><center><br \/>\n<!-- Erro, o An\u00fancio n\u00e3o est\u00e1 dispon\u00edvel neste momento devido \u00e0s restri\u00e7\u00f5es de agendamento\/geolocaliza\u00e7\u00e3o! --><br \/>\n<\/br><br \/>\n<\/center><\/p>\n<p>Ainda de acordo com os bombeiros, \u00e9 comum as crian\u00e7as nadarem no local. Inicialmente eram cinco, duas foram embora e as outras tr\u00eas continuaram nadando e morreram. <\/p>\n<p>Foram os moradores da regi\u00e3o que acionaram os bombeiros depois de localizarem os corpos. As v\u00edtimas s\u00e3o: Gabrielly Dyelvana Teodoro de Almeida, 12 anos, Riana Vit\u00f3ria Rodrigues Silva, de 9 anos, e Carlos Eduardo Ribeiro Souza, de 7 anos. Os corpos foram encaminhados para o Instituto M\u00e9dico Legal (IML) de Ipatinga.<\/p>\n<p><img decoding=\"async\" src=\"http:\/\/aconteceunovale.com.br\/portal\/wp-content\/uploads\/2019\/01\/afogados_acucena.jpg\" alt=\"\" \/><em>Trecho do Rio Santo Ant\u00f4nio (Foto: Divulga\u00e7\u00e3o)<\/em><br \/>\n<\/br><\/p>\n<p><strong>VER PRIMEIRO<\/strong><\/p>\n<p>Receba as not\u00edcias do Aconteceu no Vale em primeira m\u00e3o. Clique em curtir no endere\u00e7o <a href=\"https:\/\/www.facebook.com\/aconteceunovale\" target=\"_blank\"><font color=\"red\">www.facebook.com\/aconteceunovale<\/font><\/a> ou no box abaixo:<\/p>\n<div class=\"fb-like\" data-href=\"https:\/\/www.facebook.com\/aconteceunovale\" data-width=\"120\" data-layout=\"standard\" data-action=\"like\" data-size=\"small\" data-show-faces=\"true\" data-share=\"true\"><\/div>\n<p><!-- Erro, o An\u00fancio n\u00e3o est\u00e1 dispon\u00edvel neste momento devido \u00e0s restri\u00e7\u00f5es de agendamento\/geolocaliza\u00e7\u00e3o! --><br \/>\n<\/br><\/p>\n<p><em>(Fonte: O Tempo)<\/em><\/p>\n","protected":false},"excerpt":{"rendered":"<p>Tr\u00eas crian\u00e7as, de 7, 9 e 12 anos, morreram depois se afogarem no Rio Santo Ant\u00f4nio, na zona rural de A\u00e7ucena, no Vale do A\u00e7o, nessa quarta-feira (16\/1\/2019). Segundo informa\u00e7\u00f5es divulgadas pelo Corpo de Bombeiros, as v\u00edtimas estavam nadando em um banco de areia quando afundaram na \u00e1gua e n\u00e3o conseguiram voltar. Ainda de acordo [&hellip;]<\/p>\n","protected":false},"author":1,"featured_media":142351,"comment_status":"open","ping_status":"closed","sticky":false,"template":"","format":"standard","meta":{"amp_status":"","footnotes":""},"categories":[121],"tags":[971,192161,192158,192157,192160,192166,192162,192159,192164,201,192165,186362,192156,192155,192154,192163],"class_list":["post-142350","post","type-post","status-publish","format-standard","has-post-thumbnail","hentry","category-leste","tag-acucena","tag-afogadas-acucena","tag-afogadas-no-rio-santo-antonio","tag-afogamento-no-rio-santo-antonio","tag-afogamentos-acucena","tag-carlos-eduardo-ribeiro-souza","tag-criancas-afogadas-acucena","tag-criancas-afogadas-no-rio-santo-antonio","tag-gabrielly-dyelvana-teodoro-de-almeida","tag-ipatinga","tag-riana-vitoria-rodrigues-silva","tag-rio-santo-antonio","tag-tres-criancas-morrem-afogadas-em-rio-na-zona-rural-de-acucena","tag-tres-criancas-morrem-afogadas-em-rio-no-leste-de-minas","tag-tres-criancas-morrem-afogadas-em-rio-no-vale-do-aco","tag-vitimas-de-afogamento-em-acucena"],"_links":{"self":[{"href":"https:\/\/aconteceunovale.com.br\/portal\/index.php?rest_route=\/wp\/v2\/posts\/142350","targetHints":{"allow":["GET"]}}],"collection":[{"href":"https:\/\/aconteceunovale.com.br\/portal\/index.php?rest_route=\/wp\/v2\/posts"}],"about":[{"href":"https:\/\/aconteceunovale.com.br\/portal\/index.php?rest_route=\/wp\/v2\/types\/post"}],"author":[{"embeddable":true,"href":"https:\/\/aconteceunovale.com.br\/portal\/index.php?rest_route=\/wp\/v2\/users\/1"}],"replies":[{"embeddable":true,"href":"https:\/\/aconteceunovale.com.br\/portal\/index.php?rest_route=%2Fwp%2Fv2%2Fcomments&post=142350"}],"version-history":[{"count":0,"href":"https:\/\/aconteceunovale.com.br\/portal\/index.php?rest_route=\/wp\/v2\/posts\/142350\/revisions"}],"wp:featuredmedia":[{"embeddable":true,"href":"https:\/\/aconteceunovale.com.br\/portal\/index.php?rest_route=\/wp\/v2\/media\/142351"}],"wp:attachment":[{"href":"https:\/\/aconteceunovale.com.br\/portal\/index.php?rest_route=%2Fwp%2Fv2%2Fmedia&parent=142350"}],"wp:term":[{"taxonomy":"category","embeddable":true,"href":"https:\/\/aconteceunovale.com.br\/portal\/index.php?rest_route=%2Fwp%2Fv2%2Fcategories&post=142350"},{"taxonomy":"post_tag","embeddable":true,"href":"https:\/\/aconteceunovale.com.br\/portal\/index.php?rest_route=%2Fwp%2Fv2%2Ftags&post=142350"}],"curies":[{"name":"wp","href":"https:\/\/api.w.org\/{rel}","templated":true}]}}