{"id":142347,"date":"2019-01-18T00:26:38","date_gmt":"2019-01-18T02:26:38","guid":{"rendered":"http:\/\/aconteceunovale.com.br\/portal\/?p=142347"},"modified":"2019-01-18T00:26:38","modified_gmt":"2019-01-18T02:26:38","slug":"policia-militar-prende-autor-de-homicidio-em-turmalina-no-vale-do-jequitinhonha","status":"publish","type":"post","link":"https:\/\/aconteceunovale.com.br\/portal\/?p=142347","title":{"rendered":"Pol\u00edcia Militar prende autor de homic\u00eddio em Turmalina, no Vale do Jequitinhonha"},"content":{"rendered":"<p>A Pol\u00edcia Militar de Turmalina, no Vale do Jequitinhonha, prendeu o autor de um homic\u00eddio registrado na cidade. A informa\u00e7\u00e3o foi confirmada no in\u00edcio da noite desta quinta-feira (17\/1\/2019) pela Assessoria de Comunica\u00e7\u00e3o da 23\u00aa Cia PM Ind. O autor J. G. V. S, que n\u00e3o teve a idade divulgada, foi capturado durante fuga ap\u00f3s matar A. J. A. L.<\/p>\n<p><center><br \/>\n<!-- Erro, o An\u00fancio n\u00e3o est\u00e1 dispon\u00edvel neste momento devido \u00e0s restri\u00e7\u00f5es de agendamento\/geolocaliza\u00e7\u00e3o! --><br \/>\n<\/br><br \/>\n<\/center><\/p>\n<p>Segundo a PM, o crime aconteceu no bairro Nova Turmalina. No local, militares depararam com A. J. A. L ca\u00eddo ao solo, sem sinais vitais. Rapidamente, foram arrecadadas informa\u00e7\u00f5es de que teria ocorrido uma briga entre os envolvidos e, durante rastreamentos, o autor J. G. V. S foi localizado com a arma utilizada para cometer o homic\u00eddio. <\/p>\n<p>Os militares aprenderam um rev\u00f3lver calibre 32 com seis cartuchos deflagrados, duas por\u00e7\u00f5es de crack e um artefato para usar a droga, al\u00e9m de uma marreta.<\/p>\n<p>Ainda segundo a PM, autor e v\u00edtima s\u00e3o conhecidos pelo cometimento de diversos atos il\u00edcitos na cidade. J. G. V. S foi conduzido \u00e0 Delegacia de Pol\u00edcia Civil, juntamente com o material apreendido.<\/p>\n<p><img decoding=\"async\" src=\"http:\/\/aconteceunovale.com.br\/portal\/wp-content\/uploads\/2019\/01\/homicidio_turmalina.jpg\" alt=\"\" \/><em>Foto: Divulga\u00e7\u00e3o\/Pol\u00edcia Militar<\/em><br \/>\n<\/br><\/p>\n<p><strong>VER PRIMEIRO<\/strong><\/p>\n<p>Receba as not\u00edcias do Aconteceu no Vale em primeira m\u00e3o. Clique em curtir no endere\u00e7o <a href=\"https:\/\/www.facebook.com\/aconteceunovale\" target=\"_blank\"><font color=\"red\">www.facebook.com\/aconteceunovale<\/font><\/a> ou no box abaixo:<\/p>\n<div class=\"fb-like\" data-href=\"https:\/\/www.facebook.com\/aconteceunovale\" data-width=\"120\" data-layout=\"standard\" data-action=\"like\" data-size=\"small\" data-show-faces=\"true\" data-share=\"true\"><\/div>\n<p><!-- Erro, o An\u00fancio n\u00e3o est\u00e1 dispon\u00edvel neste momento devido \u00e0s restri\u00e7\u00f5es de agendamento\/geolocaliza\u00e7\u00e3o! --><br \/>\n<\/br><\/p>\n","protected":false},"excerpt":{"rendered":"<p>A Pol\u00edcia Militar de Turmalina, no Vale do Jequitinhonha, prendeu o autor de um homic\u00eddio registrado na cidade. A informa\u00e7\u00e3o foi confirmada no in\u00edcio da noite desta quinta-feira (17\/1\/2019) pela Assessoria de Comunica\u00e7\u00e3o da 23\u00aa Cia PM Ind. O autor J. G. V. S, que n\u00e3o teve a idade divulgada, foi capturado durante fuga ap\u00f3s [&hellip;]<\/p>\n","protected":false},"author":1,"featured_media":142348,"comment_status":"open","ping_status":"closed","sticky":false,"template":"","format":"standard","meta":{"amp_status":"","footnotes":""},"categories":[120],"tags":[33861,192153,52761,52757,52756,541,192152,178],"class_list":["post-142347","post","type-post","status-publish","format-standard","has-post-thumbnail","hentry","category-jequi","tag-assassinato-em-turmalina","tag-homem-morto-em-turmalina","tag-homicidio-em-turmalina","tag-morte-em-turmalina","tag-morto-em-turmalina","tag-no-vale-do-jequitinhonha","tag-policia-militar-prende-autor-de-homicidio-em-turmalina","tag-turmalina"],"_links":{"self":[{"href":"https:\/\/aconteceunovale.com.br\/portal\/index.php?rest_route=\/wp\/v2\/posts\/142347","targetHints":{"allow":["GET"]}}],"collection":[{"href":"https:\/\/aconteceunovale.com.br\/portal\/index.php?rest_route=\/wp\/v2\/posts"}],"about":[{"href":"https:\/\/aconteceunovale.com.br\/portal\/index.php?rest_route=\/wp\/v2\/types\/post"}],"author":[{"embeddable":true,"href":"https:\/\/aconteceunovale.com.br\/portal\/index.php?rest_route=\/wp\/v2\/users\/1"}],"replies":[{"embeddable":true,"href":"https:\/\/aconteceunovale.com.br\/portal\/index.php?rest_route=%2Fwp%2Fv2%2Fcomments&post=142347"}],"version-history":[{"count":0,"href":"https:\/\/aconteceunovale.com.br\/portal\/index.php?rest_route=\/wp\/v2\/posts\/142347\/revisions"}],"wp:featuredmedia":[{"embeddable":true,"href":"https:\/\/aconteceunovale.com.br\/portal\/index.php?rest_route=\/wp\/v2\/media\/142348"}],"wp:attachment":[{"href":"https:\/\/aconteceunovale.com.br\/portal\/index.php?rest_route=%2Fwp%2Fv2%2Fmedia&parent=142347"}],"wp:term":[{"taxonomy":"category","embeddable":true,"href":"https:\/\/aconteceunovale.com.br\/portal\/index.php?rest_route=%2Fwp%2Fv2%2Fcategories&post=142347"},{"taxonomy":"post_tag","embeddable":true,"href":"https:\/\/aconteceunovale.com.br\/portal\/index.php?rest_route=%2Fwp%2Fv2%2Ftags&post=142347"}],"curies":[{"name":"wp","href":"https:\/\/api.w.org\/{rel}","templated":true}]}}