{"id":142105,"date":"2019-01-14T23:58:24","date_gmt":"2019-01-15T01:58:24","guid":{"rendered":"http:\/\/aconteceunovale.com.br\/portal\/?p=142105"},"modified":"2019-01-14T23:58:24","modified_gmt":"2019-01-15T01:58:24","slug":"adolescente-sofre-tentativa-de-estupro-apos-pegar-carona-na-br-251-no-norte-de-minas","status":"publish","type":"post","link":"https:\/\/aconteceunovale.com.br\/portal\/?p=142105","title":{"rendered":"Adolescente sofre tentativa de estupro ap\u00f3s pegar carona na BR-251, no Norte de Minas"},"content":{"rendered":"<p>Um homem de 45 anos foi preso na BR-251, no Norte de Minas Gerais, na tarde desta segunda-feira (14\/1\/2019), suspeito de tentar estuprar uma adolescente de 16 anos. Segundo informa\u00e7\u00f5es da Pol\u00edcia Rodovi\u00e1ria Federal (PRF), a v\u00edtima \u00e9 moradora de Francisco S\u00e1 e resolveu pedir carona no trevo do munic\u00edpio para viajar at\u00e9 Montes Claros. O caminhoneiro, que conduzia um ve\u00edculo com placas de Santa Catarina, parou e permitiu que a menor o acompanhasse.<\/p>\n<p>Na altura do km 409 da rodovia, segundo relato da v\u00edtima \u00e0 PRF, o homem teria estacionado o caminh\u00e3o e descido sem explicar os motivos. Quando retornou, tentou fechar as cortinas que cobrem os vidros da cabine do ve\u00edculo e se jogou em cima da menor. <\/p>\n<p>Segundo a PRF, a adolescente relatou que o homem tentou arrancar as roupas dela e tapou a boca da v\u00edtima para que n\u00e3o gritasse. Quando percebeu que a ela n\u00e3o iria ceder, o homem arrancou novamente o caminh\u00e3o, momento que a garota teria se jogado na estrada.<\/p>\n<p><center><br \/>\n<!-- Erro, o An\u00fancio n\u00e3o est\u00e1 dispon\u00edvel neste momento devido \u00e0s restri\u00e7\u00f5es de agendamento\/geolocaliza\u00e7\u00e3o! --><br \/>\n<\/br><br \/>\n<\/center><\/p>\n<p>Um agente penitenci\u00e1rio, que vinha logo atr\u00e1s na estrada, parou para prestar socorro \u00e0 adolescente. Ele conseguiu ultrapassar o caminh\u00e3o e chegar antes \u00e0 unidade da Pol\u00edcia Rodovi\u00e1ria Federal na BR-251, que fica \u00e0 altura do km 513. Os agentes se prepararam e conseguiram interceptar o caminhoneiro. <\/p>\n<p>A PRF informou que o homem n\u00e3o tinha passagens criminais e foi encaminhado \u00e0 Delegacia de Montes Claros para ser ouvido. O caminh\u00e3o foi removido a um p\u00e1tio credenciado pelo Detran em Francisco S\u00e1.<\/p>\n<p>A Pol\u00edcia Civil informou que o caminhoneiro negou que tivesse tentado estuprar algu\u00e9m e que apenas deu carona \u00e0 adolescente. O motorista afirmou tamb\u00e9m que a menor surtou dentro do caminh\u00e3o dele e resolveu pular com o ve\u00edculo em movimento. <\/p>\n<p>O motorista foi encaminhado ao Pres\u00eddio Regional de Montes Claros, onde permanecer\u00e1 \u00e0 disposi\u00e7\u00e3o da Justi\u00e7a.<\/p>\n<p><strong>VER PRIMEIRO<\/strong><\/p>\n<p>Receba as not\u00edcias do Aconteceu no Vale em primeira m\u00e3o. Clique em curtir no endere\u00e7o <a href=\"https:\/\/www.facebook.com\/aconteceunovale\" target=\"_blank\"><font color=\"red\">www.facebook.com\/aconteceunovale<\/font><\/a> ou no box abaixo:<\/p>\n<div class=\"fb-like\" data-href=\"https:\/\/www.facebook.com\/aconteceunovale\" data-width=\"120\" data-layout=\"standard\" data-action=\"like\" data-size=\"small\" data-show-faces=\"true\" data-share=\"true\"><\/div>\n<p><\/br><\/p>\n<p><em>(Fonte: G1 Grande Minas)<\/em><\/p>\n","protected":false},"excerpt":{"rendered":"<p>Um homem de 45 anos foi preso na BR-251, no Norte de Minas Gerais, na tarde desta segunda-feira (14\/1\/2019), suspeito de tentar estuprar uma adolescente de 16 anos. Segundo informa\u00e7\u00f5es da Pol\u00edcia Rodovi\u00e1ria Federal (PRF), a v\u00edtima \u00e9 moradora de Francisco S\u00e1 e resolveu pedir carona no trevo do munic\u00edpio para viajar at\u00e9 Montes Claros. [&hellip;]<\/p>\n","protected":false},"author":1,"featured_media":71442,"comment_status":"open","ping_status":"closed","sticky":false,"template":"","format":"standard","meta":{"amp_status":"","footnotes":""},"categories":[1236],"tags":[191806,191807,921,191810,191808,1395,210,33228,191809],"class_list":["post-142105","post","type-post","status-publish","format-standard","has-post-thumbnail","hentry","category-norte_de_minas","tag-adolescente-sofre-tentativa-de-estupro-apos-pegar-carona-na-br-251","tag-adolescente-sofre-tentativa-de-estupro-apos-pegar-carona-na-br-251-no-norte-de-minas","tag-br-251","tag-estuprada-na-br-251","tag-estupro-br-251","tag-francisco-sa","tag-montes-claros","tag-no-norte-de-minas","tag-tentativa-de-estupro-na-br-251"],"_links":{"self":[{"href":"https:\/\/aconteceunovale.com.br\/portal\/index.php?rest_route=\/wp\/v2\/posts\/142105","targetHints":{"allow":["GET"]}}],"collection":[{"href":"https:\/\/aconteceunovale.com.br\/portal\/index.php?rest_route=\/wp\/v2\/posts"}],"about":[{"href":"https:\/\/aconteceunovale.com.br\/portal\/index.php?rest_route=\/wp\/v2\/types\/post"}],"author":[{"embeddable":true,"href":"https:\/\/aconteceunovale.com.br\/portal\/index.php?rest_route=\/wp\/v2\/users\/1"}],"replies":[{"embeddable":true,"href":"https:\/\/aconteceunovale.com.br\/portal\/index.php?rest_route=%2Fwp%2Fv2%2Fcomments&post=142105"}],"version-history":[{"count":0,"href":"https:\/\/aconteceunovale.com.br\/portal\/index.php?rest_route=\/wp\/v2\/posts\/142105\/revisions"}],"wp:featuredmedia":[{"embeddable":true,"href":"https:\/\/aconteceunovale.com.br\/portal\/index.php?rest_route=\/wp\/v2\/media\/71442"}],"wp:attachment":[{"href":"https:\/\/aconteceunovale.com.br\/portal\/index.php?rest_route=%2Fwp%2Fv2%2Fmedia&parent=142105"}],"wp:term":[{"taxonomy":"category","embeddable":true,"href":"https:\/\/aconteceunovale.com.br\/portal\/index.php?rest_route=%2Fwp%2Fv2%2Fcategories&post=142105"},{"taxonomy":"post_tag","embeddable":true,"href":"https:\/\/aconteceunovale.com.br\/portal\/index.php?rest_route=%2Fwp%2Fv2%2Ftags&post=142105"}],"curies":[{"name":"wp","href":"https:\/\/api.w.org\/{rel}","templated":true}]}}