{"id":142100,"date":"2019-01-14T21:18:37","date_gmt":"2019-01-14T23:18:37","guid":{"rendered":"http:\/\/aconteceunovale.com.br\/portal\/?p=142100"},"modified":"2019-01-14T21:18:37","modified_gmt":"2019-01-14T23:18:37","slug":"governo-federal-pretende-unificar-documentos-em-base-digital","status":"publish","type":"post","link":"https:\/\/aconteceunovale.com.br\/portal\/?p=142100","title":{"rendered":"Governo federal pretende unificar documentos em base digital"},"content":{"rendered":"<p>O governo federal vai retomar iniciativas passadas para criar uma base digital que unifique documentos diversos como Registro Geral (RG), Cadastro de Pessoa F\u00edsica (CPF), Carteira Nacional de Habilita\u00e7\u00e3o (CNH), Carteira de Trabalho, T\u00edtulo de Eleitor e Certificado de Reservista. A ideia \u00e9 que um cadastro, com registro de biometria, possa ser acionado pelo cidad\u00e3o em qualquer lugar, inclusive pelo celular..<\/p>\n<p>Para desenvolver o projeto, um grupo de trabalho (GT) foi criado reunindo os ministros Sergio Moro, da Justi\u00e7a, Paulo Guedes, da Economia, Marcos Pontes, da Ci\u00eancia, Tecnologia, Inova\u00e7\u00f5es e Comunica\u00e7\u00f5es, e Gustavo Bebianno, da Secretaria-Geral da Presid\u00eancia.<\/p>\n<p>A primeira reuni\u00e3o do GT, com a participa\u00e7\u00e3o de funcion\u00e1rios do Servi\u00e7o Federal de Precessamento de Dados (Serpro), ocorreu hoje na sede do Minist\u00e9rio da Justi\u00e7a, em Bras\u00edlia.<\/p>\n<p><center><br \/>\n<!-- Erro, o An\u00fancio n\u00e3o est\u00e1 dispon\u00edvel neste momento devido \u00e0s restri\u00e7\u00f5es de agendamento\/geolocaliza\u00e7\u00e3o! --><br \/>\n<\/br><br \/>\n<\/center><\/p>\n<p>Conforme Marcos Pontes, a iniciativa \u201cvai facilitar muito a vida do cidad\u00e3o\u201d. O trabalho come\u00e7a com a verifica\u00e7\u00e3o das informa\u00e7\u00f5es dispon\u00edveis na Justi\u00e7a Eleitoral, a possibilidade de alimentar um banco de dados com mais informa\u00e7\u00f5es e com a biometria.<\/p>\n<p>Pontes reconheceu o trabalho que j\u00e1 foi feito por outros governos \u201cdesde 1997\u201d, mas assinalou a disposi\u00e7\u00e3o de avan\u00e7ar e ter resultados ainda este ano \u201cTem que ter come\u00e7o, meio e fim. Agora a gente tem oportunidade de finalizar esse projeto. Utilizar o que j\u00e1 foi feito sim, mas melhorar tamb\u00e9m o que temos at\u00e9 agora\u201d.<\/p>\n<p><strong>VER PRIMEIRO<\/strong><\/p>\n<p>Receba as not\u00edcias do Aconteceu no Vale em primeira m\u00e3o. Clique em curtir no endere\u00e7o <a href=\"https:\/\/www.facebook.com\/aconteceunovale\" target=\"_blank\"><font color=\"red\">www.facebook.com\/aconteceunovale<\/font><\/a> ou no box abaixo:<\/p>\n<div class=\"fb-like\" data-href=\"https:\/\/www.facebook.com\/aconteceunovale\" data-width=\"120\" data-layout=\"standard\" data-action=\"like\" data-size=\"small\" data-show-faces=\"true\" data-share=\"true\"><\/div>\n<p><\/br><\/p>\n<p><em>(Fonte: Ag\u00eancia Brasil)<\/em><\/p>\n","protected":false},"excerpt":{"rendered":"<p>O governo federal vai retomar iniciativas passadas para criar uma base digital que unifique documentos diversos como Registro Geral (RG), Cadastro de Pessoa F\u00edsica (CPF), Carteira Nacional de Habilita\u00e7\u00e3o (CNH), Carteira de Trabalho, T\u00edtulo de Eleitor e Certificado de Reservista. A ideia \u00e9 que um cadastro, com registro de biometria, possa ser acionado pelo cidad\u00e3o [&hellip;]<\/p>\n","protected":false},"author":1,"featured_media":126098,"comment_status":"open","ping_status":"closed","sticky":false,"template":"","format":"standard","meta":{"amp_status":"","footnotes":""},"categories":[6],"tags":[191796,191795,26470,799,27752,191797,17165,191799,191798,140697,191794],"class_list":["post-142100","post","type-post","status-publish","format-standard","has-post-thumbnail","hentry","category-br","tag-base-de-dados","tag-base-digital-de-documentos","tag-carteira-de-trabalho","tag-cnh","tag-cpf","tag-governo-federal-pretende-unificar-documentos-em-base-digital","tag-justica-eleitoral","tag-reservista","tag-rg","tag-titulo-de-eleitor","tag-unificacao-de-documentos"],"_links":{"self":[{"href":"https:\/\/aconteceunovale.com.br\/portal\/index.php?rest_route=\/wp\/v2\/posts\/142100","targetHints":{"allow":["GET"]}}],"collection":[{"href":"https:\/\/aconteceunovale.com.br\/portal\/index.php?rest_route=\/wp\/v2\/posts"}],"about":[{"href":"https:\/\/aconteceunovale.com.br\/portal\/index.php?rest_route=\/wp\/v2\/types\/post"}],"author":[{"embeddable":true,"href":"https:\/\/aconteceunovale.com.br\/portal\/index.php?rest_route=\/wp\/v2\/users\/1"}],"replies":[{"embeddable":true,"href":"https:\/\/aconteceunovale.com.br\/portal\/index.php?rest_route=%2Fwp%2Fv2%2Fcomments&post=142100"}],"version-history":[{"count":0,"href":"https:\/\/aconteceunovale.com.br\/portal\/index.php?rest_route=\/wp\/v2\/posts\/142100\/revisions"}],"wp:featuredmedia":[{"embeddable":true,"href":"https:\/\/aconteceunovale.com.br\/portal\/index.php?rest_route=\/wp\/v2\/media\/126098"}],"wp:attachment":[{"href":"https:\/\/aconteceunovale.com.br\/portal\/index.php?rest_route=%2Fwp%2Fv2%2Fmedia&parent=142100"}],"wp:term":[{"taxonomy":"category","embeddable":true,"href":"https:\/\/aconteceunovale.com.br\/portal\/index.php?rest_route=%2Fwp%2Fv2%2Fcategories&post=142100"},{"taxonomy":"post_tag","embeddable":true,"href":"https:\/\/aconteceunovale.com.br\/portal\/index.php?rest_route=%2Fwp%2Fv2%2Ftags&post=142100"}],"curies":[{"name":"wp","href":"https:\/\/api.w.org\/{rel}","templated":true}]}}