{"id":142096,"date":"2019-01-14T20:28:47","date_gmt":"2019-01-14T22:28:47","guid":{"rendered":"http:\/\/aconteceunovale.com.br\/portal\/?p=142096"},"modified":"2019-01-14T20:28:47","modified_gmt":"2019-01-14T22:28:47","slug":"saiba-quem-e-a-jenifer-de-gabriel-diniz","status":"publish","type":"post","link":"https:\/\/aconteceunovale.com.br\/portal\/?p=142096","title":{"rendered":"Saiba quem \u00e9 a Jenifer de Gabriel Diniz"},"content":{"rendered":"<p>A m\u00fasica \u201cJenifer\u201d virou \u201cchiclete\u201d, n\u00e3o sai da cabe\u00e7a das Jenifers de todo o pa\u00eds e cria uma rela\u00e7\u00e3o de amor e \u00f3dio delas com o sucesso do cantor mato-grossense, mas morador da Para\u00edba, Gabriel Diniz. O clipe da m\u00fasica, com participa\u00e7\u00e3o da atriz e apresentadora Mariana Xavier, a Marcelina do filme \u201cMinha M\u00e3e \u00c9 uma Pe\u00e7a\u201d, \u00e9 sucesso nas redes sociais e deve ser o hit do ver\u00e3o.<\/p>\n<p>A confeiteira Jennifer Vinti, de 23 anos, conta que conheceu a m\u00fasica h\u00e1 mais tempo, mas que, agora, as pessoas come\u00e7aram a cant\u00e1-la com frequ\u00eancia, e, por isso, ela n\u00e3o sai da cabe\u00e7a. \u201cAchei a m\u00fasica interessante, muito legal e criativa, apesar de ser repetitiva\u201d, disse a confeiteira. \u201cN\u00e3o gosto de aplicativos. Portanto, jamais poderia ser a Jennifer da m\u00fasica. Espero ouvi-la muito no Carnaval\u201d, comenta ela.<\/p>\n<p><center><br \/>\n<!-- Erro, o An\u00fancio n\u00e3o est\u00e1 dispon\u00edvel neste momento devido \u00e0s restri\u00e7\u00f5es de agendamento\/geolocaliza\u00e7\u00e3o! --><br \/>\n<\/br><br \/>\n<\/center><\/p>\n<p>Jennifer Vinti diz que tinha ouvido falar muito pouco de Gabriel Diniz. \u201cAgora, no meu local de trabalho, as pessoas gostam muito dele\u201d, conta. Ao contr\u00e1rio dela, a jornalista Jennifer Gon\u00e7alves, de 30 anos, n\u00e3o quer nem saber de ouvir a m\u00fasica, pois todo mundo est\u00e1 cantando para ela. \u201cJ\u00e1 ouvi falar dessa m\u00fasica, mas nunca a escutei e pretendo viver sem escut\u00e1-la. As pessoas come\u00e7am a cantar essa m\u00fasica para mim, e eu j\u00e1 grito: \u2018Para, para, para\u2019. Gosto de black metal. E, como n\u00e3o escuto r\u00e1dio, nem sei a letra. S\u00f3 sei que fala de uma Jenifer encontrada no Tinder\u201d, diz a jornalista, referindo-se ao aplicativo de encontros que \u00e9 citado na can\u00e7\u00e3o de Gabriel Diniz.<\/p>\n<p>\u201cA m\u00fasica n\u00e3o me define. Mas entro na brincadeira dos amigos. Todos ficam brincando comigo em rela\u00e7\u00e3o \u00e0 m\u00fasica. Cantam para mim e me mandam posts sobre a can\u00e7\u00e3o\u201d, brinca a professora de S\u00e3o Jo\u00e3o del Rei, no Campo das Vertentes, Jennifer Ferrarezi, de 32 anos.<\/p>\n<p><img decoding=\"async\" src=\"http:\/\/aconteceunovale.com.br\/portal\/wp-content\/uploads\/2019\/01\/jeniffer_gabriel.jpg\" alt=\"\" \/><em>Clipe da m\u00fasica Jenifer (Foto: Divulga\u00e7\u00e3o\/Gabriel Diniz)<\/em><br \/>\n<\/br><\/p>\n<p><strong>\u201cQuem n\u00e3o tem intimidade me v\u00ea e come\u00e7a a cantar\u201d<\/strong><\/p>\n<p>A secret\u00e1ria Jhennifer de Souza Santos, de 26 anos, conta que conheceu a m\u00fasica no Instagram. \u201cMeus amigos j\u00e1 come\u00e7aram a me marcar quando a m\u00fasica surgiu. Ent\u00e3o, todo dia \u00e9 s\u00f3 abrir o grupo de amigos no Instagram que tem algu\u00e9m marcando \u2018Jenifer\u2019. S\u00e3o v\u00e1rias formas de escrever Jenifer\u201d, comenta. \u201cAt\u00e9 na empresa onde trabalho, pessoas que n\u00e3o t\u00eam intimidade comigo me veem passar e come\u00e7am a cantar: \u2018O nome dela \u00e9 Jenifer\/ Eu encontrei ela no Tinder&#8230;\u2019. No in\u00edcio, eu pensava: \u2018Nossa, que musiquinha mais estranha\u2019. Mas, agora, virou hit, n\u00e3o sai mais da cabe\u00e7a\u201d, disse. \u201cTodo mundo que me encontra j\u00e1 vai me relacionando com a m\u00fasica\u201d.<\/p>\n<p><strong>Brincadeiras<\/strong><\/p>\n<p>A manicure Jeniffer Louise Silva, de 26 anos, tem sido motivo de brincadeiras por causa da m\u00fasica. \u201cJ\u00e1 conheci algu\u00e9m no Tinder, e minhas amigas se lembram de mim quando escutam a m\u00fasica\u201d, diz ela. \u201cJ\u00e1 tem uns tr\u00eas meses que ouvi a m\u00fasica, quando as pessoas acharam na internet e me mostraram. E eu entrei na brincadeira. \u00c9 Jenifer ent\u00e3o\u201d, diverte-se a manicure. \u201cJenifer n\u00e3o \u00e9 um nome comum para m\u00fasica. Acredito que essa Jenifer deve ter existido, mesmo\u201d, comenta.<\/p>\n<p><strong>Gabriel Diniz &#8211; Jenifer (Clipe Oficial)<\/strong><\/p>\n<p><iframe loading=\"lazy\" width=\"560\" height=\"315\" src=\"https:\/\/www.youtube.com\/embed\/D2rG7pXd2LY\" frameborder=\"0\" allow=\"accelerometer; autoplay; encrypted-media; gyroscope; picture-in-picture\" allowfullscreen><\/iframe><br \/>\n<\/br><\/p>\n<p><strong>Minientrevista com Gabriel Diniz<\/strong><\/p>\n<p><strong>Voc\u00ea esperava esse sucesso todo da m\u00fasica?<\/strong><\/p>\n<p>A gente trabalhava para que essa m\u00fasica acontecesse. No in\u00edcio, a gente acreditava que ela poderia chegar a ser bem conhecida e estourar. S\u00f3 que a gente n\u00e3o imaginava um viral desse formato.<\/p>\n<p><strong>\u00c9 uma hist\u00f3ria real? A Jenifer realmente existiu?<\/strong><\/p>\n<p>A Jenifer existiu, mas n\u00e3o com o nome de Jenifer. Os compositores tinham uma musa inspiradora, uma menina que passou na vida de um deles. Por\u00e9m, o nome dela n\u00e3o \u00e9 Jenifer, e n\u00e3o sei se ela sabe que a m\u00fasica foi para ela.<\/p>\n<p><strong>H\u00e1 a participa\u00e7\u00e3o da atriz Mariana Xavier no clipe. Fale sobre ela.<\/strong><\/p>\n<p>A participa\u00e7\u00e3o dela foi essencial. Acho que o sucesso do clipe \u00e9 a Mariana participar e ser a musa, ser a Jenifer, indo contra alguns estere\u00f3tipos que sempre existiram. Ent\u00e3o, essa diferen\u00e7a, essa ousadia, essa inova\u00e7\u00e3o no clipe tamb\u00e9m fizeram com que tudo acontecesse. Fora a energia da Mari, que \u00e9 sensacional. Ela \u00e9 uma atriz muito bacana, sucesso em tudo que faz. A gente ficou muito feliz com a participa\u00e7\u00e3o dela e por ela ter aceitado. Ela \u00e9 muito gente boa e j\u00e1 tinha escutado algumas m\u00fasicas minhas. Eu conhecia o trabalho dela na TV e acho que casou maravilhosamente com o clipe que a gente fez da Jenifer.<\/p>\n<p><strong>VER PRIMEIRO<\/strong><\/p>\n<p>Receba as not\u00edcias do Aconteceu no Vale em primeira m\u00e3o. Clique em curtir no endere\u00e7o <a href=\"https:\/\/www.facebook.com\/aconteceunovale\" target=\"_blank\"><font color=\"red\">www.facebook.com\/aconteceunovale<\/font><\/a> ou no box abaixo:<\/p>\n<div class=\"fb-like\" data-href=\"https:\/\/www.facebook.com\/aconteceunovale\" data-width=\"120\" data-layout=\"standard\" data-action=\"like\" data-size=\"small\" data-show-faces=\"true\" data-share=\"true\"><\/div>\n<p><\/br><\/p>\n<p><em>(Fonte: O Tempo \/ Rep\u00f3rter: Pedro Ferreira)<\/em><\/p>\n","protected":false},"excerpt":{"rendered":"<p>A m\u00fasica \u201cJenifer\u201d virou \u201cchiclete\u201d, n\u00e3o sai da cabe\u00e7a das Jenifers de todo o pa\u00eds e cria uma rela\u00e7\u00e3o de amor e \u00f3dio delas com o sucesso do cantor mato-grossense, mas morador da Para\u00edba, Gabriel Diniz. O clipe da m\u00fasica, com participa\u00e7\u00e3o da atriz e apresentadora Mariana Xavier, a Marcelina do filme \u201cMinha M\u00e3e \u00c9 [&hellip;]<\/p>\n","protected":false},"author":1,"featured_media":142097,"comment_status":"open","ping_status":"closed","sticky":false,"template":"","format":"standard","meta":{"amp_status":"","footnotes":""},"categories":[6],"tags":[191786,1018,191778,76699,191779,191792,191790,191781,191789,191791,191788,191777,191787,191780,191783,191784,191782,15364,191793,191785],"class_list":["post-142096","post","type-post","status-publish","format-standard","has-post-thumbnail","hentry","category-br","tag-carnaval-2019","tag-destaque","tag-entrevista-com-gabriel-diniz","tag-gabriel-diniz","tag-hit-do-verao-gabriel-diniz","tag-jeniffer-louise-silva","tag-jennifer-ferrarezi","tag-jennifer-gabriel-diniz","tag-jennifer-vinti","tag-jhennifer-de-souza-santos","tag-mariana-xavier","tag-minientrevista-com-gabriel-diniz","tag-musica-do-carnaval-2019","tag-musica-do-verao-gabriel-diniz","tag-musica-jenifer","tag-musica-jenifer-gabriel-diniz","tag-o-nome-dela-e-jeniffer-gabriel-diniz","tag-paraiba","tag-saiba-quem-e-a-jenifer-de-gabriel-diniz","tag-verao-2019"],"_links":{"self":[{"href":"https:\/\/aconteceunovale.com.br\/portal\/index.php?rest_route=\/wp\/v2\/posts\/142096","targetHints":{"allow":["GET"]}}],"collection":[{"href":"https:\/\/aconteceunovale.com.br\/portal\/index.php?rest_route=\/wp\/v2\/posts"}],"about":[{"href":"https:\/\/aconteceunovale.com.br\/portal\/index.php?rest_route=\/wp\/v2\/types\/post"}],"author":[{"embeddable":true,"href":"https:\/\/aconteceunovale.com.br\/portal\/index.php?rest_route=\/wp\/v2\/users\/1"}],"replies":[{"embeddable":true,"href":"https:\/\/aconteceunovale.com.br\/portal\/index.php?rest_route=%2Fwp%2Fv2%2Fcomments&post=142096"}],"version-history":[{"count":0,"href":"https:\/\/aconteceunovale.com.br\/portal\/index.php?rest_route=\/wp\/v2\/posts\/142096\/revisions"}],"wp:featuredmedia":[{"embeddable":true,"href":"https:\/\/aconteceunovale.com.br\/portal\/index.php?rest_route=\/wp\/v2\/media\/142097"}],"wp:attachment":[{"href":"https:\/\/aconteceunovale.com.br\/portal\/index.php?rest_route=%2Fwp%2Fv2%2Fmedia&parent=142096"}],"wp:term":[{"taxonomy":"category","embeddable":true,"href":"https:\/\/aconteceunovale.com.br\/portal\/index.php?rest_route=%2Fwp%2Fv2%2Fcategories&post=142096"},{"taxonomy":"post_tag","embeddable":true,"href":"https:\/\/aconteceunovale.com.br\/portal\/index.php?rest_route=%2Fwp%2Fv2%2Ftags&post=142096"}],"curies":[{"name":"wp","href":"https:\/\/api.w.org\/{rel}","templated":true}]}}