{"id":142090,"date":"2019-01-14T19:50:27","date_gmt":"2019-01-14T21:50:27","guid":{"rendered":"http:\/\/aconteceunovale.com.br\/portal\/?p=142090"},"modified":"2019-01-14T20:19:24","modified_gmt":"2019-01-14T22:19:24","slug":"aviao-que-saiu-de-belo-horizonte-muda-rota-apos-passageiro-passar-mal","status":"publish","type":"post","link":"https:\/\/aconteceunovale.com.br\/portal\/?p=142090","title":{"rendered":"Avi\u00e3o que saiu de Belo Horizonte muda rota ap\u00f3s passageiro passar mal"},"content":{"rendered":"<p>Um passageiro passou mal durante o voo AD9087, que partiu na manh\u00e3 desta segunda-feira (14\/1\/2019) do Aeroporto Internacional de Confins, na Regi\u00e3o Metropolitana de Belo Horizonte\/MG, com destino a Porto Alegre\/RS. O avi\u00e3o da Azul Linhas A\u00e9reas Brasileiras, fez um pouso n\u00e3o programado no Aeroporto de Campinas, em S\u00e3o Paulo, para o passageiro receber atendimento m\u00e9dico.<\/p>\n<p>De acordo com a Azul, o passageiro foi acompanhado pela equipe da companhia e levado para um hospital da regi\u00e3o. Ap\u00f3s o desembarque e o atendimento m\u00e9dico, o avi\u00e3o seguiu at\u00e9 Porto Alegre. <\/p>\n<p><center><br \/>\n<!-- Erro, o An\u00fancio n\u00e3o est\u00e1 dispon\u00edvel neste momento devido \u00e0s restri\u00e7\u00f5es de agendamento\/geolocaliza\u00e7\u00e3o! --><br \/>\n<\/br><br \/>\n<\/center><\/p>\n<p>A companhia a\u00e9rea n\u00e3o informou o que aconteceu com o passageiro e qual o tempo de atraso do voo.<\/p>\n<p><strong>VER PRIMEIRO<\/strong><\/p>\n<p>Receba as not\u00edcias do Aconteceu no Vale em primeira m\u00e3o. Clique em curtir no endere\u00e7o <a href=\"https:\/\/www.facebook.com\/aconteceunovale\" target=\"_blank\"><font color=\"red\">www.facebook.com\/aconteceunovale<\/font><\/a> ou no box abaixo:<\/p>\n<div class=\"fb-like\" data-href=\"https:\/\/www.facebook.com\/aconteceunovale\" data-width=\"120\" data-layout=\"standard\" data-action=\"like\" data-size=\"small\" data-show-faces=\"true\" data-share=\"true\"><\/div>\n<p><\/br><\/p>\n<p><em>(Fonte: Estado de Minas \/ Imagem ilustrativa)<\/em><\/p>\n","protected":false},"excerpt":{"rendered":"<p>Um passageiro passou mal durante o voo AD9087, que partiu na manh\u00e3 desta segunda-feira (14\/1\/2019) do Aeroporto Internacional de Confins, na Regi\u00e3o Metropolitana de Belo Horizonte\/MG, com destino a Porto Alegre\/RS. O avi\u00e3o da Azul Linhas A\u00e9reas Brasileiras, fez um pouso n\u00e3o programado no Aeroporto de Campinas, em S\u00e3o Paulo, para o passageiro receber atendimento [&hellip;]<\/p>\n","protected":false},"author":1,"featured_media":142091,"comment_status":"open","ping_status":"closed","sticky":false,"template":"","format":"standard","meta":{"amp_status":"","footnotes":""},"categories":[6,123],"tags":[191768,191767,77876,1077,194,1017,4607,4613,191776,183928],"class_list":["post-142090","post","type-post","status-publish","format-standard","has-post-thumbnail","hentry","category-br","category-gerais","tag-aviao-da-azul-que-saiu-de-belo-horizonte-muda-rota-apos-passageiro-passar-mal","tag-aviao-que-saiu-de-belo-horizonte-muda-rota-apos-passageiro-passar-mal","tag-azul","tag-azul-linhas-aereas","tag-belo-horizonte","tag-bh","tag-campinas","tag-porto-alegre","tag-voo-ad9087-da-azul","tag-voo-da-azul"],"_links":{"self":[{"href":"https:\/\/aconteceunovale.com.br\/portal\/index.php?rest_route=\/wp\/v2\/posts\/142090","targetHints":{"allow":["GET"]}}],"collection":[{"href":"https:\/\/aconteceunovale.com.br\/portal\/index.php?rest_route=\/wp\/v2\/posts"}],"about":[{"href":"https:\/\/aconteceunovale.com.br\/portal\/index.php?rest_route=\/wp\/v2\/types\/post"}],"author":[{"embeddable":true,"href":"https:\/\/aconteceunovale.com.br\/portal\/index.php?rest_route=\/wp\/v2\/users\/1"}],"replies":[{"embeddable":true,"href":"https:\/\/aconteceunovale.com.br\/portal\/index.php?rest_route=%2Fwp%2Fv2%2Fcomments&post=142090"}],"version-history":[{"count":0,"href":"https:\/\/aconteceunovale.com.br\/portal\/index.php?rest_route=\/wp\/v2\/posts\/142090\/revisions"}],"wp:featuredmedia":[{"embeddable":true,"href":"https:\/\/aconteceunovale.com.br\/portal\/index.php?rest_route=\/wp\/v2\/media\/142091"}],"wp:attachment":[{"href":"https:\/\/aconteceunovale.com.br\/portal\/index.php?rest_route=%2Fwp%2Fv2%2Fmedia&parent=142090"}],"wp:term":[{"taxonomy":"category","embeddable":true,"href":"https:\/\/aconteceunovale.com.br\/portal\/index.php?rest_route=%2Fwp%2Fv2%2Fcategories&post=142090"},{"taxonomy":"post_tag","embeddable":true,"href":"https:\/\/aconteceunovale.com.br\/portal\/index.php?rest_route=%2Fwp%2Fv2%2Ftags&post=142090"}],"curies":[{"name":"wp","href":"https:\/\/api.w.org\/{rel}","templated":true}]}}