{"id":142083,"date":"2019-01-14T19:20:31","date_gmt":"2019-01-14T21:20:31","guid":{"rendered":"http:\/\/aconteceunovale.com.br\/portal\/?p=142083"},"modified":"2019-01-14T19:20:31","modified_gmt":"2019-01-14T21:20:31","slug":"ceara-convocara-militares-da-reserva-para-reforcar-seguranca","status":"publish","type":"post","link":"https:\/\/aconteceunovale.com.br\/portal\/?p=142083","title":{"rendered":"Cear\u00e1 convocar\u00e1 militares da reserva para refor\u00e7ar seguran\u00e7a"},"content":{"rendered":"<p>O governo do Cear\u00e1 planeja convocar at\u00e9 1,2 mil policiais e bombeiros militares da reserva para refor\u00e7ar o patrulhamento nas ruas e, assim, enfrentar a onda de ataques criminosos no estado, que chegou hoje (14) ao 13\u00ba dia.<\/p>\n<p>A convoca\u00e7\u00e3o dos militares da reserva \u00e9 parte das medidas aprovadas pela Assembleia Legislativa e sancionadas, ontem (13), pelo governador Camilo Santana.<\/p>\n<p>Al\u00e9m da convoca\u00e7\u00e3o emergencial de militares reformados nos \u00faltimos cinco anos, aprovados nos exames de sa\u00fade e f\u00edsicos, as novas leis de enfrentamento \u00e0 viol\u00eancia e ao crime organizado permitem que o governo estadual amplie de 48 horas para 84 horas a quantidade m\u00e1xima de horas extras que policiais, bombeiros e agentes penitenci\u00e1rios s\u00e3o autorizados a fazer mensalmente.<\/p>\n<p><center><br \/>\n<!-- Erro, o An\u00fancio n\u00e3o est\u00e1 dispon\u00edvel neste momento devido \u00e0s restri\u00e7\u00f5es de agendamento\/geolocaliza\u00e7\u00e3o! --><br \/>\n<\/br><br \/>\n<\/center><\/p>\n<p>As medidas, j\u00e1 em vigor, tamb\u00e9m possibilitam ao Poder Executivo cearense assinar conv\u00eanios com a Uni\u00e3o e com outras unidades da federa\u00e7\u00e3o para a cess\u00e3o de policiais; estabelece regras de restri\u00e7\u00e3o ao uso do entorno dos pres\u00eddios para prevenir fugas e garantir mais seguran\u00e7a, e autoriza o governo a pagar por informa\u00e7\u00f5es que resultem na pris\u00e3o de bandidos ou evitem ataques criminosos.<\/p>\n<p>Segundo a Secretaria estadual da Seguran\u00e7a P\u00fablica e Defesa Social, 358 suspeitos de participar dos ataques a pr\u00e9dios p\u00fablicos, \u00f4nibus e obras de infraestrutura foram presos ou apreendidos at\u00e9 esta manh\u00e3. Desde o come\u00e7o dos ataques, no \u00faltimo dia 2, as for\u00e7as de seguran\u00e7a p\u00fablica tamb\u00e9m v\u00eam apreendendo armas e explosivos. S\u00f3 na tarde do \u00faltimo s\u00e1bado (12), cerca de cinco toneladas de explosivos foram encontradas em um dep\u00f3sito clandestino.<\/p>\n<p>A Pol\u00edcia Rodovi\u00e1ria Federal (PRF) tamb\u00e9m confirmou, hoje (14), que enviar\u00e1 mais policiais rodovi\u00e1rios para o estado a fim de refor\u00e7ar as a\u00e7\u00f5es da superintend\u00eancia cearense. A quantidade de agentes e a data que eles chegar\u00e3o ainda est\u00e3o sendo definidas, segundo a assessoria do \u00f3rg\u00e3o subordinado ao Minist\u00e9rio da Justi\u00e7a. Ser\u00e1 o segundo grupo de policiais rodovi\u00e1rios federais deslocado para se somar ao efetivo local.<\/p>\n<p><img decoding=\"async\" src=\"http:\/\/aconteceunovale.com.br\/portal\/wp-content\/uploads\/2019\/01\/militares_ceara.jpg\" alt=\"\" \/><em>Foto: Jos\u00e9 Cruz\/Ag\u00eancia Brasil<\/em><br \/>\n<\/br><\/p>\n<p><strong>VER PRIMEIRO<\/strong><\/p>\n<p>Receba as not\u00edcias do Aconteceu no Vale em primeira m\u00e3o. Clique em curtir no endere\u00e7o <a href=\"https:\/\/www.facebook.com\/aconteceunovale\" target=\"_blank\"><font color=\"red\">www.facebook.com\/aconteceunovale<\/font><\/a> ou no box abaixo:<\/p>\n<div class=\"fb-like\" data-href=\"https:\/\/www.facebook.com\/aconteceunovale\" data-width=\"120\" data-layout=\"standard\" data-action=\"like\" data-size=\"small\" data-show-faces=\"true\" data-share=\"true\"><\/div>\n<p><\/br><\/p>\n<p><em>(Fonte: Ag\u00eancia Brasil)<\/em><\/p>\n","protected":false},"excerpt":{"rendered":"<p>O governo do Cear\u00e1 planeja convocar at\u00e9 1,2 mil policiais e bombeiros militares da reserva para refor\u00e7ar o patrulhamento nas ruas e, assim, enfrentar a onda de ataques criminosos no estado, que chegou hoje (14) ao 13\u00ba dia. A convoca\u00e7\u00e3o dos militares da reserva \u00e9 parte das medidas aprovadas pela Assembleia Legislativa e sancionadas, ontem [&hellip;]<\/p>\n","protected":false},"author":1,"featured_media":142084,"comment_status":"open","ping_status":"closed","sticky":false,"template":"","format":"standard","meta":{"amp_status":"","footnotes":""},"categories":[6],"tags":[191533,191534,191530,191529,100375,11469,14684,191625,191626,26436,91025,191535,191536,174222,191531,191532],"class_list":["post-142083","post","type-post","status-publish","format-standard","has-post-thumbnail","hentry","category-br","tag-ataque-torre-de-transmissao-de-energia","tag-ataque-torre-de-transmissao-de-energia-no-ceara","tag-ataques-criminosos-no-ceara","tag-ataques-no-ceara","tag-bolsonaro","tag-ceara","tag-fortaleza","tag-intervencao-federal-no-ceara","tag-intervencao-no-ceara","tag-jair-bolsonaro","tag-maracanau","tag-pls-2722016","tag-presidente-defende-que-ataques-no-ceara-sejam-considerados-terrorismo","tag-presidente-jair-bolsonaro","tag-terrorismo-no-ceara","tag-torre-de-transmissao-de-energia"],"_links":{"self":[{"href":"https:\/\/aconteceunovale.com.br\/portal\/index.php?rest_route=\/wp\/v2\/posts\/142083","targetHints":{"allow":["GET"]}}],"collection":[{"href":"https:\/\/aconteceunovale.com.br\/portal\/index.php?rest_route=\/wp\/v2\/posts"}],"about":[{"href":"https:\/\/aconteceunovale.com.br\/portal\/index.php?rest_route=\/wp\/v2\/types\/post"}],"author":[{"embeddable":true,"href":"https:\/\/aconteceunovale.com.br\/portal\/index.php?rest_route=\/wp\/v2\/users\/1"}],"replies":[{"embeddable":true,"href":"https:\/\/aconteceunovale.com.br\/portal\/index.php?rest_route=%2Fwp%2Fv2%2Fcomments&post=142083"}],"version-history":[{"count":0,"href":"https:\/\/aconteceunovale.com.br\/portal\/index.php?rest_route=\/wp\/v2\/posts\/142083\/revisions"}],"wp:featuredmedia":[{"embeddable":true,"href":"https:\/\/aconteceunovale.com.br\/portal\/index.php?rest_route=\/wp\/v2\/media\/142084"}],"wp:attachment":[{"href":"https:\/\/aconteceunovale.com.br\/portal\/index.php?rest_route=%2Fwp%2Fv2%2Fmedia&parent=142083"}],"wp:term":[{"taxonomy":"category","embeddable":true,"href":"https:\/\/aconteceunovale.com.br\/portal\/index.php?rest_route=%2Fwp%2Fv2%2Fcategories&post=142083"},{"taxonomy":"post_tag","embeddable":true,"href":"https:\/\/aconteceunovale.com.br\/portal\/index.php?rest_route=%2Fwp%2Fv2%2Ftags&post=142083"}],"curies":[{"name":"wp","href":"https:\/\/api.w.org\/{rel}","templated":true}]}}