{"id":142080,"date":"2019-01-14T19:13:28","date_gmt":"2019-01-14T21:13:28","guid":{"rendered":"http:\/\/aconteceunovale.com.br\/portal\/?p=142080"},"modified":"2019-01-14T19:13:28","modified_gmt":"2019-01-14T21:13:28","slug":"presidente-assina-amanha-decreto-que-flexibiliza-posse-de-armas","status":"publish","type":"post","link":"https:\/\/aconteceunovale.com.br\/portal\/?p=142080","title":{"rendered":"Presidente assina amanh\u00e3 decreto que flexibiliza posse de armas"},"content":{"rendered":"<p>O presidente Jair Bolsonaro assina amanh\u00e3 (15\/1\/2019), durante cerim\u00f4nia no Pal\u00e1cio do Planalto, o decreto que flexibiliza a posse de armas, informou a Casa Civil. O texto regulamentar\u00e1 a posse de armas de fogo no pa\u00eds, ma das principais promessas de campanha do presidente da Rep\u00fablica.<\/p>\n<p>O decreto refere-se exclusivamente \u00e0 posse de armas. O porte de arma de fogo, ou seja, o direito de andar com a arma na rua ou no carro n\u00e3o ser\u00e1 inclu\u00eddo no texto. A previs\u00e3o \u00e9 que seja facilitada a obten\u00e7\u00e3o de licen\u00e7a para manter armas em casa. Os detalhes do decreto, entretando, n\u00e3o foram divulgados pela Casa Civil. <\/p>\n<p>A assinatura do decreto ser\u00e1 logo depois da reuni\u00e3o ministerial, que o Bolsonaro passou a fazer todas as ter\u00e7a-feiras, \u00e0s 9h no Planalto, desde que assumiu o poder em 1\u00ba de janeiro. <\/p>\n<p><center><br \/>\n<!-- Erro, o An\u00fancio n\u00e3o est\u00e1 dispon\u00edvel neste momento devido \u00e0s restri\u00e7\u00f5es de agendamento\/geolocaliza\u00e7\u00e3o! --><br \/>\n<\/br><br \/>\n<\/center><\/p>\n<p>Na semana passada, o presidente se reuniu com parlamentares e conversou sobre a flexibiliza\u00e7\u00e3o da posse de armas. O deputado federal Alberto Fraga (DEM-DF) afirmou que Bolsonaro pretendia tirar do delegado da Pol\u00edcia Federal (PF) a decis\u00e3o de conceder a licen\u00e7a apenas com base na justificativa do solicitante. <\/p>\n<p>Segundo Fraga, estudos analisados pela Presid\u00eancia da Rep\u00fablica inclu\u00edam a necessidade de justificar o pedido de posse de arma. A justificativa n\u00e3o poder\u00e1 ser usada como fundamento para uma negativa. Outros requisitos ser\u00e3o exigidos, como a aus\u00eancia de antecedentes criminais e a aprova\u00e7\u00e3o do requerente em teste psicol\u00f3gico.<\/p>\n<p>De acordo com o parlamentar, o decreto dever\u00e1 aumentar para 10 anos o prazo para renova\u00e7\u00e3o do registro de arma de fogo.<\/p>\n<p><img decoding=\"async\" src=\"http:\/\/aconteceunovale.com.br\/portal\/wp-content\/uploads\/2019\/01\/bolsonaro1.jpg\" alt=\"\" \/><em>Foto: Marcos Corr\u00eaa\/PR<\/em><br \/>\n<\/br><\/p>\n<p><strong>VER PRIMEIRO<\/strong><\/p>\n<p>Receba as not\u00edcias do Aconteceu no Vale em primeira m\u00e3o. Clique em curtir no endere\u00e7o <a href=\"https:\/\/www.facebook.com\/aconteceunovale\" target=\"_blank\"><font color=\"red\">www.facebook.com\/aconteceunovale<\/font><\/a> ou no box abaixo:<\/p>\n<div class=\"fb-like\" data-href=\"https:\/\/www.facebook.com\/aconteceunovale\" data-width=\"120\" data-layout=\"standard\" data-action=\"like\" data-size=\"small\" data-show-faces=\"true\" data-share=\"true\"><\/div>\n<p><\/br><\/p>\n<p><em>(Fonte: Ag\u00eancia Brasil)<\/em><\/p>\n","protected":false},"excerpt":{"rendered":"<p>O presidente Jair Bolsonaro assina amanh\u00e3 (15\/1\/2019), durante cerim\u00f4nia no Pal\u00e1cio do Planalto, o decreto que flexibiliza a posse de armas, informou a Casa Civil. O texto regulamentar\u00e1 a posse de armas de fogo no pa\u00eds, ma das principais promessas de campanha do presidente da Rep\u00fablica. O decreto refere-se exclusivamente \u00e0 posse de armas. O [&hellip;]<\/p>\n","protected":false},"author":1,"featured_media":142081,"comment_status":"open","ping_status":"closed","sticky":false,"template":"","format":"standard","meta":{"amp_status":"","footnotes":""},"categories":[6,40240],"tags":[191753,1018,191748,26436,191750,191749,164647,191747,191754,191751,191752],"class_list":["post-142080","post","type-post","status-publish","format-standard","has-post-thumbnail","hentry","category-br","category-politica-2","tag-decreto-que-flexibiliza-posse-de-armas-de-fogo","tag-destaque","tag-flexibilizacao-da-posse-de-arma-de-fogo","tag-jair-bolsonaro","tag-liberacao-da-posse-de-arma-de-fogo","tag-porte-de-arma-de-fogo","tag-posse-de-arma","tag-posse-de-arma-de-fogo","tag-presidente-assina-amanha-decreto-que-flexibiliza-posse-de-armas","tag-presidente-assina-amanha-decreto-que-flexibiliza-posse-de-armas-de-fogo","tag-presidente-assina-decreto-que-flexibiliza-posse-de-armas-de-fogo"],"_links":{"self":[{"href":"https:\/\/aconteceunovale.com.br\/portal\/index.php?rest_route=\/wp\/v2\/posts\/142080","targetHints":{"allow":["GET"]}}],"collection":[{"href":"https:\/\/aconteceunovale.com.br\/portal\/index.php?rest_route=\/wp\/v2\/posts"}],"about":[{"href":"https:\/\/aconteceunovale.com.br\/portal\/index.php?rest_route=\/wp\/v2\/types\/post"}],"author":[{"embeddable":true,"href":"https:\/\/aconteceunovale.com.br\/portal\/index.php?rest_route=\/wp\/v2\/users\/1"}],"replies":[{"embeddable":true,"href":"https:\/\/aconteceunovale.com.br\/portal\/index.php?rest_route=%2Fwp%2Fv2%2Fcomments&post=142080"}],"version-history":[{"count":0,"href":"https:\/\/aconteceunovale.com.br\/portal\/index.php?rest_route=\/wp\/v2\/posts\/142080\/revisions"}],"wp:featuredmedia":[{"embeddable":true,"href":"https:\/\/aconteceunovale.com.br\/portal\/index.php?rest_route=\/wp\/v2\/media\/142081"}],"wp:attachment":[{"href":"https:\/\/aconteceunovale.com.br\/portal\/index.php?rest_route=%2Fwp%2Fv2%2Fmedia&parent=142080"}],"wp:term":[{"taxonomy":"category","embeddable":true,"href":"https:\/\/aconteceunovale.com.br\/portal\/index.php?rest_route=%2Fwp%2Fv2%2Fcategories&post=142080"},{"taxonomy":"post_tag","embeddable":true,"href":"https:\/\/aconteceunovale.com.br\/portal\/index.php?rest_route=%2Fwp%2Fv2%2Ftags&post=142080"}],"curies":[{"name":"wp","href":"https:\/\/api.w.org\/{rel}","templated":true}]}}