{"id":142074,"date":"2019-01-14T18:44:39","date_gmt":"2019-01-14T20:44:39","guid":{"rendered":"http:\/\/aconteceunovale.com.br\/portal\/?p=142074"},"modified":"2019-01-14T18:46:07","modified_gmt":"2019-01-14T20:46:07","slug":"justica-de-januaria-condena-padrasto-por-estupro","status":"publish","type":"post","link":"https:\/\/aconteceunovale.com.br\/portal\/?p=142074","title":{"rendered":"Justi\u00e7a de Janu\u00e1ria condena padrasto por estupro"},"content":{"rendered":"<p>A Justi\u00e7a da comarca de Janu\u00e1ria, no Norte de Minas, condenou um homem de 32 anos pelo crime de estupro de vulner\u00e1vel. Ele dever\u00e1 cumprir 12 anos de reclus\u00e3o em regime inicialmente fechado, por ter abusado de sua enteada de 13 anos. O abuso foi flagrado pela parceira do r\u00e9u, m\u00e3e da menina.<\/p>\n<p>Segundo o Minist\u00e9rio P\u00fablico, em 26 de janeiro de 2013, R. R. da S., residente em Pedras de Maria da Cruz\/MG, dirigiu-se, \u00e0 noite, ao quarto da menina. Pedindo que ela se despisse, passou a acariciar a adolescente, tocando suas partes \u00edntimas e beijando-lhe o corpo.<\/p>\n<p>Ainda de acordo com a den\u00fancia, a aproxima\u00e7\u00e3o da m\u00e3e interrompeu a tentativa de submeter a v\u00edtima \u00e0 penetra\u00e7\u00e3o. A adolescente disse que o padrasto se aproveitava do momento em que todos dormiam. Acrescentou que j\u00e1 vinha sendo assediada, mas tinha medo de denunciar o r\u00e9u. <\/p>\n<p><center><br \/>\n<!-- Erro, o An\u00fancio n\u00e3o est\u00e1 dispon\u00edvel neste momento devido \u00e0s restri\u00e7\u00f5es de agendamento\/geolocaliza\u00e7\u00e3o! --><br \/>\n<\/br><br \/>\n<\/center><\/p>\n<p>O homem, tanto em depoimento prestado \u00e0 autoridade policial quanto em ju\u00edzo, negou a pr\u00e1tica do crime. Inicialmente, quando perguntado sobre o motivo que levou a v\u00edtima a acus\u00e1-lo de abuso, ele declarou acreditar que era porque ela descobriu \u201cque ele estava traindo a m\u00e3e dela\u201d.<\/p>\n<p><img decoding=\"async\" src=\"http:\/\/aconteceunovale.com.br\/portal\/wp-content\/uploads\/2019\/01\/pedras_maria_da_cru.jpg\" alt=\"\" \/><em>Vista de Pedras de Maria da Cruz &#8211; Divulga\u00e7\u00e3o<\/em><br \/>\n<\/br><\/p>\n<p><strong>Defesa<\/strong><\/p>\n<p>No interrogat\u00f3rio, o acusado apresentou outra vers\u00e3o, sustentando que o prov\u00e1vel motivo da den\u00fancia seria o fato de ser bastante rigoroso com a v\u00edtima e ter despertado nela o sentimento de raiva. Ele tamb\u00e9m apresentou fotoc\u00f3pias do di\u00e1rio da menina. <\/p>\n<p>Ao reconhecer o estupro de vulner\u00e1vel (que inclui quaisquer atos libidinosos com menores de 14 anos), a ju\u00edza B\u00e1rbara L\u00edvio se baseou no depoimento da adolescente, em ind\u00edcios e provas testemunhais.<\/p>\n<p><strong>Senten\u00e7a<\/strong><\/p>\n<p>Apoiando-se nas Leis 11.340\/06 (Maria da Penha) e 13.341\/17 (referente ao depoimento especial), que trazem prote\u00e7\u00e3o especial \u00e0s v\u00edtimas e testemunhas de viol\u00eancia dom\u00e9stica, a magistrada determinou a retirada de informa\u00e7\u00f5es, por consider\u00e1-las provas il\u00edcitas.<\/p>\n<p>\u201cO objetivo do r\u00e9u, com a juntada das referidas c\u00f3pias, \u00e9 apenas fazer prova da personalidade da v\u00edtima, uma adolescente, n\u00e3o podendo esta ser justificativa para qualquer tipo de abuso. O acusado pretende transferir a culpa para a v\u00edtima, quando nenhum comportamento dela justificaria uma viol\u00eancia sexual, raz\u00e3o pela qual deixo de valorar a referida prova e determino o seu desentranhamento dos autos\u201d, afirmou a ju\u00edza B\u00e1rbara L\u00edvio.<\/p>\n<p><strong>VER PRIMEIRO<\/strong><\/p>\n<p>Receba as not\u00edcias do Aconteceu no Vale em primeira m\u00e3o. Clique em curtir no endere\u00e7o <a href=\"https:\/\/www.facebook.com\/aconteceunovale\" target=\"_blank\"><font color=\"red\">www.facebook.com\/aconteceunovale<\/font><\/a> ou no box abaixo:<\/p>\n<div class=\"fb-like\" data-href=\"https:\/\/www.facebook.com\/aconteceunovale\" data-width=\"120\" data-layout=\"standard\" data-action=\"like\" data-size=\"small\" data-show-faces=\"true\" data-share=\"true\"><\/div>\n<p><\/br><\/p>\n<p><em>(Fonte: TJMG)<\/em><\/p>\n","protected":false},"excerpt":{"rendered":"<p>A Justi\u00e7a da comarca de Janu\u00e1ria, no Norte de Minas, condenou um homem de 32 anos pelo crime de estupro de vulner\u00e1vel. Ele dever\u00e1 cumprir 12 anos de reclus\u00e3o em regime inicialmente fechado, por ter abusado de sua enteada de 13 anos. O abuso foi flagrado pela parceira do r\u00e9u, m\u00e3e da menina. Segundo o [&hellip;]<\/p>\n","protected":false},"author":1,"featured_media":142075,"comment_status":"open","ping_status":"closed","sticky":false,"template":"","format":"standard","meta":{"amp_status":"","footnotes":""},"categories":[1236],"tags":[191738,1018,191737,205,191736,191739,191741,191740,3723,191735],"class_list":["post-142074","post","type-post","status-publish","format-standard","has-post-thumbnail","hentry","category-norte_de_minas","tag-condenado-por-estupro-em-pedras-de-maria-da-cruz","tag-destaque","tag-estupro-em-pedras-de-maria-da-cruz","tag-januaria","tag-justica-de-januaria","tag-justica-de-januaria-condena-padrasto-por-estupro","tag-padrasto-e-condenado-por-estupro-em-pedras-de-maria-da-cruz","tag-padrasto-e-condenado-por-estupro-no-norte-de-minas","tag-pedras-de-maria-da-cruz","tag-ruberval-rodrigues-da-silva"],"_links":{"self":[{"href":"https:\/\/aconteceunovale.com.br\/portal\/index.php?rest_route=\/wp\/v2\/posts\/142074","targetHints":{"allow":["GET"]}}],"collection":[{"href":"https:\/\/aconteceunovale.com.br\/portal\/index.php?rest_route=\/wp\/v2\/posts"}],"about":[{"href":"https:\/\/aconteceunovale.com.br\/portal\/index.php?rest_route=\/wp\/v2\/types\/post"}],"author":[{"embeddable":true,"href":"https:\/\/aconteceunovale.com.br\/portal\/index.php?rest_route=\/wp\/v2\/users\/1"}],"replies":[{"embeddable":true,"href":"https:\/\/aconteceunovale.com.br\/portal\/index.php?rest_route=%2Fwp%2Fv2%2Fcomments&post=142074"}],"version-history":[{"count":0,"href":"https:\/\/aconteceunovale.com.br\/portal\/index.php?rest_route=\/wp\/v2\/posts\/142074\/revisions"}],"wp:featuredmedia":[{"embeddable":true,"href":"https:\/\/aconteceunovale.com.br\/portal\/index.php?rest_route=\/wp\/v2\/media\/142075"}],"wp:attachment":[{"href":"https:\/\/aconteceunovale.com.br\/portal\/index.php?rest_route=%2Fwp%2Fv2%2Fmedia&parent=142074"}],"wp:term":[{"taxonomy":"category","embeddable":true,"href":"https:\/\/aconteceunovale.com.br\/portal\/index.php?rest_route=%2Fwp%2Fv2%2Fcategories&post=142074"},{"taxonomy":"post_tag","embeddable":true,"href":"https:\/\/aconteceunovale.com.br\/portal\/index.php?rest_route=%2Fwp%2Fv2%2Ftags&post=142074"}],"curies":[{"name":"wp","href":"https:\/\/api.w.org\/{rel}","templated":true}]}}