{"id":142065,"date":"2019-01-14T15:14:03","date_gmt":"2019-01-14T17:14:03","guid":{"rendered":"http:\/\/aconteceunovale.com.br\/portal\/?p=142065"},"modified":"2019-01-14T15:14:03","modified_gmt":"2019-01-14T17:14:03","slug":"policia-do-rio-identifica-suspeito-de-ataque-a-deputada-martha-rocha","status":"publish","type":"post","link":"https:\/\/aconteceunovale.com.br\/portal\/?p=142065","title":{"rendered":"Pol\u00edcia do Rio identifica suspeito de ataque \u00e0 deputada Martha Rocha"},"content":{"rendered":"<p>A Delegacia de Homic\u00eddios (DH) do Rio de Janeiro j\u00e1 identificou um dos suspeitos de participar do ataque \u00e0 deputada estadual Martha Rocha (PDT-RJ), cujo carro foi alvejado por criminosos, um deles com um fuzil, na manh\u00e3 deste domingo (13), na Penha, zona norte da cidade. O nome do suspeito n\u00e3o foi revelado para n\u00e3o atrapalhar as investiga\u00e7\u00f5es. A pol\u00edcia tamb\u00e9m realizar\u00e1 hoje (14) uma per\u00edcia complementar no local para descobrir as circunst\u00e2ncias do crime.<\/p>\n<p>Para dar seguimento \u00e0s apura\u00e7\u00f5es, equipes da DH investigam o suspeito, analisam imagens e est\u00e3o em busca de outras c\u00e2meras de seguran\u00e7a que possam ajudar a confirmar a autoria do crime.<\/p>\n<p>Ontem de manh\u00e3, um carro emparelhou com o Toyotta Corolla blindado da deputada, quando ela ia para a missa com sua m\u00e3e. Apesar da blindagem do autom\u00f3vel, o motorista foi ferido na perna, atendido em um hospital e, em seguida, liberado.<\/p>\n<p><center><br \/>\n<!-- Erro, o An\u00fancio n\u00e3o est\u00e1 dispon\u00edvel neste momento devido \u00e0s restri\u00e7\u00f5es de agendamento\/geolocaliza\u00e7\u00e3o! --><br \/>\n<\/br><br \/>\n<\/center><\/p>\n<p>A motiva\u00e7\u00e3o do crime ainda n\u00e3o foi descoberta, mas o Disque Den\u00fancia confirmou que a deputada Martha Rocha foi informada de tr\u00eas amea\u00e7as feitas a ela e recebidas por este canal em novembro do ano passado.<\/p>\n<p>A deputada disse que foi comunicada pelo Disque Den\u00fancia sobre poss\u00edvel um atentado por parte de milicianos contra autoridades. Na ocasi\u00e3o, todas os \u00f3rg\u00e3os competentes foram acionados.<\/p>\n<p>\u201cNuma dessas not\u00edcias estavam especificando que haveria um atentado contra mim em raz\u00e3o de uma decis\u00e3o de um segmento da mil\u00edcia. Ponderei [com as autoridades] que n\u00e3o me cabia pedir escolta, o que me cabia era solicitar uma an\u00e1lise de risco, ou seja, que a Pol\u00edcia Civil me dissesse se aquelas not\u00edcias s\u00e3o, ou n\u00e3o, verdadeiras\u201d, acrescentou Martha.<\/p>\n<p>Em face desse hist\u00f3rico, o caso \u00e9 analisado sob duas linhas de investiga\u00e7\u00e3o: tentativa de roubo ao ve\u00edculo blindado ou atentado pessoal.<\/p>\n<p>Para Martha Rocha, o epis\u00f3dio merece aten\u00e7\u00e3o independentemente da motiva\u00e7\u00e3o. \u201cMesmo que, ao final [da investiga\u00e7\u00e3o], se entenda que foi uma tentativa de roubo, eu quero ser a voz das pessoas que moram naquela regi\u00e3o, porque n\u00e3o \u00e9 admiss\u00edvel que \u00e0s 9h15 da manh\u00e3 de domingo tenha um carro circulando com, no m\u00ednimo, dois elementos, um deles vestido de preto, com luvas e touca ninja preta, portando um fuzil, para proceder roubos naquela localidade\u201d, afirmou a deputada.<\/p>\n<p>A delegada Martha Rocha foi a primeira mulher na hist\u00f3ria a chefiar a Pol\u00edcia Civil do Rio de Janeiro.<\/p>\n<p><img decoding=\"async\" src=\"http:\/\/aconteceunovale.com.br\/portal\/wp-content\/uploads\/2019\/01\/marta_rocha.jpg\" alt=\"\" \/><em>Martha Rocha &#8211; Foto: Jos\u00e9 Cruz\/Arquivo\/Ag\u00eancia Brasil<\/em><br \/>\n<\/br><\/p>\n<p><strong>VER PRIMEIRO<\/strong><\/p>\n<p>Receba as not\u00edcias do Aconteceu no Vale em primeira m\u00e3o. Clique em curtir no endere\u00e7o <a href=\"https:\/\/www.facebook.com\/aconteceunovale\" target=\"_blank\"><font color=\"red\">www.facebook.com\/aconteceunovale<\/font><\/a> ou no box abaixo:<\/p>\n<div class=\"fb-like\" data-href=\"https:\/\/www.facebook.com\/aconteceunovale\" data-width=\"120\" data-layout=\"standard\" data-action=\"like\" data-size=\"small\" data-show-faces=\"true\" data-share=\"true\"><\/div>\n<p><\/br><\/p>\n<p><em>(Fonte: Ag\u00eancia Brasil)<\/em><\/p>\n","protected":false},"excerpt":{"rendered":"<p>A Delegacia de Homic\u00eddios (DH) do Rio de Janeiro j\u00e1 identificou um dos suspeitos de participar do ataque \u00e0 deputada estadual Martha Rocha (PDT-RJ), cujo carro foi alvejado por criminosos, um deles com um fuzil, na manh\u00e3 deste domingo (13), na Penha, zona norte da cidade. O nome do suspeito n\u00e3o foi revelado para n\u00e3o [&hellip;]<\/p>\n","protected":false},"author":1,"featured_media":142066,"comment_status":"open","ping_status":"closed","sticky":false,"template":"","format":"standard","meta":{"amp_status":"","footnotes":""},"categories":[6,40240],"tags":[191717,191716,191714,191719,191713,191715,191718,1104],"class_list":["post-142065","post","type-post","status-publish","format-standard","has-post-thumbnail","hentry","category-br","category-politica-2","tag-ataque-a-martha-rocha","tag-ataque-contra-martha-rocha","tag-delegacia-de-homicidios-do-rio-de-janeiro","tag-deputada-martha-rocha","tag-dh-rio-de-janeiro","tag-martha-rocha","tag-policia-do-rio-identifica-suspeito-de-ataque-a-deputada-martha-rocha","tag-rio-de-janeiro"],"_links":{"self":[{"href":"https:\/\/aconteceunovale.com.br\/portal\/index.php?rest_route=\/wp\/v2\/posts\/142065","targetHints":{"allow":["GET"]}}],"collection":[{"href":"https:\/\/aconteceunovale.com.br\/portal\/index.php?rest_route=\/wp\/v2\/posts"}],"about":[{"href":"https:\/\/aconteceunovale.com.br\/portal\/index.php?rest_route=\/wp\/v2\/types\/post"}],"author":[{"embeddable":true,"href":"https:\/\/aconteceunovale.com.br\/portal\/index.php?rest_route=\/wp\/v2\/users\/1"}],"replies":[{"embeddable":true,"href":"https:\/\/aconteceunovale.com.br\/portal\/index.php?rest_route=%2Fwp%2Fv2%2Fcomments&post=142065"}],"version-history":[{"count":0,"href":"https:\/\/aconteceunovale.com.br\/portal\/index.php?rest_route=\/wp\/v2\/posts\/142065\/revisions"}],"wp:featuredmedia":[{"embeddable":true,"href":"https:\/\/aconteceunovale.com.br\/portal\/index.php?rest_route=\/wp\/v2\/media\/142066"}],"wp:attachment":[{"href":"https:\/\/aconteceunovale.com.br\/portal\/index.php?rest_route=%2Fwp%2Fv2%2Fmedia&parent=142065"}],"wp:term":[{"taxonomy":"category","embeddable":true,"href":"https:\/\/aconteceunovale.com.br\/portal\/index.php?rest_route=%2Fwp%2Fv2%2Fcategories&post=142065"},{"taxonomy":"post_tag","embeddable":true,"href":"https:\/\/aconteceunovale.com.br\/portal\/index.php?rest_route=%2Fwp%2Fv2%2Ftags&post=142065"}],"curies":[{"name":"wp","href":"https:\/\/api.w.org\/{rel}","templated":true}]}}