{"id":142062,"date":"2019-01-14T15:05:59","date_gmt":"2019-01-14T17:05:59","guid":{"rendered":"http:\/\/aconteceunovale.com.br\/portal\/?p=142062"},"modified":"2019-01-14T15:10:47","modified_gmt":"2019-01-14T17:10:47","slug":"ministerio-publico-nao-tem-duvidas-de-que-morte-de-marielle-franco-esta-ligado-a-milicias","status":"publish","type":"post","link":"https:\/\/aconteceunovale.com.br\/portal\/?p=142062","title":{"rendered":"Minist\u00e9rio P\u00fablico n\u00e3o tem d\u00favidas de que morte de Marielle Franco est\u00e1 ligado a mil\u00edcias"},"content":{"rendered":"<p>O procurador-geral de Justi\u00e7a do estado do Rio de Janeiro, Eduardo Gussem, disse hoje (14\/1\/2019) n\u00e3o ter d\u00favidas de que o assassinato da vereadora Marielle Franco (PSOL) e seu motorista Anderson Gomes est\u00e1 relacionado a grupos de milicianos. Gussem discursou ao ser reconduzido ao cargo para mais dois anos de mandato \u00e0 frente do Minist\u00e9rio P\u00fablico do Estado do Rio de Janeiro.<\/p>\n<p>&#8220;N\u00e3o tenho d\u00favidas em afirmar que o caso Marielle e Anderson Gomes est\u00e1 relacionado a essas organiza\u00e7\u00f5es criminosas&#8221;, disse ele. O assassinato completa hoje dez meses e segue em investiga\u00e7\u00e3o sigilosa na Pol\u00edcia Civil e no pr\u00f3prio Minist\u00e9rio P\u00fablico estadual.<\/p>\n<p><center><br \/>\n<!-- Erro, o An\u00fancio n\u00e3o est\u00e1 dispon\u00edvel neste momento devido \u00e0s restri\u00e7\u00f5es de agendamento\/geolocaliza\u00e7\u00e3o! --><br \/>\n<\/br><br \/>\n<\/center><\/p>\n<p>Gussen afirmou que as mil\u00edcias representam &#8220;uma forma perversa de plantar o terror e o medo na sociedade&#8221; e destacou que, quando confrontadas pelo aparato estatal, elas reagem &#8220;com severos ataques a bens p\u00fablicos e amea\u00e7as a autoridades&#8221;. O procurador-geral de Justi\u00e7a lembrou ainda o ataque a tiros sofrido ontem pela delegada e deputada estadual Martha Rocha (PDT), que n\u00e3o se feriu com os disparos contra seu carro, mas teve o motorista baleado. A parlamentar relatou ter sofrido amea\u00e7as de milicianos .<\/p>\n<p>&#8220;Espero que o lament\u00e1vel epis\u00f3dio ocorrido ontem com a deputada estadual Martha Rocha n\u00e3o seja mais um cap\u00edtulo dessa triste e grave hist\u00f3ria&#8221;, disse.<\/p>\n<p><img decoding=\"async\" src=\"http:\/\/aconteceunovale.com.br\/portal\/wp-content\/uploads\/2019\/01\/marielle_franco.jpg\" alt=\"\" \/><em>Foto: Renan Olaz\/C\u00e2mara Municipal do Rio<\/em><br \/>\n<\/br><\/p>\n<p><strong>Duas linhas<\/strong><\/p>\n<p>Ao fim da cerim\u00f4nia de recondu\u00e7\u00e3o ao cargo, o procurador-geral de Justi\u00e7a explicou que o minist\u00e9rio p\u00fablico estadual e a Pol\u00edcia Civil trabalham em duas linhas de investiga\u00e7\u00e3o distintas no caso Marielle. Enquanto os promotores cruzam dados do caso com outros processos e organiza\u00e7\u00f5es criminosas identificadas, a Pol\u00edcia Civil se debru\u00e7a sobre o crime de forma mais espec\u00edfica.<\/p>\n<p>&#8220;Elas necessariamente n\u00e3o s\u00e3o divergentes, podem at\u00e9 ser convergentes. S\u00e3o linhas que, com o andar dessa an\u00e1lise, podem desembocar na mesma organiza\u00e7\u00e3o criminosa&#8221;, disse ele, que ponderou que a investiga\u00e7\u00e3o da Pol\u00edcia Civil necessariamente vai passar pela avalia\u00e7\u00e3o do Minist\u00e9rio P\u00fablico quando conclu\u00edda.<\/p>\n<p>O governador Wilson Witzel (PSC) disse que n\u00e3o teve acesso ao processo, que est\u00e1 em segredo de justi\u00e7a, mas defendeu que uma resposta seja apresentada \u00e0 sociedade rapidamente.<\/p>\n<p>&#8220;Me parece que as duas t\u00eam que andar juntas. Se n\u00e3o for poss\u00edvel, aquela que estiver mais adiantada que d\u00ea a resposta pra sociedade. Se voc\u00ea tem uma investiga\u00e7\u00e3o mais adiantada na policia, que a policia j\u00e1 apresente logo o resultado&#8221;, disse ele, que o que se espera do direito penal \u00e9 uma resposta r\u00e1pida \u00e0 sociedade: &#8220;\u00c9 muito melhor apresentar muitas vezes um resultado parcial de uma investiga\u00e7\u00e3o. O inqu\u00e9rito pode ser cindido e continuar a investiga\u00e7\u00e3o em outros fatos&#8221;.<\/p>\n<p><strong>VER PRIMEIRO<\/strong><\/p>\n<p>Receba as not\u00edcias do Aconteceu no Vale em primeira m\u00e3o. Clique em curtir no endere\u00e7o <a href=\"https:\/\/www.facebook.com\/aconteceunovale\" target=\"_blank\"><font color=\"red\">www.facebook.com\/aconteceunovale<\/font><\/a> ou no box abaixo:<\/p>\n<div class=\"fb-like\" data-href=\"https:\/\/www.facebook.com\/aconteceunovale\" data-width=\"120\" data-layout=\"standard\" data-action=\"like\" data-size=\"small\" data-show-faces=\"true\" data-share=\"true\"><\/div>\n<p><\/br><\/p>\n<p><em>(Fonte: Ag\u00eancia Brasil)<\/em><\/p>\n","protected":false},"excerpt":{"rendered":"<p>O procurador-geral de Justi\u00e7a do estado do Rio de Janeiro, Eduardo Gussem, disse hoje (14\/1\/2019) n\u00e3o ter d\u00favidas de que o assassinato da vereadora Marielle Franco (PSOL) e seu motorista Anderson Gomes est\u00e1 relacionado a grupos de milicianos. Gussem discursou ao ser reconduzido ao cargo para mais dois anos de mandato \u00e0 frente do Minist\u00e9rio [&hellip;]<\/p>\n","protected":false},"author":1,"featured_media":142063,"comment_status":"open","ping_status":"closed","sticky":false,"template":"","format":"standard","meta":{"amp_status":"","footnotes":""},"categories":[6,40240],"tags":[170746,191712,190603,13969,1104,170742],"class_list":["post-142062","post","type-post","status-publish","format-standard","has-post-thumbnail","hentry","category-br","category-politica-2","tag-marielle-franco","tag-ministerio-publico-nao-tem-duvidas-de-que-morte-de-marielle-franco-esta-ligado-a-milicias","tag-morte-da-vereadora-marielle-franco","tag-psol","tag-rio-de-janeiro","tag-vereadora-marielle-franco"],"_links":{"self":[{"href":"https:\/\/aconteceunovale.com.br\/portal\/index.php?rest_route=\/wp\/v2\/posts\/142062","targetHints":{"allow":["GET"]}}],"collection":[{"href":"https:\/\/aconteceunovale.com.br\/portal\/index.php?rest_route=\/wp\/v2\/posts"}],"about":[{"href":"https:\/\/aconteceunovale.com.br\/portal\/index.php?rest_route=\/wp\/v2\/types\/post"}],"author":[{"embeddable":true,"href":"https:\/\/aconteceunovale.com.br\/portal\/index.php?rest_route=\/wp\/v2\/users\/1"}],"replies":[{"embeddable":true,"href":"https:\/\/aconteceunovale.com.br\/portal\/index.php?rest_route=%2Fwp%2Fv2%2Fcomments&post=142062"}],"version-history":[{"count":0,"href":"https:\/\/aconteceunovale.com.br\/portal\/index.php?rest_route=\/wp\/v2\/posts\/142062\/revisions"}],"wp:featuredmedia":[{"embeddable":true,"href":"https:\/\/aconteceunovale.com.br\/portal\/index.php?rest_route=\/wp\/v2\/media\/142063"}],"wp:attachment":[{"href":"https:\/\/aconteceunovale.com.br\/portal\/index.php?rest_route=%2Fwp%2Fv2%2Fmedia&parent=142062"}],"wp:term":[{"taxonomy":"category","embeddable":true,"href":"https:\/\/aconteceunovale.com.br\/portal\/index.php?rest_route=%2Fwp%2Fv2%2Fcategories&post=142062"},{"taxonomy":"post_tag","embeddable":true,"href":"https:\/\/aconteceunovale.com.br\/portal\/index.php?rest_route=%2Fwp%2Fv2%2Ftags&post=142062"}],"curies":[{"name":"wp","href":"https:\/\/api.w.org\/{rel}","templated":true}]}}