{"id":142058,"date":"2019-01-14T13:54:45","date_gmt":"2019-01-14T15:54:45","guid":{"rendered":"http:\/\/aconteceunovale.com.br\/portal\/?p=142058"},"modified":"2019-01-14T13:54:45","modified_gmt":"2019-01-14T15:54:45","slug":"producao-de-bicicletas-aumenta-159-no-brasil","status":"publish","type":"post","link":"https:\/\/aconteceunovale.com.br\/portal\/?p=142058","title":{"rendered":"Produ\u00e7\u00e3o de bicicletas aumenta 15,9% no Brasil"},"content":{"rendered":"<p>As fabricantes de bicicletas produziram 773.641 unidades em 2018, volume 15,9% superior ao de 2017 (667.363 unidades), de acordo com dados da Associa\u00e7\u00e3o Brasileira dos Fabricantes de Motocicletas, Ciclomotores, Motonetas, Bicicletas e Similares (Abraciclo), divulgados hoje (14) em S\u00e3o Paulo.<\/p>\n<p>Em dezembro, foram produzidas 21.857 unidades, volume equivalente ao do mesmo per\u00edodo de 2017 (21.879 unidades). Na compara\u00e7\u00e3o com novembro de 2018 (83.726 unidades), houve queda de 73,9%.<\/p>\n<p>Segundo o vice-presidente do Segmento de Bicicletas da Abraciclo, Cyro Gazola, a retomada nos neg\u00f3cios, ap\u00f3s quatro anos em decl\u00ednio, foi impulsionada pela maior oferta de produtos, pre\u00e7os mais competitivos e expans\u00e3o da mobilidade urbana.<\/p>\n<p><center><br \/>\n<!-- Erro, o An\u00fancio n\u00e3o est\u00e1 dispon\u00edvel neste momento devido \u00e0s restri\u00e7\u00f5es de agendamento\/geolocaliza\u00e7\u00e3o! --><br \/>\n<\/br><br \/>\n<\/center><\/p>\n<p>\u201cIsso mostra com clareza o impacto positivo da amplia\u00e7\u00e3o das redes de ciclovias, ciclofaixas e ciclorrotas nas cidades brasileiras\u201d, disse. Ele ainda atribui ao desempenho positivo a uma redu\u00e7\u00e3o do \u00edndice de inadimpl\u00eancia dos consumidores, aliada ao aumento da oferta de cr\u00e9dito pelas institui\u00e7\u00f5es financeiras.<\/p>\n<p>Os volumes de bicicletas produzidos no Polo Industrial de Manaus (PIM) em 2018 foram distribu\u00eddos para comercializa\u00e7\u00e3o para as seguintes regi\u00f5es do Pa\u00eds: Sudeste, com 55,4% das unidades; Sul, 19,5%; Nordeste, 14,7%; Centro-Oeste, 5,8%; e Norte, 4,6%.<\/p>\n<p><strong>Proje\u00e7\u00f5es<\/strong><\/p>\n<p>De acordo com a Abraciclo, a produ\u00e7\u00e3o de bicicletas deve ter um aumento de 10,8% em 2019, chegando a 857.000 unidades.  <\/p>\n<p>Segundo Gazola, a expectativa est\u00e1 baseada nas mudan\u00e7as e implanta\u00e7\u00e3o de novas medidas na economia, que podem ocorrer com o novo governo, al\u00e9m da continuidade dos lan\u00e7amentos de bicicletas de maior valor agregado.<\/p>\n<p>De acordo com o executivo, o mercado percebe e responde positivamente \u00e0 melhoria cont\u00ednua da tecnologia, qualidade e gama de oferta dos produtos e marcas nacionais, que t\u00eam pre\u00e7os mais acess\u00edveis aos consumidores.<\/p>\n<p>\u201cCom a redu\u00e7\u00e3o do endividamento das fam\u00edlias, devem ser retomadas as compras planejadas, tendo, ainda, o apoio do varejo na oferta de cr\u00e9dito mais acess\u00edvel. Esses fatores podem levar a uma acelera\u00e7\u00e3o da demanda j\u00e1 no primeiro semestre do ano\u201d, finalizou.<\/p>\n<p><img decoding=\"async\" src=\"http:\/\/aconteceunovale.com.br\/portal\/wp-content\/uploads\/2019\/01\/bicicletas_br.jpg\" alt=\"\" \/><em>Produ\u00e7\u00e3o e uso de bicicletas v\u00eam crescendo no Brasil (Wilson Dias\/Ag\u00eancia Brasil)<\/em><br \/>\n<\/br><\/p>\n<p><strong>VER PRIMEIRO<\/strong><\/p>\n<p>Receba as not\u00edcias do Aconteceu no Vale em primeira m\u00e3o. Clique em curtir no endere\u00e7o <a href=\"https:\/\/www.facebook.com\/aconteceunovale\" target=\"_blank\"><font color=\"red\">www.facebook.com\/aconteceunovale<\/font><\/a> ou no box abaixo:<\/p>\n<div class=\"fb-like\" data-href=\"https:\/\/www.facebook.com\/aconteceunovale\" data-width=\"120\" data-layout=\"standard\" data-action=\"like\" data-size=\"small\" data-show-faces=\"true\" data-share=\"true\"><\/div>\n<p><\/br><\/p>\n<p><em>(Fonte: Ag\u00eancia Brasil)<\/em><\/p>\n","protected":false},"excerpt":{"rendered":"<p>As fabricantes de bicicletas produziram 773.641 unidades em 2018, volume 15,9% superior ao de 2017 (667.363 unidades), de acordo com dados da Associa\u00e7\u00e3o Brasileira dos Fabricantes de Motocicletas, Ciclomotores, Motonetas, Bicicletas e Similares (Abraciclo), divulgados hoje (14) em S\u00e3o Paulo. Em dezembro, foram produzidas 21.857 unidades, volume equivalente ao do mesmo per\u00edodo de 2017 (21.879 [&hellip;]<\/p>\n","protected":false},"author":1,"featured_media":142060,"comment_status":"open","ping_status":"closed","sticky":false,"template":"","format":"standard","meta":{"amp_status":"","footnotes":""},"categories":[6],"tags":[104635,191703,50090,19589,191706,191704,31374,191701,191699,191700,191702,191705],"class_list":["post-142058","post","type-post","status-publish","format-standard","has-post-thumbnail","hentry","category-br","tag-abraciclo","tag-aumenta-producao-de-bicicletas-no-brasil","tag-bicicletas","tag-crescimento","tag-cyro-gazola","tag-fabricantes-de-bicicletas-no-brasil-produziram-773-641-unidades-em-2018","tag-producao","tag-producao-de-bicicletas","tag-producao-de-bicicletas-aumenta-15-9-no-brasil","tag-producao-de-bicicletas-aumenta-no-brasil","tag-producao-de-bicicletas-no-brasil","tag-vice-presidente-do-segmento-de-bicicletas-da-abraciclo"],"_links":{"self":[{"href":"https:\/\/aconteceunovale.com.br\/portal\/index.php?rest_route=\/wp\/v2\/posts\/142058","targetHints":{"allow":["GET"]}}],"collection":[{"href":"https:\/\/aconteceunovale.com.br\/portal\/index.php?rest_route=\/wp\/v2\/posts"}],"about":[{"href":"https:\/\/aconteceunovale.com.br\/portal\/index.php?rest_route=\/wp\/v2\/types\/post"}],"author":[{"embeddable":true,"href":"https:\/\/aconteceunovale.com.br\/portal\/index.php?rest_route=\/wp\/v2\/users\/1"}],"replies":[{"embeddable":true,"href":"https:\/\/aconteceunovale.com.br\/portal\/index.php?rest_route=%2Fwp%2Fv2%2Fcomments&post=142058"}],"version-history":[{"count":0,"href":"https:\/\/aconteceunovale.com.br\/portal\/index.php?rest_route=\/wp\/v2\/posts\/142058\/revisions"}],"wp:featuredmedia":[{"embeddable":true,"href":"https:\/\/aconteceunovale.com.br\/portal\/index.php?rest_route=\/wp\/v2\/media\/142060"}],"wp:attachment":[{"href":"https:\/\/aconteceunovale.com.br\/portal\/index.php?rest_route=%2Fwp%2Fv2%2Fmedia&parent=142058"}],"wp:term":[{"taxonomy":"category","embeddable":true,"href":"https:\/\/aconteceunovale.com.br\/portal\/index.php?rest_route=%2Fwp%2Fv2%2Fcategories&post=142058"},{"taxonomy":"post_tag","embeddable":true,"href":"https:\/\/aconteceunovale.com.br\/portal\/index.php?rest_route=%2Fwp%2Fv2%2Ftags&post=142058"}],"curies":[{"name":"wp","href":"https:\/\/api.w.org\/{rel}","templated":true}]}}