{"id":142052,"date":"2019-01-14T13:41:37","date_gmt":"2019-01-14T15:41:37","guid":{"rendered":"http:\/\/aconteceunovale.com.br\/portal\/?p=142052"},"modified":"2019-01-14T13:41:37","modified_gmt":"2019-01-14T15:41:37","slug":"morre-sargento-que-estava-no-helicoptero-da-policia-militar-que-caiu-no-rio","status":"publish","type":"post","link":"https:\/\/aconteceunovale.com.br\/portal\/?p=142052","title":{"rendered":"Morre sargento que estava no helic\u00f3ptero da Pol\u00edcia Militar que caiu no Rio"},"content":{"rendered":"<p>O sargento Felipe Marques de Queiroz, de 37 anos, uma das v\u00edtimas da queda do helic\u00f3ptero da Pol\u00edcia Militar (PM), no Rio de Janeiro, morreu na manh\u00e3 de hoje (14\/1\/2019). Ele era um dos quatro tripulantes que estavam na aeronave do Grupamento Aerom\u00f3vel (GAM) da PM durante o acidente.  <\/p>\n<p>Outros tr\u00eas policiais foram socorridos e levados ao Hospital Central da PM, mas est\u00e3o fora de perigo, de acordo com informa\u00e7\u00f5es de policiais.<\/p>\n<p>A aeronave F\u00eanix 08 do GAM, um helic\u00f3ptero do modelo esquilo, patrulhava a Linha Vermelha, principal via de liga\u00e7\u00e3o entre a Baixada Fluminense e o centro do Rio, quando teve que, segundo a PM, \u201cfazer um pouso for\u00e7ado na \u00e1gua\u201d, nas proximidades das ilhas do Governador e do Fund\u00e3o, na manh\u00e3 de hoje.<\/p>\n<p>O helic\u00f3ptero, segundo a PM, estava com manuten\u00e7\u00e3o regularizada. O acidente ser\u00e1 investigado pela Aeron\u00e1utica e pelo Centro de Criminal\u00edstica da PM.<\/p>\n<p><img decoding=\"async\" src=\"http:\/\/aconteceunovale.com.br\/portal\/wp-content\/uploads\/2019\/01\/militar_queiroz_rio.jpeg\" alt=\"\" \/><em>Foto: Reprodu\u00e7\u00e3o\/WhatsApp<\/em><br \/>\n<\/br><\/p>\n<p><strong>VER PRIMEIRO<\/strong><\/p>\n<p>Receba as not\u00edcias do Aconteceu no Vale em primeira m\u00e3o. Clique em curtir no endere\u00e7o <a href=\"https:\/\/www.facebook.com\/aconteceunovale\" target=\"_blank\"><font color=\"red\">www.facebook.com\/aconteceunovale<\/font><\/a> ou no box abaixo:<\/p>\n<div class=\"fb-like\" data-href=\"https:\/\/www.facebook.com\/aconteceunovale\" data-width=\"120\" data-layout=\"standard\" data-action=\"like\" data-size=\"small\" data-show-faces=\"true\" data-share=\"true\"><\/div>\n<p><\/br><\/p>\n<p><em>(Fonte: Ag\u00eancia Brasil)<\/em><\/p>\n","protected":false},"excerpt":{"rendered":"<p>O sargento Felipe Marques de Queiroz, de 37 anos, uma das v\u00edtimas da queda do helic\u00f3ptero da Pol\u00edcia Militar (PM), no Rio de Janeiro, morreu na manh\u00e3 de hoje (14\/1\/2019). Ele era um dos quatro tripulantes que estavam na aeronave do Grupamento Aerom\u00f3vel (GAM) da PM durante o acidente. Outros tr\u00eas policiais foram socorridos e [&hellip;]<\/p>\n","protected":false},"author":1,"featured_media":142054,"comment_status":"open","ping_status":"closed","sticky":false,"template":"","format":"standard","meta":{"amp_status":"","footnotes":""},"categories":[6],"tags":[191631,191629,191633,191627,191638,1018,191697,126642,191639,191640,191637,191635,26237,191636,191696,552,169,40480,191632,191634,191630,191628,58317,1104,99860],"class_list":["post-142052","post","type-post","status-publish","format-standard","has-post-thumbnail","hentry","category-br","tag-acidente-com-helicoptero-da-pm-do-rio","tag-acidente-gam-pm-rio","tag-acidente-helicoptero-baia-de-guanabara","tag-acidente-helicoptero-do-grupamento-aeromovel-da-policia-militar-do-rio-de-janeiro","tag-cidade-universitaria","tag-destaque","tag-felipe-marques-de-queiroz","tag-helicoptero","tag-helicoptero-da-policia-militar-cai-na-baia-de-guanabara","tag-helicoptero-da-policia-militar-cai-no-rio-de-janeiro","tag-helicoptero-patrulhava-linha-vermelha","tag-helicoptero-reforcava-o-patrulhamento-da-linha-vermelha","tag-hospital","tag-linha-vermelha","tag-morre-sargento-que-estava-no-helicoptero-da-policia-militar-que-caiu-no-rio","tag-pm","tag-policia-militar","tag-queda","tag-queda-de-helicoptero-da-pm-do-rio","tag-queda-de-helicoptero-na-baia-de-guanabara","tag-queda-gam-pm-rio","tag-queda-helicoptero-do-grupamento-aeromovel-da-policia-militar-do-rio-de-janeiro","tag-rio","tag-rio-de-janeiro","tag-rj"],"_links":{"self":[{"href":"https:\/\/aconteceunovale.com.br\/portal\/index.php?rest_route=\/wp\/v2\/posts\/142052","targetHints":{"allow":["GET"]}}],"collection":[{"href":"https:\/\/aconteceunovale.com.br\/portal\/index.php?rest_route=\/wp\/v2\/posts"}],"about":[{"href":"https:\/\/aconteceunovale.com.br\/portal\/index.php?rest_route=\/wp\/v2\/types\/post"}],"author":[{"embeddable":true,"href":"https:\/\/aconteceunovale.com.br\/portal\/index.php?rest_route=\/wp\/v2\/users\/1"}],"replies":[{"embeddable":true,"href":"https:\/\/aconteceunovale.com.br\/portal\/index.php?rest_route=%2Fwp%2Fv2%2Fcomments&post=142052"}],"version-history":[{"count":0,"href":"https:\/\/aconteceunovale.com.br\/portal\/index.php?rest_route=\/wp\/v2\/posts\/142052\/revisions"}],"wp:featuredmedia":[{"embeddable":true,"href":"https:\/\/aconteceunovale.com.br\/portal\/index.php?rest_route=\/wp\/v2\/media\/142054"}],"wp:attachment":[{"href":"https:\/\/aconteceunovale.com.br\/portal\/index.php?rest_route=%2Fwp%2Fv2%2Fmedia&parent=142052"}],"wp:term":[{"taxonomy":"category","embeddable":true,"href":"https:\/\/aconteceunovale.com.br\/portal\/index.php?rest_route=%2Fwp%2Fv2%2Fcategories&post=142052"},{"taxonomy":"post_tag","embeddable":true,"href":"https:\/\/aconteceunovale.com.br\/portal\/index.php?rest_route=%2Fwp%2Fv2%2Ftags&post=142052"}],"curies":[{"name":"wp","href":"https:\/\/api.w.org\/{rel}","templated":true}]}}