{"id":142044,"date":"2019-01-14T13:19:34","date_gmt":"2019-01-14T15:19:34","guid":{"rendered":"http:\/\/aconteceunovale.com.br\/portal\/?p=142044"},"modified":"2019-01-14T13:19:34","modified_gmt":"2019-01-14T15:19:34","slug":"mulher-e-esfaqueada-apos-negar-relacionamento-com-ex-presidiario-em-claro-dos-pocoes-no-norte-de-minas","status":"publish","type":"post","link":"https:\/\/aconteceunovale.com.br\/portal\/?p=142044","title":{"rendered":"Mulher \u00e9 esfaqueada ap\u00f3s negar relacionamento com ex-presidi\u00e1rio em Claro dos Po\u00e7\u00f5es, no Norte de Minas"},"content":{"rendered":"<p>Uma mulher de 31 anos foi esfaqueada pelo ex-companheiro, de 22, em Claro dos Po\u00e7\u00f5es, no Norte de Minas, nesse domingo (13\/1\/2019). De acordo com informa\u00e7\u00f5es da Pol\u00edcia Militar (PM), o agressor estava preso por tr\u00e1fico de drogas e ao sair da cadeia foi at\u00e9 a casa da v\u00edtima. <\/p>\n<p>Ainda segundo a PM, a mulher foi esfaqueada porque se negou a continuar o relacionamento com o homem, j\u00e1 que ele tinha ficado preso.<\/p>\n<p><center><br \/>\n<!-- Erro, o An\u00fancio n\u00e3o est\u00e1 dispon\u00edvel neste momento devido \u00e0s restri\u00e7\u00f5es de agendamento\/geolocaliza\u00e7\u00e3o! --><br \/>\n<\/br><br \/>\n<\/center><\/p>\n<p>A v\u00edtima foi atingida no bra\u00e7o e o homem tentou esfaque\u00e1-la no abd\u00f4men, mas foi impedido por testemunhas. Ela recebeu atendimento no hospital da cidade e foi liberada.<\/p>\n<p>O homem foi preso e encaminhado \u00e0 Delegacia de Montes Claros.<\/p>\n<p><strong>VER PRIMEIRO<\/strong><\/p>\n<p>Receba as not\u00edcias do Aconteceu no Vale em primeira m\u00e3o. Clique em curtir no endere\u00e7o <a href=\"https:\/\/www.facebook.com\/aconteceunovale\" target=\"_blank\"><font color=\"red\">www.facebook.com\/aconteceunovale<\/font><\/a> ou no box abaixo:<\/p>\n<div class=\"fb-like\" data-href=\"https:\/\/www.facebook.com\/aconteceunovale\" data-width=\"120\" data-layout=\"standard\" data-action=\"like\" data-size=\"small\" data-show-faces=\"true\" data-share=\"true\"><\/div>\n<p><\/br><\/p>\n<p><em>(Fonte: G1 Grande Minas)<\/em><\/p>\n","protected":false},"excerpt":{"rendered":"<p>Uma mulher de 31 anos foi esfaqueada pelo ex-companheiro, de 22, em Claro dos Po\u00e7\u00f5es, no Norte de Minas, nesse domingo (13\/1\/2019). De acordo com informa\u00e7\u00f5es da Pol\u00edcia Militar (PM), o agressor estava preso por tr\u00e1fico de drogas e ao sair da cadeia foi at\u00e9 a casa da v\u00edtima. Ainda segundo a PM, a mulher [&hellip;]<\/p>\n","protected":false},"author":1,"featured_media":71442,"comment_status":"open","ping_status":"closed","sticky":false,"template":"","format":"standard","meta":{"amp_status":"","footnotes":""},"categories":[1236],"tags":[2801,191683,210,191686,191687,191685,33228,191684],"class_list":["post-142044","post","type-post","status-publish","format-standard","has-post-thumbnail","hentry","category-norte_de_minas","tag-claro-dos-pocoes","tag-esfaqueada-em-claro-dos-pocoes","tag-montes-claros","tag-mulher-e-esfaqueada-apos-negar-relacionamento-com-ex-presidiario-em-claro-dos-pocoes","tag-mulher-e-esfaqueada-apos-negar-relacionamento-com-ex-presidiario-em-claro-dos-pocoes-no-norte-de-minas","tag-mulher-esfaqueada-em-claro-dos-pocoes","tag-no-norte-de-minas","tag-tentativa-de-homicidio-em-claro-dos-pocoes"],"_links":{"self":[{"href":"https:\/\/aconteceunovale.com.br\/portal\/index.php?rest_route=\/wp\/v2\/posts\/142044","targetHints":{"allow":["GET"]}}],"collection":[{"href":"https:\/\/aconteceunovale.com.br\/portal\/index.php?rest_route=\/wp\/v2\/posts"}],"about":[{"href":"https:\/\/aconteceunovale.com.br\/portal\/index.php?rest_route=\/wp\/v2\/types\/post"}],"author":[{"embeddable":true,"href":"https:\/\/aconteceunovale.com.br\/portal\/index.php?rest_route=\/wp\/v2\/users\/1"}],"replies":[{"embeddable":true,"href":"https:\/\/aconteceunovale.com.br\/portal\/index.php?rest_route=%2Fwp%2Fv2%2Fcomments&post=142044"}],"version-history":[{"count":0,"href":"https:\/\/aconteceunovale.com.br\/portal\/index.php?rest_route=\/wp\/v2\/posts\/142044\/revisions"}],"wp:featuredmedia":[{"embeddable":true,"href":"https:\/\/aconteceunovale.com.br\/portal\/index.php?rest_route=\/wp\/v2\/media\/71442"}],"wp:attachment":[{"href":"https:\/\/aconteceunovale.com.br\/portal\/index.php?rest_route=%2Fwp%2Fv2%2Fmedia&parent=142044"}],"wp:term":[{"taxonomy":"category","embeddable":true,"href":"https:\/\/aconteceunovale.com.br\/portal\/index.php?rest_route=%2Fwp%2Fv2%2Fcategories&post=142044"},{"taxonomy":"post_tag","embeddable":true,"href":"https:\/\/aconteceunovale.com.br\/portal\/index.php?rest_route=%2Fwp%2Fv2%2Ftags&post=142044"}],"curies":[{"name":"wp","href":"https:\/\/api.w.org\/{rel}","templated":true}]}}