{"id":142040,"date":"2019-01-14T13:08:41","date_gmt":"2019-01-14T15:08:41","guid":{"rendered":"http:\/\/aconteceunovale.com.br\/portal\/?p=142040"},"modified":"2019-01-14T13:08:41","modified_gmt":"2019-01-14T15:08:41","slug":"jovem-e-esfaqueado-pelo-pai-da-namorada-em-montes-claros","status":"publish","type":"post","link":"https:\/\/aconteceunovale.com.br\/portal\/?p=142040","title":{"rendered":"Jovem \u00e9 esfaqueado pelo pai da namorada em Montes Claros"},"content":{"rendered":"<p>Um jovem de 19 anos foi esfaqueado pelo pai da namorada em Montes Claros, no Norte de Minas, nesse domingo (13\/1\/2019). A adolescente, de 16 anos, disse \u00e0 pol\u00edcia que os dois estavam indo para a igreja e passavam pela Rua do Atl\u00e9tico, no Bairro Maracan\u00e3, quando o pai dela chegou armado com uma faca e agrediu o rapaz.<\/p>\n<p>O jovem foi atingido com uma facada no peito e encaminhado para a Santa Casa. A assessoria do hospital informou, na manh\u00e3 desta segunda-feira (14), que ele passou por cirurgia e o estado de sa\u00fade \u00e9 est\u00e1vel.<\/p>\n<p><center><br \/>\n<!-- Erro, o An\u00fancio n\u00e3o est\u00e1 dispon\u00edvel neste momento devido \u00e0s restri\u00e7\u00f5es de agendamento\/geolocaliza\u00e7\u00e3o! --><br \/>\n<\/br><br \/>\n<\/center> <\/p>\n<p>Segundo a PM, a adolescente tentou impedir as agress\u00f5es e sofreu escoria\u00e7\u00f5es na m\u00e3o, mas n\u00e3o precisou de atendimento m\u00e9dico.<\/p>\n<p>Ap\u00f3s o crime, o suspeito fugiu e ainda n\u00e3o foi preso. A motiva\u00e7\u00e3o da tentativa de homic\u00eddio n\u00e3o foi informada.<\/p>\n<p><strong>VER PRIMEIRO<\/strong><\/p>\n<p>Receba as not\u00edcias do Aconteceu no Vale em primeira m\u00e3o. Clique em curtir no endere\u00e7o <a href=\"https:\/\/www.facebook.com\/aconteceunovale\" target=\"_blank\"><font color=\"red\">www.facebook.com\/aconteceunovale<\/font><\/a> ou no box abaixo:<\/p>\n<div class=\"fb-like\" data-href=\"https:\/\/www.facebook.com\/aconteceunovale\" data-width=\"120\" data-layout=\"standard\" data-action=\"like\" data-size=\"small\" data-show-faces=\"true\" data-share=\"true\"><\/div>\n<p><\/br><\/p>\n<p><em>(Fonte: G1 Grande Minas)<\/em><\/p>\n","protected":false},"excerpt":{"rendered":"<p>Um jovem de 19 anos foi esfaqueado pelo pai da namorada em Montes Claros, no Norte de Minas, nesse domingo (13\/1\/2019). A adolescente, de 16 anos, disse \u00e0 pol\u00edcia que os dois estavam indo para a igreja e passavam pela Rua do Atl\u00e9tico, no Bairro Maracan\u00e3, quando o pai dela chegou armado com uma faca [&hellip;]<\/p>\n","protected":false},"author":1,"featured_media":71442,"comment_status":"open","ping_status":"closed","sticky":false,"template":"","format":"standard","meta":{"amp_status":"","footnotes":""},"categories":[1236],"tags":[49746,191682,191681,210,25221],"class_list":["post-142040","post","type-post","status-publish","format-standard","has-post-thumbnail","hentry","category-norte_de_minas","tag-esfaqueado-em-montes-claros","tag-esfaqueado-pelo-sogro-em-montes-claros","tag-jovem-e-esfaqueado-pelo-pai-da-namorada-em-montes-claros","tag-montes-claros","tag-tentativa-de-homicidio-em-montes-claros"],"_links":{"self":[{"href":"https:\/\/aconteceunovale.com.br\/portal\/index.php?rest_route=\/wp\/v2\/posts\/142040","targetHints":{"allow":["GET"]}}],"collection":[{"href":"https:\/\/aconteceunovale.com.br\/portal\/index.php?rest_route=\/wp\/v2\/posts"}],"about":[{"href":"https:\/\/aconteceunovale.com.br\/portal\/index.php?rest_route=\/wp\/v2\/types\/post"}],"author":[{"embeddable":true,"href":"https:\/\/aconteceunovale.com.br\/portal\/index.php?rest_route=\/wp\/v2\/users\/1"}],"replies":[{"embeddable":true,"href":"https:\/\/aconteceunovale.com.br\/portal\/index.php?rest_route=%2Fwp%2Fv2%2Fcomments&post=142040"}],"version-history":[{"count":0,"href":"https:\/\/aconteceunovale.com.br\/portal\/index.php?rest_route=\/wp\/v2\/posts\/142040\/revisions"}],"wp:featuredmedia":[{"embeddable":true,"href":"https:\/\/aconteceunovale.com.br\/portal\/index.php?rest_route=\/wp\/v2\/media\/71442"}],"wp:attachment":[{"href":"https:\/\/aconteceunovale.com.br\/portal\/index.php?rest_route=%2Fwp%2Fv2%2Fmedia&parent=142040"}],"wp:term":[{"taxonomy":"category","embeddable":true,"href":"https:\/\/aconteceunovale.com.br\/portal\/index.php?rest_route=%2Fwp%2Fv2%2Fcategories&post=142040"},{"taxonomy":"post_tag","embeddable":true,"href":"https:\/\/aconteceunovale.com.br\/portal\/index.php?rest_route=%2Fwp%2Fv2%2Ftags&post=142040"}],"curies":[{"name":"wp","href":"https:\/\/api.w.org\/{rel}","templated":true}]}}