{"id":142026,"date":"2019-01-14T12:18:53","date_gmt":"2019-01-14T14:18:53","guid":{"rendered":"http:\/\/aconteceunovale.com.br\/portal\/?p=142026"},"modified":"2019-01-14T12:18:53","modified_gmt":"2019-01-14T14:18:53","slug":"cesare-battisti-ficara-isolado-em-cela-de-alta-seguranca-por-seis-meses-2","status":"publish","type":"post","link":"https:\/\/aconteceunovale.com.br\/portal\/?p=142026","title":{"rendered":"Cesare Battisti ficar\u00e1 isolado em cela de alta seguran\u00e7a por seis meses"},"content":{"rendered":"<p>O italiano Cesare Battisti, 64 anos, vai cumprir pena na pris\u00e3o de Rebibbia, em Roma, numa cela sozinho, em \u00e1rea de alta seguran\u00e7a reservada a terroristas e em regime de isolamento por um per\u00edodo de seis meses.<\/p>\n<p>Battisti chegou hoje (14) ao Aeroporto de Roma Ciampino, na capital italiana. Vestindo cal\u00e7a jeans e uma jaqueta marrom, ele desceu do avi\u00e3o sem algemas e foi recebido por agentes do grupo operacional m\u00f3vel da pol\u00edcia penitenci\u00e1ria.<\/p>\n<p>O italiano foi capturado no \u00faltimo s\u00e1bado (12) nas ruas de Santa Cruz de La Sierra, na Bol\u00edvia, por agentes bolivianos em parceria com italianos. Segundo um v\u00eddeo feito no momento da pris\u00e3o, ele usava barba, \u00f3culos de sol, jeans e camiseta azul. N\u00e3o mostrou resist\u00eancia, n\u00e3o apresentou documentos e respondeu a algumas perguntas em portugu\u00eas.<\/p>\n<p><center><br \/>\n<!-- Erro, o An\u00fancio n\u00e3o est\u00e1 dispon\u00edvel neste momento devido \u00e0s restri\u00e7\u00f5es de agendamento\/geolocaliza\u00e7\u00e3o! --><br \/>\n<\/br><br \/>\n<\/center><\/p>\n<p>Condenado \u00e0 pris\u00e3o perp\u00e9tua na It\u00e1lia, Battisti foi sentenciado pelo assassinato de quatro pessoas na d\u00e9cada de 1970, quando integrava o grupo Prolet\u00e1rios Armados pelo Comunismo, um bra\u00e7o das Brigadas Vermelhas. Ele se diz inocente. Para as autoridades brasileiras, \u00e9 considerado terrorista.<\/p>\n<p>No Brasil desde 2004, o italiano foi preso tr\u00eas anos depois. O governo da It\u00e1lia pediu sua extradi\u00e7\u00e3o, aceita pelo Supremo Tribunal Federal. Contudo, no \u00faltimo dia de seu mandato, em dezembro de 2010, o ent\u00e3o presidente Luiz In\u00e1cio Lula da Silva decidiu que Battisti deveria ficar no Brasil, e o ato foi confirmado pela Suprema Corte.<\/p>\n<p><img decoding=\"async\" src=\"http:\/\/aconteceunovale.com.br\/portal\/wp-content\/uploads\/2019\/01\/battisti_itali.jpg\" alt=\"\" \/><em>Foto: Max Rossi\/Reuters\/Reprodu\u00e7\u00e3o Ag\u00eancia Brasil<\/em><br \/>\n<\/br><\/p>\n<p><strong>VER PRIMEIRO<\/strong><\/p>\n<p>Receba as not\u00edcias do Aconteceu no Vale em primeira m\u00e3o. Clique em curtir no endere\u00e7o <a href=\"https:\/\/www.facebook.com\/aconteceunovale\" target=\"_blank\"><font color=\"red\">www.facebook.com\/aconteceunovale<\/font><\/a> ou no box abaixo:<\/p>\n<div class=\"fb-like\" data-href=\"https:\/\/www.facebook.com\/aconteceunovale\" data-width=\"120\" data-layout=\"standard\" data-action=\"like\" data-size=\"small\" data-show-faces=\"true\" data-share=\"true\"><\/div>\n<p><\/br><\/p>\n<p><em>(Fonte: Ag\u00eancia Brasil e TV p\u00fablica Rai)<\/em><\/p>\n","protected":false},"excerpt":{"rendered":"<p>O italiano Cesare Battisti, 64 anos, vai cumprir pena na pris\u00e3o de Rebibbia, em Roma, numa cela sozinho, em \u00e1rea de alta seguran\u00e7a reservada a terroristas e em regime de isolamento por um per\u00edodo de seis meses. Battisti chegou hoje (14) ao Aeroporto de Roma Ciampino, na capital italiana. Vestindo cal\u00e7a jeans e uma jaqueta [&hellip;]<\/p>\n","protected":false},"author":1,"featured_media":142027,"comment_status":"open","ping_status":"closed","sticky":false,"template":"","format":"standard","meta":{"amp_status":"","footnotes":""},"categories":[6,28848],"tags":[191611,191613,191662,191661,191552,189438,16736,191575,189434,191574,191663,191660,191612,189639,191614,189623,154816,189435,189487,18920,191551,191555,26436,77985,7147,189437,127015,189624,189638,85356,191550,189622,189621,189488,19707,191553,191554,189436,22662,129174,28511,191556],"class_list":["post-142026","post","type-post","status-publish","format-standard","has-post-thumbnail","hentry","category-br","category-mundo","tag-ao-desembarcar-na-italia","tag-battisti","tag-battisti-chega-a-italia","tag-battisti-chega-a-roma","tag-battisti-santa-cruz-de-la-sierra","tag-battisti-vive-no-brasil-desde-2004","tag-bolivia","tag-bolsonaro-e-autoridades-italianas-comemoram-captura-de-battisti","tag-cesare-battisti","tag-cesare-battisti-fara-escala-no-brasil-antes-de-ser-extraditado-para-italia","tag-cesare-battisti-ficara-isolado-em-cela-de-alta-seguranca-por-seis-meses","tag-cesare-battisti-ficara-sozinho-em-cela-de-alta-seguranca-por-seis-meses","tag-cesare-battisti-sera-levado-direto-para-prisao","tag-considerado-foragido","tag-desembarque","tag-disfarces-de-cesare-battisti","tag-extradicao","tag-extradicao-de-cesare-battisti","tag-extradicao-do-italiano-cesare-battisti","tag-italia","tag-italiano-cesare-battisti","tag-italiano-cesare-battisti-e-preso-na-bolivia","tag-jair-bolsonaro","tag-luiz-fux","tag-lula","tag-ministro-do-supremo-determina-prisao-de-cesare-battisti","tag-pedido-de-prisao","tag-pf-divulga-possiveis-disfarces-de-cesare-battisti","tag-pf-procura-cesare-battisti","tag-pgr","tag-policia-italiana-divulgou-foto-do-momento-da-prisao","tag-possiveis-disfarces-de-cesare-battisti","tag-possiveis-disfarces-que-podem-ser-usados-por-cesare-battisti","tag-presidente-michel-temer-assina-extradicao-de-cesare-battisti","tag-prisao","tag-prisao-de-battisti","tag-prisao-de-battisti-em-santa-cruz-de-la-sierra","tag-prisao-de-cesare-battisti","tag-roma","tag-santa-cruz-de-la-sierra","tag-stf","tag-terrorista-italiano-cesare-battisti-e-preso-na-bolivia"],"_links":{"self":[{"href":"https:\/\/aconteceunovale.com.br\/portal\/index.php?rest_route=\/wp\/v2\/posts\/142026","targetHints":{"allow":["GET"]}}],"collection":[{"href":"https:\/\/aconteceunovale.com.br\/portal\/index.php?rest_route=\/wp\/v2\/posts"}],"about":[{"href":"https:\/\/aconteceunovale.com.br\/portal\/index.php?rest_route=\/wp\/v2\/types\/post"}],"author":[{"embeddable":true,"href":"https:\/\/aconteceunovale.com.br\/portal\/index.php?rest_route=\/wp\/v2\/users\/1"}],"replies":[{"embeddable":true,"href":"https:\/\/aconteceunovale.com.br\/portal\/index.php?rest_route=%2Fwp%2Fv2%2Fcomments&post=142026"}],"version-history":[{"count":0,"href":"https:\/\/aconteceunovale.com.br\/portal\/index.php?rest_route=\/wp\/v2\/posts\/142026\/revisions"}],"wp:featuredmedia":[{"embeddable":true,"href":"https:\/\/aconteceunovale.com.br\/portal\/index.php?rest_route=\/wp\/v2\/media\/142027"}],"wp:attachment":[{"href":"https:\/\/aconteceunovale.com.br\/portal\/index.php?rest_route=%2Fwp%2Fv2%2Fmedia&parent=142026"}],"wp:term":[{"taxonomy":"category","embeddable":true,"href":"https:\/\/aconteceunovale.com.br\/portal\/index.php?rest_route=%2Fwp%2Fv2%2Fcategories&post=142026"},{"taxonomy":"post_tag","embeddable":true,"href":"https:\/\/aconteceunovale.com.br\/portal\/index.php?rest_route=%2Fwp%2Fv2%2Ftags&post=142026"}],"curies":[{"name":"wp","href":"https:\/\/api.w.org\/{rel}","templated":true}]}}