{"id":142015,"date":"2019-01-14T11:24:45","date_gmt":"2019-01-14T13:24:45","guid":{"rendered":"http:\/\/aconteceunovale.com.br\/portal\/?p=142015"},"modified":"2019-01-14T11:24:45","modified_gmt":"2019-01-14T13:24:45","slug":"consultas-de-cpfs-para-vendas-a-prazo-no-comercio-crescem-28-2","status":"publish","type":"post","link":"https:\/\/aconteceunovale.com.br\/portal\/?p=142015","title":{"rendered":"Consultas de CPFs para vendas a prazo no com\u00e9rcio crescem 2,8%"},"content":{"rendered":"<p>O n\u00famero de consultas de Cadastro de Pessoas F\u00edsicas &#8211; CPFs &#8211; para vendas a prazo no com\u00e9rcio varejista brasileiro aumentou 2,8% em 2018 na compara\u00e7\u00e3o com o ano anterior, aponta o Indicador de Atividade do Varejo, lan\u00e7ado este m\u00eas pela Confedera\u00e7\u00e3o Nacional de Dirigentes (CNDL) e pelo Servi\u00e7o de Prote\u00e7\u00e3o ao Cr\u00e9dito (SPC Brasil).<\/p>\n<p>Esta \u00e9 a maior alta para o m\u00eas de dezembro desde 2014, quando o aumento foi de 2,2%.<\/p>\n<p>O indicador \u00e9 um term\u00f4metro da inten\u00e7\u00e3o de compras a prazo por parte do consumidor e abrange os segmentos de supermercados, lojas de roupas, cal\u00e7ados e acess\u00f3rios, m\u00f3veis e eletrodom\u00e9sticos.<\/p>\n<p><center><br \/>\n<!-- Erro, o An\u00fancio n\u00e3o est\u00e1 dispon\u00edvel neste momento devido \u00e0s restri\u00e7\u00f5es de agendamento\/geolocaliza\u00e7\u00e3o! --><br \/>\n<\/br><br \/>\n<\/center><\/p>\n<p>Segundo o SPC Brasil, a taxa confirma a tend\u00eancia de retomada do varejo, mesmo que o volume das vendas n\u00e3o tenha alcan\u00e7ado patamares anteriores \u00e0 crise.<\/p>\n<p>Dados do Instituto Brasileiro de Geografia e Estat\u00edstica (IBGE) do terceiro trimestre de 2018 mostraram avan\u00e7o de 3,3% no Produto Interno Bruto (PIB) do com\u00e9rcio acumulado de quatro semestres.<\/p>\n<p>\u201cA melhora dos n\u00edveis de confian\u00e7a e o clima de otimismo para uma retomada mais forte da economia ajudaram a impulsionar a atividade varejista.<\/p>\n<p>Mesmo considerando apenas uma parcela das vendas, aquelas feitas a prazo, o indicador sugere avan\u00e7o das vendas do varejo ao longo do \u00faltimo ano\u201d, disse a economista-chefe do SPC Brasil, Marcela Kawauti.<\/p>\n<p><strong>VER PRIMEIRO<\/strong><\/p>\n<p>Receba as not\u00edcias do Aconteceu no Vale em primeira m\u00e3o. Clique em curtir no endere\u00e7o <a href=\"https:\/\/www.facebook.com\/aconteceunovale\" target=\"_blank\"><font color=\"red\">www.facebook.com\/aconteceunovale<\/font><\/a> ou no box abaixo:<\/p>\n<div class=\"fb-like\" data-href=\"https:\/\/www.facebook.com\/aconteceunovale\" data-width=\"120\" data-layout=\"standard\" data-action=\"like\" data-size=\"small\" data-show-faces=\"true\" data-share=\"true\"><\/div>\n<p><\/br><\/p>\n<p><em>(Fonte: Ag\u00eancia Brasil)<\/em><\/p>\n","protected":false},"excerpt":{"rendered":"<p>O n\u00famero de consultas de Cadastro de Pessoas F\u00edsicas &#8211; CPFs &#8211; para vendas a prazo no com\u00e9rcio varejista brasileiro aumentou 2,8% em 2018 na compara\u00e7\u00e3o com o ano anterior, aponta o Indicador de Atividade do Varejo, lan\u00e7ado este m\u00eas pela Confedera\u00e7\u00e3o Nacional de Dirigentes (CNDL) e pelo Servi\u00e7o de Prote\u00e7\u00e3o ao Cr\u00e9dito (SPC Brasil). [&hellip;]<\/p>\n","protected":false},"author":1,"featured_media":121593,"comment_status":"open","ping_status":"closed","sticky":false,"template":"","format":"standard","meta":{"amp_status":"","footnotes":""},"categories":[6,40239],"tags":[180807,47540,191641,27752,36051,98890,166051],"class_list":["post-142015","post","type-post","status-publish","format-standard","has-post-thumbnail","hentry","category-br","category-economia-2","tag-180807","tag-consultas","tag-consultas-de-cpfs-para-vendas-a-prazo-no-comercio-crescem-2","tag-cpf","tag-varejo","tag-vendas","tag-vendas-a-prazo"],"_links":{"self":[{"href":"https:\/\/aconteceunovale.com.br\/portal\/index.php?rest_route=\/wp\/v2\/posts\/142015","targetHints":{"allow":["GET"]}}],"collection":[{"href":"https:\/\/aconteceunovale.com.br\/portal\/index.php?rest_route=\/wp\/v2\/posts"}],"about":[{"href":"https:\/\/aconteceunovale.com.br\/portal\/index.php?rest_route=\/wp\/v2\/types\/post"}],"author":[{"embeddable":true,"href":"https:\/\/aconteceunovale.com.br\/portal\/index.php?rest_route=\/wp\/v2\/users\/1"}],"replies":[{"embeddable":true,"href":"https:\/\/aconteceunovale.com.br\/portal\/index.php?rest_route=%2Fwp%2Fv2%2Fcomments&post=142015"}],"version-history":[{"count":0,"href":"https:\/\/aconteceunovale.com.br\/portal\/index.php?rest_route=\/wp\/v2\/posts\/142015\/revisions"}],"wp:featuredmedia":[{"embeddable":true,"href":"https:\/\/aconteceunovale.com.br\/portal\/index.php?rest_route=\/wp\/v2\/media\/121593"}],"wp:attachment":[{"href":"https:\/\/aconteceunovale.com.br\/portal\/index.php?rest_route=%2Fwp%2Fv2%2Fmedia&parent=142015"}],"wp:term":[{"taxonomy":"category","embeddable":true,"href":"https:\/\/aconteceunovale.com.br\/portal\/index.php?rest_route=%2Fwp%2Fv2%2Fcategories&post=142015"},{"taxonomy":"post_tag","embeddable":true,"href":"https:\/\/aconteceunovale.com.br\/portal\/index.php?rest_route=%2Fwp%2Fv2%2Ftags&post=142015"}],"curies":[{"name":"wp","href":"https:\/\/api.w.org\/{rel}","templated":true}]}}