{"id":142003,"date":"2019-01-14T10:47:51","date_gmt":"2019-01-14T12:47:51","guid":{"rendered":"http:\/\/aconteceunovale.com.br\/portal\/?p=142003"},"modified":"2019-01-14T10:47:51","modified_gmt":"2019-01-14T12:47:51","slug":"presidente-da-argentina-vem-ao-brasil-para-conversar-com-bolsonaro-nesta-semana","status":"publish","type":"post","link":"https:\/\/aconteceunovale.com.br\/portal\/?p=142003","title":{"rendered":"Presidente da Argentina vem ao Brasil para conversar com Bolsonaro nesta semana"},"content":{"rendered":"<p>O presidente da Argentina, Mauricio Macri, ir\u00e1 se reunir, pela primeira vez, com o presidente Jair Bolsonaro na pr\u00f3xima quarta-feira (16), em Bras\u00edlia. Al\u00e9m dos temas bilaterais de interesse da Argentina e do Brasil, eles devem tratar de preocupa\u00e7\u00f5es comuns, como o agravamento da situa\u00e7\u00e3o na Venezuela e Nicar\u00e1gua.<\/p>\n<p>Assim como o Brasil, Argentina assinou no \u00e2mbito do Grupo de Lima, que re\u00fane 14 pa\u00edses, declara\u00e7\u00e3o conjunta em que n\u00e3o reconhecem a legitimidade do segundo mandato do presidente da Venezuela, Nicol\u00e1s Maduro, e defendem novas elei\u00e7\u00f5es.<\/p>\n<p>Ontem (13), o Grupo de Lima, com exce\u00e7\u00e3o do M\u00e9xico, emitiu declara\u00e7\u00e3o condenando a pris\u00e3o do presidente da Assembleia Nacional Constituinte da Venezuela, Juan Gauaib\u00f3, que \u00e9 de oposi\u00e7\u00e3o.<\/p>\n<p><center><br \/>\n<!-- Erro, o An\u00fancio n\u00e3o est\u00e1 dispon\u00edvel neste momento devido \u00e0s restri\u00e7\u00f5es de agendamento\/geolocaliza\u00e7\u00e3o! --><br \/>\n<\/br><br \/>\n<\/center><\/p>\n<p><strong>Compromissos<\/strong><\/p>\n<p>Antes da viagem ao Brasil, Macri cumprir\u00e1 agenda interna na Argentina. Ele ir\u00e1 \u00e0s prov\u00edncias da Terra do Fogo, Santa Cruz e Chubut. As visitas a Santa Cruz e Tierra del Fuego ser\u00e3o as primeiras que far\u00e1 \u00e0 regi\u00e3o.<\/p>\n<p>Macri vive um momento de tens\u00e3o na Argentina com cr\u00edticas internas em decorr\u00eancia da infla\u00e7\u00e3o alta e desvaloriza\u00e7\u00e3o da moeda local (o peso argentino). No ano passado, recorreu a empr\u00e9stimos do Fundo Monet\u00e1rio Internacional (FMI), que imp\u00f4s exig\u00eancias ao governo, como corte de gastos e conten\u00e7\u00e3o de despesas.<\/p>\n<p><strong>VER PRIMEIRO<\/strong><\/p>\n<p>Receba as not\u00edcias do Aconteceu no Vale em primeira m\u00e3o. Clique em curtir no endere\u00e7o <a href=\"https:\/\/www.facebook.com\/aconteceunovale\" target=\"_blank\"><font color=\"red\">www.facebook.com\/aconteceunovale<\/font><\/a> ou no box abaixo:<\/p>\n<div class=\"fb-like\" data-href=\"https:\/\/www.facebook.com\/aconteceunovale\" data-width=\"120\" data-layout=\"standard\" data-action=\"like\" data-size=\"small\" data-show-faces=\"true\" data-share=\"true\"><\/div>\n<p><\/br><\/p>\n<p><em>(Fonte: Ag\u00eancia Brasil e T\u00e9lam)<\/em><\/p>\n","protected":false},"excerpt":{"rendered":"<p>O presidente da Argentina, Mauricio Macri, ir\u00e1 se reunir, pela primeira vez, com o presidente Jair Bolsonaro na pr\u00f3xima quarta-feira (16), em Bras\u00edlia. Al\u00e9m dos temas bilaterais de interesse da Argentina e do Brasil, eles devem tratar de preocupa\u00e7\u00f5es comuns, como o agravamento da situa\u00e7\u00e3o na Venezuela e Nicar\u00e1gua. Assim como o Brasil, Argentina assinou [&hellip;]<\/p>\n","protected":false},"author":1,"featured_media":142004,"comment_status":"open","ping_status":"closed","sticky":false,"template":"","format":"standard","meta":{"amp_status":"","footnotes":""},"categories":[6,28848,40240],"tags":[100375,191623,191620,191622,191621,191624,134053],"class_list":["post-142003","post","type-post","status-publish","format-standard","has-post-thumbnail","hentry","category-br","category-mundo","category-politica-2","tag-bolsonaro","tag-encontro-entre-macri-e-bolsonaro","tag-macri","tag-macri-no-brasil","tag-macri-visita-bolsonaro","tag-presidente-da-argentina-vem-ao-brasil-para-conversar-com-bolsonaro-nesta-semana","tag-visita"],"_links":{"self":[{"href":"https:\/\/aconteceunovale.com.br\/portal\/index.php?rest_route=\/wp\/v2\/posts\/142003","targetHints":{"allow":["GET"]}}],"collection":[{"href":"https:\/\/aconteceunovale.com.br\/portal\/index.php?rest_route=\/wp\/v2\/posts"}],"about":[{"href":"https:\/\/aconteceunovale.com.br\/portal\/index.php?rest_route=\/wp\/v2\/types\/post"}],"author":[{"embeddable":true,"href":"https:\/\/aconteceunovale.com.br\/portal\/index.php?rest_route=\/wp\/v2\/users\/1"}],"replies":[{"embeddable":true,"href":"https:\/\/aconteceunovale.com.br\/portal\/index.php?rest_route=%2Fwp%2Fv2%2Fcomments&post=142003"}],"version-history":[{"count":0,"href":"https:\/\/aconteceunovale.com.br\/portal\/index.php?rest_route=\/wp\/v2\/posts\/142003\/revisions"}],"wp:featuredmedia":[{"embeddable":true,"href":"https:\/\/aconteceunovale.com.br\/portal\/index.php?rest_route=\/wp\/v2\/media\/142004"}],"wp:attachment":[{"href":"https:\/\/aconteceunovale.com.br\/portal\/index.php?rest_route=%2Fwp%2Fv2%2Fmedia&parent=142003"}],"wp:term":[{"taxonomy":"category","embeddable":true,"href":"https:\/\/aconteceunovale.com.br\/portal\/index.php?rest_route=%2Fwp%2Fv2%2Fcategories&post=142003"},{"taxonomy":"post_tag","embeddable":true,"href":"https:\/\/aconteceunovale.com.br\/portal\/index.php?rest_route=%2Fwp%2Fv2%2Ftags&post=142003"}],"curies":[{"name":"wp","href":"https:\/\/api.w.org\/{rel}","templated":true}]}}