{"id":141995,"date":"2019-01-14T10:25:29","date_gmt":"2019-01-14T12:25:29","guid":{"rendered":"http:\/\/aconteceunovale.com.br\/portal\/?p=141995"},"modified":"2019-01-14T10:25:29","modified_gmt":"2019-01-14T12:25:29","slug":"ao-desembarcar-na-italia-cesare-battisti-sera-levado-direto-para-prisao","status":"publish","type":"post","link":"https:\/\/aconteceunovale.com.br\/portal\/?p=141995","title":{"rendered":"Ao desembarcar na It\u00e1lia, Cesare Battisti ser\u00e1 levado direto para pris\u00e3o"},"content":{"rendered":"<p>Ao desembarcar hoje (14) em Roma, o terrorista Cesare Battisti, de 64 anos, ser\u00e1 recebido pelos agentes do GOM, o grupo operativo m\u00f3vel da pol\u00edcia penitenci\u00e1ria da It\u00e1lia, que o levar\u00e3o para a  pris\u00e3o de Rebibbia, na capital italiana. Ele chegar\u00e1 ao Aeroporto de Ciampino. V\u00e1rias autoridades do governo da It\u00e1lia dever\u00e3o estar presentes no momento da aterrissagem do avi\u00e3o, entre eles os ministros Alfonso Bonafede, da Justi\u00e7a, e Matteo Salvini, do Interior. As informa\u00e7\u00f5es foram divulgadas pelo Departamento de Administra\u00e7\u00e3o Prisional da It\u00e1lia.<\/p>\n<p>Salvini adiantou que pretende pedir ao primeiro-ministro italiano, Giuseppe Conte, para apelar ao presidente da Fran\u00e7a, Emmanuel Macron, para extraditar cidad\u00e3os acusados pela Justi\u00e7a italiana. &#8220;Vou pedir imediatamente ao presidente do Conselho de Conte para escrever ao presidente Macron que a Fran\u00e7a devolver\u00e1 alguns delinquentes para n\u00f3s.&#8221;<\/p>\n<p><center><br \/>\n<!-- Erro, o An\u00fancio n\u00e3o est\u00e1 dispon\u00edvel neste momento devido \u00e0s restri\u00e7\u00f5es de agendamento\/geolocaliza\u00e7\u00e3o! --><br \/>\n<\/br><br \/>\n<\/center><\/p>\n<p><strong>Tranquilidade<\/strong><\/p>\n<p>Battisti foi capturado anteontem (12) nas ruas de Santa Cruz de La Sierra, na Bol\u00edvia, por agentes bolivianos em parceria com italianos. Segundo um v\u00eddeo feito no momento da pris\u00e3o, ele usava barba, \u00f3culos de sol, jeans e camiseta azul. N\u00e3o mostrou resist\u00eancia, n\u00e3o apresentou documentos e respondeu a algumas perguntas em portugu\u00eas.<\/p>\n<p>Condenado \u00e0 pris\u00e3o perp\u00e9tua na It\u00e1lia, Battisti foi sentenciado pelo assassinato de quatro pessoas na d\u00e9cada de 1970, quando integrava o grupo Prolet\u00e1rios Armados pelo Comunismo, um bra\u00e7o das Brigadas Vermelhas. Ele se diz inocente. Para as autoridades brasileiras, \u00e9 considerado terrorista.<\/p>\n<p>No Brasil desde 2004, o italiano foi preso tr\u00eas anos depois. O governo da It\u00e1lia pediu sua extradi\u00e7\u00e3o, aceita pelo STF. Contudo, no \u00faltimo dia de seu mandato, em dezembro de 2010, o ent\u00e3o presidente Luiz In\u00e1cio Lula da Silva decidiu que Battisti deveria ficar no Brasil, e o ato foi confirmado pela Suprema Corte.<\/p>\n<p>O presidente Jair Bolsonaro elogiou ontem a opera\u00e7\u00e3o e conversou por telefone com o primeiro-ministro italiano, que agradeceu a colabora\u00e7\u00e3o do governo brasileiro. Nos \u00faltimos dias da gest\u00e3o Michel Temer, houve a decis\u00e3o do STF. Ap\u00f3s dias de buscas, a Pol\u00edcia Federal divulgou 20 simula\u00e7\u00f5es sobre a poss\u00edvel apar\u00eancia do italiano.<\/p>\n<p><img decoding=\"async\" src=\"http:\/\/aconteceunovale.com.br\/portal\/wp-content\/uploads\/2019\/01\/battisti_preso_rom.jpg\" alt=\"\" \/><em>Foto: Reuters\/Reprodu\u00e7\u00e3o Ag\u00eancia Brasil<\/em><br \/>\n<\/br><\/p>\n<p><strong>VER PRIMEIRO<\/strong><\/p>\n<p>Receba as not\u00edcias do Aconteceu no Vale em primeira m\u00e3o. Clique em curtir no endere\u00e7o <a href=\"https:\/\/www.facebook.com\/aconteceunovale\" target=\"_blank\"><font color=\"red\">www.facebook.com\/aconteceunovale<\/font><\/a> ou no box abaixo:<\/p>\n<div class=\"fb-like\" data-href=\"https:\/\/www.facebook.com\/aconteceunovale\" data-width=\"120\" data-layout=\"standard\" data-action=\"like\" data-size=\"small\" data-show-faces=\"true\" data-share=\"true\"><\/div>\n<p><\/br><\/p>\n<p><em>(Fonte: Ag\u00eancia Brasil e RAI)<\/em><\/p>\n","protected":false},"excerpt":{"rendered":"<p>Ao desembarcar hoje (14) em Roma, o terrorista Cesare Battisti, de 64 anos, ser\u00e1 recebido pelos agentes do GOM, o grupo operativo m\u00f3vel da pol\u00edcia penitenci\u00e1ria da It\u00e1lia, que o levar\u00e3o para a pris\u00e3o de Rebibbia, na capital italiana. Ele chegar\u00e1 ao Aeroporto de Ciampino. V\u00e1rias autoridades do governo da It\u00e1lia dever\u00e3o estar presentes no [&hellip;]<\/p>\n","protected":false},"author":1,"featured_media":141996,"comment_status":"open","ping_status":"closed","sticky":false,"template":"","format":"standard","meta":{"amp_status":"","footnotes":""},"categories":[6,28848],"tags":[191611,191613,191552,189438,16736,191575,189434,191574,191612,189639,191614,189623,154816,189435,189487,18920,191551,191555,26436,77985,7147,189437,127015,189624,189638,85356,191550,189622,189621,189488,19707,191553,191554,189436,22662,129174,28511,191556],"class_list":["post-141995","post","type-post","status-publish","format-standard","has-post-thumbnail","hentry","category-br","category-mundo","tag-ao-desembarcar-na-italia","tag-battisti","tag-battisti-santa-cruz-de-la-sierra","tag-battisti-vive-no-brasil-desde-2004","tag-bolivia","tag-bolsonaro-e-autoridades-italianas-comemoram-captura-de-battisti","tag-cesare-battisti","tag-cesare-battisti-fara-escala-no-brasil-antes-de-ser-extraditado-para-italia","tag-cesare-battisti-sera-levado-direto-para-prisao","tag-considerado-foragido","tag-desembarque","tag-disfarces-de-cesare-battisti","tag-extradicao","tag-extradicao-de-cesare-battisti","tag-extradicao-do-italiano-cesare-battisti","tag-italia","tag-italiano-cesare-battisti","tag-italiano-cesare-battisti-e-preso-na-bolivia","tag-jair-bolsonaro","tag-luiz-fux","tag-lula","tag-ministro-do-supremo-determina-prisao-de-cesare-battisti","tag-pedido-de-prisao","tag-pf-divulga-possiveis-disfarces-de-cesare-battisti","tag-pf-procura-cesare-battisti","tag-pgr","tag-policia-italiana-divulgou-foto-do-momento-da-prisao","tag-possiveis-disfarces-de-cesare-battisti","tag-possiveis-disfarces-que-podem-ser-usados-por-cesare-battisti","tag-presidente-michel-temer-assina-extradicao-de-cesare-battisti","tag-prisao","tag-prisao-de-battisti","tag-prisao-de-battisti-em-santa-cruz-de-la-sierra","tag-prisao-de-cesare-battisti","tag-roma","tag-santa-cruz-de-la-sierra","tag-stf","tag-terrorista-italiano-cesare-battisti-e-preso-na-bolivia"],"_links":{"self":[{"href":"https:\/\/aconteceunovale.com.br\/portal\/index.php?rest_route=\/wp\/v2\/posts\/141995","targetHints":{"allow":["GET"]}}],"collection":[{"href":"https:\/\/aconteceunovale.com.br\/portal\/index.php?rest_route=\/wp\/v2\/posts"}],"about":[{"href":"https:\/\/aconteceunovale.com.br\/portal\/index.php?rest_route=\/wp\/v2\/types\/post"}],"author":[{"embeddable":true,"href":"https:\/\/aconteceunovale.com.br\/portal\/index.php?rest_route=\/wp\/v2\/users\/1"}],"replies":[{"embeddable":true,"href":"https:\/\/aconteceunovale.com.br\/portal\/index.php?rest_route=%2Fwp%2Fv2%2Fcomments&post=141995"}],"version-history":[{"count":0,"href":"https:\/\/aconteceunovale.com.br\/portal\/index.php?rest_route=\/wp\/v2\/posts\/141995\/revisions"}],"wp:featuredmedia":[{"embeddable":true,"href":"https:\/\/aconteceunovale.com.br\/portal\/index.php?rest_route=\/wp\/v2\/media\/141996"}],"wp:attachment":[{"href":"https:\/\/aconteceunovale.com.br\/portal\/index.php?rest_route=%2Fwp%2Fv2%2Fmedia&parent=141995"}],"wp:term":[{"taxonomy":"category","embeddable":true,"href":"https:\/\/aconteceunovale.com.br\/portal\/index.php?rest_route=%2Fwp%2Fv2%2Fcategories&post=141995"},{"taxonomy":"post_tag","embeddable":true,"href":"https:\/\/aconteceunovale.com.br\/portal\/index.php?rest_route=%2Fwp%2Fv2%2Ftags&post=141995"}],"curies":[{"name":"wp","href":"https:\/\/api.w.org\/{rel}","templated":true}]}}