{"id":141986,"date":"2019-01-14T10:00:17","date_gmt":"2019-01-14T12:00:17","guid":{"rendered":"http:\/\/aconteceunovale.com.br\/portal\/?p=141986"},"modified":"2019-01-14T10:00:17","modified_gmt":"2019-01-14T12:00:17","slug":"ifmg-gv-oferta-especializacao-gratuita-em-engenharia-de-seguranca-do-trabalho","status":"publish","type":"post","link":"https:\/\/aconteceunovale.com.br\/portal\/?p=141986","title":{"rendered":"IFMG-GV oferta especializa\u00e7\u00e3o gratuita em Engenharia de Seguran\u00e7a do Trabalho"},"content":{"rendered":"<p><strong><em><\/p>\n<h4>As inscri\u00e7\u00f5es dever\u00e3o ser feitas, exclusivamente, pela internet entre os dias 5 e 20 de janeiro. Podem concorrer \u00e0s 50 vagas ofertadas graduados nas \u00e1reas de Engenharia, Arquitetura ou Agronomia.<\/h4>\n<p><\/em><\/strong><\/p>\n<p>O Instituto Federal de Educa\u00e7\u00e3o, Ci\u00eancia e Tecnologia de Minas Gerais (IFMG) &#8211; Campus Governador Valadares torna p\u00fablico o edital do processo seletivo 2019 para o curso de <a href=\"https:\/\/www2.ifmg.edu.br\/governadorvaladares\/cursos\/pos-graduacao\/pos-graduacao-em-engenharia-de-seguranca-do-trabalho\" target=\"_blank\">Especializa\u00e7\u00e3o lato sensu em Engenharia de Seguran\u00e7a do Trabalho<\/a>.<\/p>\n<p><strong>Inscri\u00e7\u00f5es<\/strong><\/p>\n<p>Os interessados poder\u00e3o se inscrever, exclusivamente, pelo site <a href=\"http:\/\/www.ifmg.edu.br\/gv\" target=\"_blank\">www.ifmg.edu.br\/gv<\/a> entre os dias 5 e 20 de janeiro de 2019. O valor da taxa \u00e9 de R$ 70,00. Candidatos inscritos no Cadastro \u00danico para Programas Sociais do Governo Federal ou que forem membros de fam\u00edlia de baixa renda t\u00eam direito \u00e0 isen\u00e7\u00e3o. O per\u00edodo para solicitar o benef\u00edcio vai de 07 a 09\/01\/2019.<\/p>\n<p><center><br \/>\n<!-- Erro, o An\u00fancio n\u00e3o est\u00e1 dispon\u00edvel neste momento devido \u00e0s restri\u00e7\u00f5es de agendamento\/geolocaliza\u00e7\u00e3o! --><br \/>\n<\/br><br \/>\n<\/center><\/p>\n<p>Ao todo s\u00e3o disponibilizadas 50 vagas na modalidade ampla concorr\u00eancia. O processo seletivo inclui prova objetiva, a ser aplicada no dia 10 de fevereiro de 2019. O conte\u00fado program\u00e1tico do exame est\u00e1 dispon\u00edvel no Anexo I do Edital.<\/p>\n<p><strong>P\u00fablico-alvo<\/strong><\/p>\n<p>O curso \u00e9 totalmente gratuito e tem como p\u00fablico-alvo bachar\u00e9is com diploma reconhecido pelo MEC nas diversas modalidades da Engenharia, Arquitetura e\/ou Agronomia. Os concluintes ter\u00e3o direito a uma nova habilita\u00e7\u00e3o profissional, permitindo, assim, que ampliem sua atua\u00e7\u00e3o no mercado de trabalho.<\/p>\n<p>Com a qualifica\u00e7\u00e3o, os profissionais ser\u00e3o capazes de reconhecer as diversas situa\u00e7\u00f5es que possam podem lesar a sa\u00fade dos trabalhadores, bem como sua integridade f\u00edsica e dignidade humana e, assim, corrigi-las.<\/p>\n<p><strong>Aulas <\/strong><\/p>\n<p>A especializa\u00e7\u00e3o tem carga hor\u00e1ria de 600 horas e dura\u00e7\u00e3o de tr\u00eas semestres letivos, com in\u00edcio previsto para o primeiro semestre de 2019. As aulas acontecer\u00e3o semanalmente e\/ou quinzenalmente \u00e0s sextas-feiras, de 19h \u00e0s 23h, e aos s\u00e1bados, de 8h \u00e0s 12h e 13h \u00e0s 17h, no campus, situado \u00e0 Av. Minas Gerais, n\u00ba  5.189 &#8211; Bairro Ouro Verde. <\/p>\n<p>Para d\u00favidas e outras informa\u00e7\u00f5es, entrar em contato com a coordena\u00e7\u00e3o do curso pelo e-mail possegurancadotrabalho.ifmggv@ifmg.edu.br ou pelo telefone (33) 3272-5400 &#8211; Ramal 5411.<\/p>\n<p><strong>SERVI\u00c7O <\/strong><\/p>\n<p><strong>Curso:<\/strong> P\u00f3s-Gradua\u00e7\u00e3o Lato Sensu (Especializa\u00e7\u00e3o) em Engenharia de Seguran\u00e7a do Trabalho <\/p>\n<p><strong>P\u00fablico:<\/strong> Graduados nas \u00e1reas de Engenharia, Arquitetura e Agronomia<\/p>\n<p><strong>Investimento:<\/strong> Gratuito <\/p>\n<p><strong>Vagas:<\/strong> 50 (ampla concorr\u00eancia) <\/p>\n<p><strong>Sele\u00e7\u00e3o:<\/strong> Prova Objetiva<\/p>\n<p><strong>Inscri\u00e7\u00f5es:<\/strong> 05 a 20\/01\/2019 (online)<\/p>\n<p><strong>Pedido de isen\u00e7\u00e3o:<\/strong> 07 a 09\/01\/2019<\/p>\n<p><strong>Informa\u00e7\u00f5es:<\/strong> possegurancadotrabalho.ifmggv@ifmg.edu.br \/ (33) 3272-5400 &#8211; Ramal 5411<\/p>\n<p><strong>VER PRIMEIRO<\/strong><\/p>\n<p>Receba as not\u00edcias do Aconteceu no Vale em primeira m\u00e3o. Clique em curtir no endere\u00e7o <a href=\"https:\/\/www.facebook.com\/aconteceunovale\" target=\"_blank\"><font color=\"red\">www.facebook.com\/aconteceunovale<\/font><\/a> ou no box abaixo:<\/p>\n<div class=\"fb-like\" data-href=\"https:\/\/www.facebook.com\/aconteceunovale\" data-width=\"120\" data-layout=\"standard\" data-action=\"like\" data-size=\"small\" data-show-faces=\"true\" data-share=\"true\"><\/div>\n<p><\/br><\/p>\n<p><em>(Fonte: Ascom IFMG-GV)<\/em><\/p>\n","protected":false},"excerpt":{"rendered":"<p>As inscri\u00e7\u00f5es dever\u00e3o ser feitas, exclusivamente, pela internet entre os dias 5 e 20 de janeiro. Podem concorrer \u00e0s 50 vagas ofertadas graduados nas \u00e1reas de Engenharia, Arquitetura ou Agronomia. O Instituto Federal de Educa\u00e7\u00e3o, Ci\u00eancia e Tecnologia de Minas Gerais (IFMG) &#8211; Campus Governador Valadares torna p\u00fablico o edital do processo seletivo 2019 para [&hellip;]<\/p>\n","protected":false},"author":1,"featured_media":141987,"comment_status":"open","ping_status":"closed","sticky":false,"template":"","format":"standard","meta":{"amp_status":"","footnotes":""},"categories":[40238,121],"tags":[191601,191598,191599,191594,191595,247,18800,160,159210,191593,70230,191600,191597,191596,18801],"class_list":["post-141986","post","type-post","status-publish","format-standard","has-post-thumbnail","hentry","category-educacao-2","category-leste","tag-ciencia-e-tecnologia-de-minas-gerais","tag-engenharia-de-seguranca-do-trabalho-no-ifmg-gv","tag-especializacao-em-engenharia-de-seguranca-do-trabalho-no-ifmg-gv","tag-especializacao-gratuita-no-ifmg-gv","tag-especializacao-no-ifmg-gv","tag-governador-valadares","tag-gv","tag-ifmg","tag-ifmg-gv","tag-ifmg-gv-oferta-especializacao-gratuita-em-engenharia-de-seguranca-do-trabalho","tag-instituto-federal-de-educacao","tag-pos-graduacao-em-engenharia-de-seguranca-do-trabalho-no-ifmg-gv","tag-pos-graduacao-gratuita-no-ifmg-gv","tag-pos-graduacao-no-ifmg-gv","tag-valadares"],"_links":{"self":[{"href":"https:\/\/aconteceunovale.com.br\/portal\/index.php?rest_route=\/wp\/v2\/posts\/141986","targetHints":{"allow":["GET"]}}],"collection":[{"href":"https:\/\/aconteceunovale.com.br\/portal\/index.php?rest_route=\/wp\/v2\/posts"}],"about":[{"href":"https:\/\/aconteceunovale.com.br\/portal\/index.php?rest_route=\/wp\/v2\/types\/post"}],"author":[{"embeddable":true,"href":"https:\/\/aconteceunovale.com.br\/portal\/index.php?rest_route=\/wp\/v2\/users\/1"}],"replies":[{"embeddable":true,"href":"https:\/\/aconteceunovale.com.br\/portal\/index.php?rest_route=%2Fwp%2Fv2%2Fcomments&post=141986"}],"version-history":[{"count":0,"href":"https:\/\/aconteceunovale.com.br\/portal\/index.php?rest_route=\/wp\/v2\/posts\/141986\/revisions"}],"wp:featuredmedia":[{"embeddable":true,"href":"https:\/\/aconteceunovale.com.br\/portal\/index.php?rest_route=\/wp\/v2\/media\/141987"}],"wp:attachment":[{"href":"https:\/\/aconteceunovale.com.br\/portal\/index.php?rest_route=%2Fwp%2Fv2%2Fmedia&parent=141986"}],"wp:term":[{"taxonomy":"category","embeddable":true,"href":"https:\/\/aconteceunovale.com.br\/portal\/index.php?rest_route=%2Fwp%2Fv2%2Fcategories&post=141986"},{"taxonomy":"post_tag","embeddable":true,"href":"https:\/\/aconteceunovale.com.br\/portal\/index.php?rest_route=%2Fwp%2Fv2%2Ftags&post=141986"}],"curies":[{"name":"wp","href":"https:\/\/api.w.org\/{rel}","templated":true}]}}