{"id":141874,"date":"2019-01-10T21:38:10","date_gmt":"2019-01-10T23:38:10","guid":{"rendered":"http:\/\/aconteceunovale.com.br\/portal\/?p=141874"},"modified":"2019-01-10T21:38:10","modified_gmt":"2019-01-10T23:38:10","slug":"professora-morta-em-incendio-no-norte-de-minas-e-homenageada-por-lei","status":"publish","type":"post","link":"https:\/\/aconteceunovale.com.br\/portal\/?p=141874","title":{"rendered":"Professora morta em inc\u00eandio no Norte de Minas \u00e9 homenageada por lei"},"content":{"rendered":"<p>Assassinada em 5 de outubro de 2017, em um inc\u00eandio criminoso que tamb\u00e9m matou oito crian\u00e7as, a professora Helley de Abreu Batista agora d\u00e1 nome a uma rodovia na Microrregi\u00e3o de Montes Claros (Norte de Minas), munic\u00edpio onde nasceu. A homenagem foi feita por meio da Lei 23.231, publicada no Di\u00e1rio Oficial de Minas Gerais em 5 de janeiro de 2019.<\/p>\n<p><center><br \/>\n<!-- Erro, o An\u00fancio n\u00e3o est\u00e1 dispon\u00edvel neste momento devido \u00e0s restri\u00e7\u00f5es de agendamento\/geolocaliza\u00e7\u00e3o! --><br \/>\n<\/br><br \/>\n<\/center><\/p>\n<p>A norma \u00e9 derivada do Projeto de Lei (PL) 4.900\/18, do deputado Jo\u00e3o Leite (PSDB), aprovada pela Assembleia Legislativa de Minas Gerais (ALMG) em dezembro de 2018. A lei d\u00e1 o nome da professora assassinada \u00e0 Rodovia LMG-631, que liga o munic\u00edpio de S\u00e3o Jo\u00e3o da Ponte \u00e0 BR-122, no munic\u00edpio de Francisco S\u00e1.<\/p>\n<p>O autor do projeto de lei, deputado Jo\u00e3o Leite, afirmou que a homenagem \u00e9 importante porque a professora \u201cdeixou um exemplo de bravura e amor ao sacrificar a pr\u00f3pria vida para salvar seus alunos do inc\u00eandio criminoso que acorreu em 2017 na creche municipal Gente Inocente, no munic\u00edpio de Jana\u00faba, no Norte de Minas Gerais\u201d, afirmou o deputado.<\/p>\n<p>A professora teve 90% do corpo atingido pelo fogo e morreu em decorr\u00eancia dos ferimentos. Ela teria salvo 25 crian\u00e7as ao retir\u00e1-las das chamas. Al\u00e9m disso, enfrentou o vigilante noturno Dami\u00e3o Soares dos Santos, 50 anos, que provocou o inc\u00eandio. O seguran\u00e7a ateou fogo em seu pr\u00f3prio corpo e tamb\u00e9m morreu horas depois.<\/p>\n<p>A professora nasceu em Montes Claros e mudou-se para Jana\u00faba na juventude. Deixou o marido Lu\u00eds Carlos Batista, com quem foi casada 23 anos, e tr\u00eas filhos. Um deles era um beb\u00ea de um ano e tr\u00eas meses, na ocasi\u00e3o do crime.<\/p>\n<p><img decoding=\"async\" src=\"http:\/\/aconteceunovale.com.br\/portal\/wp-content\/uploads\/2017\/10\/professora_janauba.jpg\" alt=\"\" \/><em>Helley de Abreu Batista &#8211; Foto: Divulga\u00e7\u00e3o<\/em><br \/>\n<\/br><\/p>\n<p><strong>VER PRIMEIRO<\/strong><\/p>\n<p>Receba as not\u00edcias do Aconteceu no Vale em primeira m\u00e3o. Clique em curtir no endere\u00e7o <a href=\"https:\/\/www.facebook.com\/aconteceunovale\" target=\"_blank\"><font color=\"red\">www.facebook.com\/aconteceunovale<\/font><\/a> ou no box abaixo:<\/p>\n<div class=\"fb-like\" data-href=\"https:\/\/www.facebook.com\/aconteceunovale\" data-width=\"120\" data-layout=\"standard\" data-action=\"like\" data-size=\"small\" data-show-faces=\"true\" data-share=\"true\"><\/div>\n<p><\/br><\/p>\n<p><em>(Fonte: ALMG)<\/em><\/p>\n","protected":false},"excerpt":{"rendered":"<p>Assassinada em 5 de outubro de 2017, em um inc\u00eandio criminoso que tamb\u00e9m matou oito crian\u00e7as, a professora Helley de Abreu Batista agora d\u00e1 nome a uma rodovia na Microrregi\u00e3o de Montes Claros (Norte de Minas), munic\u00edpio onde nasceu. A homenagem foi feita por meio da Lei 23.231, publicada no Di\u00e1rio Oficial de Minas Gerais [&hellip;]<\/p>\n","protected":false},"author":1,"featured_media":122370,"comment_status":"open","ping_status":"closed","sticky":false,"template":"","format":"standard","meta":{"amp_status":"","footnotes":""},"categories":[1236],"tags":[161579,161478,161573,139815,161582,161451,161439,161446,161453,161470,161580,161578,161452,161444,161460,161459,191435,161436,161477,161576,204,161481,161480,161574,161479,161484,161503,161572,161476,161456,161441,161443,161442,161583,161584,33228,161577,161455,191436,191434,191433,161571,161570,161483,161440,161445,161438,161437,161482,161575],"class_list":["post-141874","post","type-post","status-publish","format-standard","has-post-thumbnail","hentry","category-norte_de_minas","tag-a-conduta-dela-foi-heroica","tag-ana-clara-ferreira-silva","tag-andrea-rodrigues-moncao","tag-bruno-fernandes-barbosa","tag-campanha-busca-ajudar-familiares-e-vitimas-do-ataque-em-creche-de-janauba","tag-carlos-isaildon-mendes","tag-centro-municipal-de-educacao-infantil-gente-inocente","tag-creche-gente-inocente-janauba","tag-damiao-soares-dos-santos","tag-deputados-prestam-solidariedade-a-vitimas-de-janauba","tag-diz-delegado-sobre-professora-que-morreu-apos-ataque-em-creche-de-janauba","tag-eliane-ramos-dias","tag-fernando-pimentel-vai-a-janauba-e-michel-temer-lamenta-tragedia-com-criancas","tag-gente-inocente","tag-governo-de-minas-decreta-luto-oficial-de-tres-dias-apos-tragedia-com-criancas-em-janauba","tag-governo-de-minas-decreta-luto-oficial-de-tres-dias-apos-tragedia-em-janauba","tag-helley-de-abreu-batista","tag-homem-ateia-fogo-em-creche-e-mata-criancas-em-janauba","tag-iml-divulga-nomes-das-quatro-criancas-mortas-em-creche-de-janauba","tag-italo-raique-dos-anjos-dias","tag-janauba","tag-juan-miguel-soares-silva","tag-juan-pablo-cruz-dos-santos","tag-kaio-phierre-dos-santos","tag-luiz-davi-carlos-rodrigues","tag-mais-duas-criancas-e-professora-morrem-apos-ataque-em-creche-de-janauba","tag-mais-uma-crianca-e-professora-morrem-apos-ataque-em-creche-de-janauba","tag-maria-rita-barbosa-souza","tag-ministerio-publico-designa-promotores-de-justica-para-acompanhar-caso-de-incendio-criminoso-em-creche-de-janauba","tag-morre-vigia-que-ateou-fogo-em-creche-e-matou-criancas-em-janauba","tag-morte-de-criancas-em-creche-de-janauba","tag-morte-de-criancas-em-janauba","tag-morte-de-criancas-no-centro-municipal-de-educacao-infantil-gente-inocente","tag-multidao-acompanha-cortejo-de-professora-morta-no-ataque-em-creche-de-janauba","tag-multidao-se-despede-de-professora-morta-no-ataque-em-creche-de-janauba","tag-no-norte-de-minas","tag-patricia-dias-de-oliveira","tag-prefeitura-de-janauba-decreta-luto-oficial-de-sete-dias-apos-tragedia-com-criancas","tag-professora-helley-de-abreu-batista","tag-professora-helley-de-abreu-batista-e-homenageada-por-lei","tag-professora-morta-em-incendio-no-norte-de-minas-e-homenageada-por-lei","tag-rosangela-souza-barbosa","tag-sobe-para-nove-o-numero-de-mortos-apos-ataque-em-creche-de-janauba","tag-sobe-para-seis-o-numero-de-criancas-mortas-apos-ataque-em-creche-de-janauba","tag-tragedia-centro-municipal-de-educacao-infantil-gente-inocente","tag-tragedia-creche-gente-inocente-janauba","tag-tragedia-em-creche-de-janauba","tag-tragedia-em-janauba","tag-vigia-premeditou-ataque-a-creche-e-trancou-portas-antes-de-atear-fogo","tag-weberty-kaique-dos-anjos-dias"],"_links":{"self":[{"href":"https:\/\/aconteceunovale.com.br\/portal\/index.php?rest_route=\/wp\/v2\/posts\/141874","targetHints":{"allow":["GET"]}}],"collection":[{"href":"https:\/\/aconteceunovale.com.br\/portal\/index.php?rest_route=\/wp\/v2\/posts"}],"about":[{"href":"https:\/\/aconteceunovale.com.br\/portal\/index.php?rest_route=\/wp\/v2\/types\/post"}],"author":[{"embeddable":true,"href":"https:\/\/aconteceunovale.com.br\/portal\/index.php?rest_route=\/wp\/v2\/users\/1"}],"replies":[{"embeddable":true,"href":"https:\/\/aconteceunovale.com.br\/portal\/index.php?rest_route=%2Fwp%2Fv2%2Fcomments&post=141874"}],"version-history":[{"count":0,"href":"https:\/\/aconteceunovale.com.br\/portal\/index.php?rest_route=\/wp\/v2\/posts\/141874\/revisions"}],"wp:featuredmedia":[{"embeddable":true,"href":"https:\/\/aconteceunovale.com.br\/portal\/index.php?rest_route=\/wp\/v2\/media\/122370"}],"wp:attachment":[{"href":"https:\/\/aconteceunovale.com.br\/portal\/index.php?rest_route=%2Fwp%2Fv2%2Fmedia&parent=141874"}],"wp:term":[{"taxonomy":"category","embeddable":true,"href":"https:\/\/aconteceunovale.com.br\/portal\/index.php?rest_route=%2Fwp%2Fv2%2Fcategories&post=141874"},{"taxonomy":"post_tag","embeddable":true,"href":"https:\/\/aconteceunovale.com.br\/portal\/index.php?rest_route=%2Fwp%2Fv2%2Ftags&post=141874"}],"curies":[{"name":"wp","href":"https:\/\/api.w.org\/{rel}","templated":true}]}}