{"id":141857,"date":"2019-01-10T16:16:31","date_gmt":"2019-01-10T18:16:31","guid":{"rendered":"http:\/\/aconteceunovale.com.br\/portal\/?p=141857"},"modified":"2019-01-10T19:17:32","modified_gmt":"2019-01-10T21:17:32","slug":"empresaria-fica-ferida-em-acidente-no-centro-de-capelinha","status":"publish","type":"post","link":"https:\/\/aconteceunovale.com.br\/portal\/?p=141857","title":{"rendered":"Empres\u00e1ria fica ferida em acidente no Centro de Capelinha"},"content":{"rendered":"<p>Uma mulher de 38 anos ficou ferida em um acidente na tarde desta quinta-feira (10\/01\/2019) na regi\u00e3o Central de Capelinha, no Vale do Jequitinhonha. As informa\u00e7\u00f5es iniciais repassadas ao Aconteceu no Vale indicam que a v\u00edtima Fl\u00e1via R. A. S, possivelmente, perdeu o controle direcional do autom\u00f3vel que conduzia, um Hyundai IX35, e atingiu outros tr\u00eas ve\u00edculos.<\/p>\n<p><center><br \/>\n<!-- Erro, o An\u00fancio n\u00e3o est\u00e1 dispon\u00edvel neste momento devido \u00e0s restri\u00e7\u00f5es de agendamento\/geolocaliza\u00e7\u00e3o! --><br \/>\n<\/br><br \/>\n<\/center><\/p>\n<p>A reportagem do Aconteceu no Vale apurou no local que a v\u00edtima descia a Rua Rio Branco quando atingiu um Fiat Siena. Ap\u00f3s a primeira colis\u00e3o, o carro conduzido por Fl\u00e1via capotou, atingiu uma VW Amarok e parou com a lateral tombada na pista. O forte impacto fez com que a caminhonete atingisse um quarto ve\u00edculo, um Chevrolet Astra que estava estacionado.<\/p>\n<p>Com o forte impacto, Fl\u00e1via foi arremessada do ve\u00edculo e sofreu ferimentos graves. Ela foi socorrida por uma equipe do Servi\u00e7o de Atendimento M\u00f3vel de Urg\u00eancia (SAMU) e encaminhada ao Hospital S\u00e3o Vicente de Paulo. O estado de sa\u00fade da v\u00edtima ainda n\u00e3o foi divulgado, mas, segundo testemunhas, ela estava consciente no momento do resgate.<\/p>\n<p>A Pol\u00edcia Militar compareceu ao local para registro da ocorr\u00eancia e controle do tr\u00e2nsito. A Per\u00edcia T\u00e9cnica da Pol\u00edcia Civil tamb\u00e9m foi acionada para apurar as causas do acidente.<\/p>\n<p>A empres\u00e1ria Fl\u00e1via R. A. S \u00e9 propriet\u00e1ria de um cart\u00f3rio na cidade e casada com o dono de uma distribuidora de g\u00e1s.<\/p>\n<p><img decoding=\"async\" src=\"http:\/\/aconteceunovale.com.br\/portal\/wp-content\/uploads\/2019\/01\/acidente_cap_1.jpg\" alt=\"\" \/><em>Foto: Reportagem Aconteceu no Vale\/Direitos Reservados<\/em><br \/>\n<\/br><\/p>\n<p><img decoding=\"async\" src=\"http:\/\/aconteceunovale.com.br\/portal\/wp-content\/uploads\/2019\/01\/acidente_cap_2.jpg\" alt=\"\" \/><em>Foto: Reportagem Aconteceu no Vale\/Direitos Reservados<\/em><br \/>\n<\/br><\/p>\n<p><img decoding=\"async\" src=\"http:\/\/aconteceunovale.com.br\/portal\/wp-content\/uploads\/2019\/01\/acidente_cap_3.jpg\" alt=\"\" \/><em>Foto: Reportagem Aconteceu no Vale\/Direitos Reservados<\/em><br \/>\n<\/br><\/p>\n<p><img decoding=\"async\" src=\"http:\/\/aconteceunovale.com.br\/portal\/wp-content\/uploads\/2019\/01\/acidente_cap_4.jpg\" alt=\"\" \/><em>Foto: Reportagem Aconteceu no Vale\/Direitos Reservados<\/em><br \/>\n<\/br><\/p>\n<p><img decoding=\"async\" src=\"http:\/\/aconteceunovale.com.br\/portal\/wp-content\/uploads\/2019\/01\/acidente_cap_5.jpg\" alt=\"\" \/><em>Foto: Reportagem Aconteceu no Vale\/Direitos Reservados<\/em><br \/>\n<\/br><\/p>\n<p><img decoding=\"async\" src=\"http:\/\/aconteceunovale.com.br\/portal\/wp-content\/uploads\/2019\/01\/acidente_cap_6.jpg\" alt=\"\" \/><em>Foto: Reportagem Aconteceu no Vale\/Direitos Reservados<\/em><br \/>\n<\/br><\/p>\n<p><img decoding=\"async\" src=\"http:\/\/aconteceunovale.com.br\/portal\/wp-content\/uploads\/2019\/01\/acidente_cap_7.jpg\" alt=\"\" \/><em>Foto: Reportagem Aconteceu no Vale\/Direitos Reservados<\/em><br \/>\n<\/br><\/p>\n<p><img decoding=\"async\" src=\"http:\/\/aconteceunovale.com.br\/portal\/wp-content\/uploads\/2019\/01\/acidente_cap_8.jpg\" alt=\"\" \/><em>Foto: Reportagem Aconteceu no Vale\/Direitos Reservados<\/em><br \/>\n<\/br><\/p>\n<p><img decoding=\"async\" src=\"http:\/\/aconteceunovale.com.br\/portal\/wp-content\/uploads\/2019\/01\/acidente_cap_9.jpg\" alt=\"\" \/><em>Foto: Skillo Produ\u00e7\u00f5es\/Direitos Reservados<\/em><br \/>\n<\/br><\/p>\n<p><img decoding=\"async\" src=\"http:\/\/aconteceunovale.com.br\/portal\/wp-content\/uploads\/2019\/01\/acidente_cap_10.jpg\" alt=\"\" \/><em>Foto: Skillo Produ\u00e7\u00f5es\/Direitos Reservados<\/em><br \/>\n<\/br><\/p>\n<p><img decoding=\"async\" src=\"http:\/\/aconteceunovale.com.br\/portal\/wp-content\/uploads\/2019\/01\/acidente_cap_11.jpg\" alt=\"\" \/><em>Foto: Skillo Produ\u00e7\u00f5es\/Direitos Reservados<\/em><br \/>\n<\/br><\/p>\n<p><img decoding=\"async\" src=\"http:\/\/aconteceunovale.com.br\/portal\/wp-content\/uploads\/2019\/01\/acidente_cap_12.jpg\" alt=\"\" \/><em>Foto: Skillo Produ\u00e7\u00f5es\/Direitos Reservados<\/em><br \/>\n<\/br><\/p>\n<p><strong>V\u00cdDEO<\/strong><\/p>\n<p><iframe loading=\"lazy\" width=\"560\" height=\"315\" src=\"https:\/\/www.youtube.com\/embed\/4ETk71szQRU\" frameborder=\"0\" allow=\"accelerometer; autoplay; encrypted-media; gyroscope; picture-in-picture\" allowfullscreen><\/iframe><br \/>\n<\/br><\/p>\n<p><strong>VER PRIMEIRO<\/strong><\/p>\n<p>Receba as not\u00edcias do Aconteceu no Vale em primeira m\u00e3o. Clique em curtir no endere\u00e7o <a href=\"https:\/\/www.facebook.com\/aconteceunovale\" target=\"_blank\"><font color=\"red\">www.facebook.com\/aconteceunovale<\/font><\/a> ou no box abaixo:<\/p>\n<div class=\"fb-like\" data-href=\"https:\/\/www.facebook.com\/aconteceunovale\" data-width=\"120\" data-layout=\"standard\" data-action=\"like\" data-size=\"small\" data-show-faces=\"true\" data-share=\"true\"><\/div>\n<p><\/br><\/p>\n<p><em>(Reportagem Aconteceu no Vale)<\/em><\/p>\n","protected":false},"excerpt":{"rendered":"<p>Uma mulher de 38 anos ficou ferida em um acidente na tarde desta quinta-feira (10\/01\/2019) na regi\u00e3o Central de Capelinha, no Vale do Jequitinhonha. As informa\u00e7\u00f5es iniciais repassadas ao Aconteceu no Vale indicam que a v\u00edtima Fl\u00e1via R. A. S, possivelmente, perdeu o controle direcional do autom\u00f3vel que conduzia, um Hyundai IX35, e atingiu outros [&hellip;]<\/p>\n","protected":false},"author":1,"featured_media":141864,"comment_status":"open","ping_status":"closed","sticky":false,"template":"","format":"standard","meta":{"amp_status":"","footnotes":""},"categories":[120],"tags":[191428,49201,191429,191431,191427,191430,4598,191423,191422,191420,191419,191426,191432,1018,191424,191421,191418,191425],"class_list":["post-141857","post","type-post","status-publish","format-standard","has-post-thumbnail","hentry","category-jequi","tag-acidenrte-no-centro-de-capelinha","tag-acidente-capelinha","tag-acidente-carros-capelinha","tag-acidente-centro-capelinha","tag-acidente-com-quatro-carros-em-capelinha","tag-acidente-de-transito-capelinha","tag-acidente-em-capelinha","tag-acidente-esposa-do-diego-fernandes","tag-acidente-esposa-do-grampao","tag-acidente-flavia-do-cartorio","tag-acidente-flavia-souza","tag-acidente-na-rua-rio-branco","tag-acidente-rua-rio-branco-capelinha","tag-destaque","tag-empresaria-fica-ferida-em-acidente-no-centro-de-capelinha","tag-flavia-do-cartorio","tag-flavia-souza","tag-mulher-fica-ferida-em-acidente-no-centro-de-capelinha"],"_links":{"self":[{"href":"https:\/\/aconteceunovale.com.br\/portal\/index.php?rest_route=\/wp\/v2\/posts\/141857","targetHints":{"allow":["GET"]}}],"collection":[{"href":"https:\/\/aconteceunovale.com.br\/portal\/index.php?rest_route=\/wp\/v2\/posts"}],"about":[{"href":"https:\/\/aconteceunovale.com.br\/portal\/index.php?rest_route=\/wp\/v2\/types\/post"}],"author":[{"embeddable":true,"href":"https:\/\/aconteceunovale.com.br\/portal\/index.php?rest_route=\/wp\/v2\/users\/1"}],"replies":[{"embeddable":true,"href":"https:\/\/aconteceunovale.com.br\/portal\/index.php?rest_route=%2Fwp%2Fv2%2Fcomments&post=141857"}],"version-history":[{"count":0,"href":"https:\/\/aconteceunovale.com.br\/portal\/index.php?rest_route=\/wp\/v2\/posts\/141857\/revisions"}],"wp:featuredmedia":[{"embeddable":true,"href":"https:\/\/aconteceunovale.com.br\/portal\/index.php?rest_route=\/wp\/v2\/media\/141864"}],"wp:attachment":[{"href":"https:\/\/aconteceunovale.com.br\/portal\/index.php?rest_route=%2Fwp%2Fv2%2Fmedia&parent=141857"}],"wp:term":[{"taxonomy":"category","embeddable":true,"href":"https:\/\/aconteceunovale.com.br\/portal\/index.php?rest_route=%2Fwp%2Fv2%2Fcategories&post=141857"},{"taxonomy":"post_tag","embeddable":true,"href":"https:\/\/aconteceunovale.com.br\/portal\/index.php?rest_route=%2Fwp%2Fv2%2Ftags&post=141857"}],"curies":[{"name":"wp","href":"https:\/\/api.w.org\/{rel}","templated":true}]}}