{"id":141808,"date":"2019-01-09T00:06:50","date_gmt":"2019-01-09T02:06:50","guid":{"rendered":"http:\/\/aconteceunovale.com.br\/portal\/?p=141808"},"modified":"2019-01-09T00:06:50","modified_gmt":"2019-01-09T02:06:50","slug":"incendio-destroi-marcenaria-em-brasilia-de-minas","status":"publish","type":"post","link":"https:\/\/aconteceunovale.com.br\/portal\/?p=141808","title":{"rendered":"Inc\u00eandio destr\u00f3i marcenaria em Bras\u00edlia de Minas"},"content":{"rendered":"<p>Uma marcenaria ficou destru\u00edda ap\u00f3s um inc\u00eandio em Bras\u00edlia de Minas, norte do Estado, na madrugada desta ter\u00e7a-feira (8\/1\/2019). Segundo o Corpo de Bombeiros de Janu\u00e1ria, o fogo consumiu maquin\u00e1rios e madeiras que estavam estocadas no local.<\/p>\n<p><center><br \/>\n<!-- Erro, o An\u00fancio n\u00e3o est\u00e1 dispon\u00edvel neste momento devido \u00e0s restri\u00e7\u00f5es de agendamento\/geolocaliza\u00e7\u00e3o! --><br \/>\n<\/br><br \/>\n<\/center><\/p>\n<p>As chamas foram controladas por moradores e carros-pipas da prefeitura. &#8220;N\u00f3s fomos acionados para atender esta ocorr\u00eancia e quando chegamos l\u00e1 o fogo j\u00e1 tinha sido extinto. As chamas derrubaram cerca de 70% do telhado do im\u00f3vel e ainda comprometeu a estrutura de alvenaria. Ent\u00e3o, o controle r\u00e1pido foi importante para evitar que o fogo atingisse outros locais&#8221;, explicou o cabo Niconedson Pereira dos Santos.<\/p>\n<p>O propriet\u00e1rio disse que n\u00e3o havia ningu\u00e9m no local no in\u00edcio do inc\u00eandio e afirmou ainda que todas as m\u00e1quinas estavam desligadas. Os militares gastaram cerca de seis mil litros de \u00e1gua no trabalho de rescaldo. As causas do inc\u00eandio s\u00e3o desconhecidas.<\/p>\n<p><img decoding=\"async\" src=\"http:\/\/aconteceunovale.com.br\/portal\/wp-content\/uploads\/2019\/01\/marcenaria_brasiliamg_1.jpg\" alt=\"\" \/><em>Foto: Fernando Almeida\/Arquivo pessoal<\/em><br \/>\n<\/br><\/p>\n<p><img decoding=\"async\" src=\"http:\/\/aconteceunovale.com.br\/portal\/wp-content\/uploads\/2019\/01\/marcenaria_brasiliamg_2.jpg\" alt=\"\" \/><em>Foto: Fernando Almeida\/Arquivo pessoal<\/em><br \/>\n<\/br><\/p>\n<p><strong>VER PRIMEIRO<\/strong><\/p>\n<p>Receba as not\u00edcias do Aconteceu no Vale em primeira m\u00e3o. Clique em curtir no endere\u00e7o <a href=\"https:\/\/www.facebook.com\/aconteceunovale\" target=\"_blank\"><font color=\"red\">www.facebook.com\/aconteceunovale<\/font><\/a> ou no box abaixo:<\/p>\n<div class=\"fb-like\" data-href=\"https:\/\/www.facebook.com\/aconteceunovale\" data-width=\"120\" data-layout=\"standard\" data-action=\"like\" data-size=\"small\" data-show-faces=\"true\" data-share=\"true\"><\/div>\n<p><\/br><\/p>\n<p><em>(Fonte: G1 Grande Minas)<\/em><\/p>\n","protected":false},"excerpt":{"rendered":"<p>Uma marcenaria ficou destru\u00edda ap\u00f3s um inc\u00eandio em Bras\u00edlia de Minas, norte do Estado, na madrugada desta ter\u00e7a-feira (8\/1\/2019). Segundo o Corpo de Bombeiros de Janu\u00e1ria, o fogo consumiu maquin\u00e1rios e madeiras que estavam estocadas no local. As chamas foram controladas por moradores e carros-pipas da prefeitura. &#8220;N\u00f3s fomos acionados para atender esta ocorr\u00eancia e [&hellip;]<\/p>\n","protected":false},"author":1,"featured_media":141810,"comment_status":"open","ping_status":"closed","sticky":false,"template":"","format":"standard","meta":{"amp_status":"","footnotes":""},"categories":[1236],"tags":[195,191339,191336,191337,191338],"class_list":["post-141808","post","type-post","status-publish","format-standard","has-post-thumbnail","hentry","category-norte_de_minas","tag-brasilia-de-minas","tag-incendio-destroi-marcenaria-em-brasilia-de-minas","tag-incendio-em-brasilia-de-minas","tag-incendio-em-marcenaria-de-brasilia-de-minas","tag-marcenaria-brasilia-de-minas"],"_links":{"self":[{"href":"https:\/\/aconteceunovale.com.br\/portal\/index.php?rest_route=\/wp\/v2\/posts\/141808","targetHints":{"allow":["GET"]}}],"collection":[{"href":"https:\/\/aconteceunovale.com.br\/portal\/index.php?rest_route=\/wp\/v2\/posts"}],"about":[{"href":"https:\/\/aconteceunovale.com.br\/portal\/index.php?rest_route=\/wp\/v2\/types\/post"}],"author":[{"embeddable":true,"href":"https:\/\/aconteceunovale.com.br\/portal\/index.php?rest_route=\/wp\/v2\/users\/1"}],"replies":[{"embeddable":true,"href":"https:\/\/aconteceunovale.com.br\/portal\/index.php?rest_route=%2Fwp%2Fv2%2Fcomments&post=141808"}],"version-history":[{"count":0,"href":"https:\/\/aconteceunovale.com.br\/portal\/index.php?rest_route=\/wp\/v2\/posts\/141808\/revisions"}],"wp:featuredmedia":[{"embeddable":true,"href":"https:\/\/aconteceunovale.com.br\/portal\/index.php?rest_route=\/wp\/v2\/media\/141810"}],"wp:attachment":[{"href":"https:\/\/aconteceunovale.com.br\/portal\/index.php?rest_route=%2Fwp%2Fv2%2Fmedia&parent=141808"}],"wp:term":[{"taxonomy":"category","embeddable":true,"href":"https:\/\/aconteceunovale.com.br\/portal\/index.php?rest_route=%2Fwp%2Fv2%2Fcategories&post=141808"},{"taxonomy":"post_tag","embeddable":true,"href":"https:\/\/aconteceunovale.com.br\/portal\/index.php?rest_route=%2Fwp%2Fv2%2Ftags&post=141808"}],"curies":[{"name":"wp","href":"https:\/\/api.w.org\/{rel}","templated":true}]}}