{"id":141804,"date":"2019-01-08T23:59:54","date_gmt":"2019-01-09T01:59:54","guid":{"rendered":"http:\/\/aconteceunovale.com.br\/portal\/?p=141804"},"modified":"2019-01-08T23:59:54","modified_gmt":"2019-01-09T01:59:54","slug":"trio-e-preso-com-cocaina-em-montes-claros","status":"publish","type":"post","link":"https:\/\/aconteceunovale.com.br\/portal\/?p=141804","title":{"rendered":"Trio \u00e9 preso com coca\u00edna em Montes Claros"},"content":{"rendered":"<p>Uma mulher, de 21 anos, e dois homens, de 20 e 39, foram presos na noite dessa segunda-feira (7\/1\/2019) suspeitos de tr\u00e1fico de drogas em Montes Claros, no Norte de Minas. Segundo a Pol\u00edcia Militar, uma den\u00fancia informou que um carro em atitude suspeita circulava pr\u00f3ximo ao Bairro Confer\u00eancia Cristo Rei.<\/p>\n<p><center><br \/>\n<!-- Erro, o An\u00fancio n\u00e3o est\u00e1 dispon\u00edvel neste momento devido \u00e0s restri\u00e7\u00f5es de agendamento\/geolocaliza\u00e7\u00e3o! --><br \/>\n<\/br><br \/>\n<\/center><\/p>\n<p>Militares iniciaram rastreamento e localizaram o ve\u00edculo j\u00e1 na Avenida Sol Nascente, na Vila Sion. Os policiais fizeram buscas no autom\u00f3vel e encontraram um tablete de coca\u00edna escondido embaixo do banco do passageiro, al\u00e9m de comprovantes de dep\u00f3sito no valor de R$ 27,3 mil.<\/p>\n<p>Os tr\u00eas suspeitos disseram \u00e0 pol\u00edcia que estavam chegando de S\u00e3o Paulo, mas n\u00e3o informaram como conseguiram a droga e nem assumiram a responsabilidade pelo material.<\/p>\n<p>A droga apreendida e os tr\u00eas suspeitos foram levados para a Delegacia de Plant\u00e3o da cidade. <\/p>\n<p><img decoding=\"async\" src=\"http:\/\/aconteceunovale.com.br\/portal\/wp-content\/uploads\/2019\/01\/trafico_moc_1.jpg\" alt=\"\" \/><em>Foto: Pol\u00edcia Militar\/Divulga\u00e7\u00e3o<\/em><br \/>\n<\/br><\/p>\n<p><img decoding=\"async\" src=\"http:\/\/aconteceunovale.com.br\/portal\/wp-content\/uploads\/2019\/01\/trafico_moc_2.jpg\" alt=\"\" \/><em>Foto: Pol\u00edcia Militar\/Divulga\u00e7\u00e3o<\/em><br \/>\n<\/br><\/p>\n<p><strong>VER PRIMEIRO<\/strong><\/p>\n<p>Receba as not\u00edcias do Aconteceu no Vale em primeira m\u00e3o. Clique em curtir no endere\u00e7o <a href=\"https:\/\/www.facebook.com\/aconteceunovale\" target=\"_blank\"><font color=\"red\">www.facebook.com\/aconteceunovale<\/font><\/a> ou no box abaixo:<\/p>\n<div class=\"fb-like\" data-href=\"https:\/\/www.facebook.com\/aconteceunovale\" data-width=\"120\" data-layout=\"standard\" data-action=\"like\" data-size=\"small\" data-show-faces=\"true\" data-share=\"true\"><\/div>\n<p><\/br><\/p>\n<p><em>(Fonte: G1 Grande Minas)<\/em><\/p>\n","protected":false},"excerpt":{"rendered":"<p>Uma mulher, de 21 anos, e dois homens, de 20 e 39, foram presos na noite dessa segunda-feira (7\/1\/2019) suspeitos de tr\u00e1fico de drogas em Montes Claros, no Norte de Minas. Segundo a Pol\u00edcia Militar, uma den\u00fancia informou que um carro em atitude suspeita circulava pr\u00f3ximo ao Bairro Confer\u00eancia Cristo Rei. Militares iniciaram rastreamento e [&hellip;]<\/p>\n","protected":false},"author":1,"featured_media":141806,"comment_status":"open","ping_status":"closed","sticky":false,"template":"","format":"standard","meta":{"amp_status":"","footnotes":""},"categories":[1236],"tags":[156568,142828,156569,210,127098,114703,191335],"class_list":["post-141804","post","type-post","status-publish","format-standard","has-post-thumbnail","hentry","category-norte_de_minas","tag-apreensao-de-cocaina-em-montes-claros","tag-apreensao-de-droga-em-montes-claros","tag-cocaina-apreendida-em-montes-claros","tag-montes-claros","tag-presos-com-drogas-em-montes-claros","tag-traficantes-presos-em-montes-claros","tag-trio-e-preso-com-cocaina-em-montes-claros"],"_links":{"self":[{"href":"https:\/\/aconteceunovale.com.br\/portal\/index.php?rest_route=\/wp\/v2\/posts\/141804","targetHints":{"allow":["GET"]}}],"collection":[{"href":"https:\/\/aconteceunovale.com.br\/portal\/index.php?rest_route=\/wp\/v2\/posts"}],"about":[{"href":"https:\/\/aconteceunovale.com.br\/portal\/index.php?rest_route=\/wp\/v2\/types\/post"}],"author":[{"embeddable":true,"href":"https:\/\/aconteceunovale.com.br\/portal\/index.php?rest_route=\/wp\/v2\/users\/1"}],"replies":[{"embeddable":true,"href":"https:\/\/aconteceunovale.com.br\/portal\/index.php?rest_route=%2Fwp%2Fv2%2Fcomments&post=141804"}],"version-history":[{"count":0,"href":"https:\/\/aconteceunovale.com.br\/portal\/index.php?rest_route=\/wp\/v2\/posts\/141804\/revisions"}],"wp:featuredmedia":[{"embeddable":true,"href":"https:\/\/aconteceunovale.com.br\/portal\/index.php?rest_route=\/wp\/v2\/media\/141806"}],"wp:attachment":[{"href":"https:\/\/aconteceunovale.com.br\/portal\/index.php?rest_route=%2Fwp%2Fv2%2Fmedia&parent=141804"}],"wp:term":[{"taxonomy":"category","embeddable":true,"href":"https:\/\/aconteceunovale.com.br\/portal\/index.php?rest_route=%2Fwp%2Fv2%2Fcategories&post=141804"},{"taxonomy":"post_tag","embeddable":true,"href":"https:\/\/aconteceunovale.com.br\/portal\/index.php?rest_route=%2Fwp%2Fv2%2Ftags&post=141804"}],"curies":[{"name":"wp","href":"https:\/\/api.w.org\/{rel}","templated":true}]}}