{"id":141798,"date":"2019-01-08T23:37:29","date_gmt":"2019-01-09T01:37:29","guid":{"rendered":"http:\/\/aconteceunovale.com.br\/portal\/?p=141798"},"modified":"2019-01-08T23:37:29","modified_gmt":"2019-01-09T01:37:29","slug":"associacao-de-municipios-diz-que-governo-de-minas-gerais-esta-com-repasses-de-2019-em-dia","status":"publish","type":"post","link":"https:\/\/aconteceunovale.com.br\/portal\/?p=141798","title":{"rendered":"Associa\u00e7\u00e3o de munic\u00edpios diz que Governo de Minas Gerais est\u00e1 com repasses de 2019 em dia"},"content":{"rendered":"<p>A Associa\u00e7\u00e3o Mineira dos Munic\u00edpios (AMM) informou nesta ter\u00e7a-feira (8\/1\/2019) que o governo de Minas Gerais est\u00e1 retomando o pagamento de recursos aos munic\u00edpios do Estado e que os repasses deste ano j\u00e1 est\u00e3o em dia.<\/p>\n<p>Segundo a AMM, foram quitados R$ 171,9 milh\u00f5es referentes ao Imposto de Circula\u00e7\u00e3o de Mercadorias e Servi\u00e7os (ICMS), R$ 163,8 milh\u00f5es relacionados ao Fundo de Manuten\u00e7\u00e3o e Desenvolvimento da Educa\u00e7\u00e3o B\u00e1sica e de Valoriza\u00e7\u00e3o dos Profissionais da Educa\u00e7\u00e3o (Fundeb). Os vencimentos ocorreram entre 2 de janeiro e esta ter\u00e7a-feira (8).<\/p>\n<p>A associa\u00e7\u00e3o disse ainda que os repasses do Imposto sobre a Propriedade de Ve\u00edculos Automotores (IPVA) est\u00e3o sendo feitos diariamente, sem atrasos. S\u00f3 com esse imposto, j\u00e1 foram pagos R$ 125 milh\u00f5es aos munic\u00edpios desde o dia 1\u00ba de janeiro.<\/p>\n<p>Sobre cota do ICMS que vence nesta ter\u00e7a-feira (8), o governo deve repassar at\u00e9 o fim do dia cerca de R$ 46 milh\u00f5es.<\/p>\n<p>Sobre os repasses que deveriam ter sido feitos pelo governo anterior, segundo levantamento da Associa\u00e7\u00e3o Mineira de Munic\u00edpios, ainda est\u00e3o pendentes cerca de R$ 12 bilh\u00f5es.<\/p>\n<p>A gest\u00e3o de Fernando Pimentel (PT) informou que o estado enfrentou uma crise financeira sem precedentes e garantiu que n\u00e3o mediu esfor\u00e7os para equilibrar as contas p\u00fablicas.<\/p>\n<p><strong>VER PRIMEIRO<\/strong><\/p>\n<p>Receba as not\u00edcias do Aconteceu no Vale em primeira m\u00e3o. Clique em curtir no endere\u00e7o <a href=\"https:\/\/www.facebook.com\/aconteceunovale\" target=\"_blank\"><font color=\"red\">www.facebook.com\/aconteceunovale<\/font><\/a> ou no box abaixo:<\/p>\n<div class=\"fb-like\" data-href=\"https:\/\/www.facebook.com\/aconteceunovale\" data-width=\"120\" data-layout=\"standard\" data-action=\"like\" data-size=\"small\" data-show-faces=\"true\" data-share=\"true\"><\/div>\n<p><\/br><\/p>\n<p><em>(Fonte: G1 Minas)<\/em><\/p>\n","protected":false},"excerpt":{"rendered":"<p>A Associa\u00e7\u00e3o Mineira dos Munic\u00edpios (AMM) informou nesta ter\u00e7a-feira (8\/1\/2019) que o governo de Minas Gerais est\u00e1 retomando o pagamento de recursos aos munic\u00edpios do Estado e que os repasses deste ano j\u00e1 est\u00e3o em dia. Segundo a AMM, foram quitados R$ 171,9 milh\u00f5es referentes ao Imposto de Circula\u00e7\u00e3o de Mercadorias e Servi\u00e7os (ICMS), R$ [&hellip;]<\/p>\n","protected":false},"author":1,"featured_media":141799,"comment_status":"open","ping_status":"closed","sticky":false,"template":"","format":"standard","meta":{"amp_status":"","footnotes":""},"categories":[123],"tags":[567,191332,185068,51191,191329,191331,191330,178207],"class_list":["post-141798","post","type-post","status-publish","format-standard","has-post-thumbnail","hentry","category-gerais","tag-amm","tag-associacao-de-municipios-diz-que-governo-de-minas-gerais-esta-com-repasses-de-2019-em-dia","tag-associacao-mineira-dos-municipios","tag-governo-de-minas-gerais","tag-governo-de-minas-gerais-esta-retomando-o-pagamento-de-recursos-aos-municipios","tag-governo-romeu-zema-esta-em-dia-com-municipios","tag-pagamento-de-recursos-aos-municipios","tag-romeu-zema"],"_links":{"self":[{"href":"https:\/\/aconteceunovale.com.br\/portal\/index.php?rest_route=\/wp\/v2\/posts\/141798","targetHints":{"allow":["GET"]}}],"collection":[{"href":"https:\/\/aconteceunovale.com.br\/portal\/index.php?rest_route=\/wp\/v2\/posts"}],"about":[{"href":"https:\/\/aconteceunovale.com.br\/portal\/index.php?rest_route=\/wp\/v2\/types\/post"}],"author":[{"embeddable":true,"href":"https:\/\/aconteceunovale.com.br\/portal\/index.php?rest_route=\/wp\/v2\/users\/1"}],"replies":[{"embeddable":true,"href":"https:\/\/aconteceunovale.com.br\/portal\/index.php?rest_route=%2Fwp%2Fv2%2Fcomments&post=141798"}],"version-history":[{"count":0,"href":"https:\/\/aconteceunovale.com.br\/portal\/index.php?rest_route=\/wp\/v2\/posts\/141798\/revisions"}],"wp:featuredmedia":[{"embeddable":true,"href":"https:\/\/aconteceunovale.com.br\/portal\/index.php?rest_route=\/wp\/v2\/media\/141799"}],"wp:attachment":[{"href":"https:\/\/aconteceunovale.com.br\/portal\/index.php?rest_route=%2Fwp%2Fv2%2Fmedia&parent=141798"}],"wp:term":[{"taxonomy":"category","embeddable":true,"href":"https:\/\/aconteceunovale.com.br\/portal\/index.php?rest_route=%2Fwp%2Fv2%2Fcategories&post=141798"},{"taxonomy":"post_tag","embeddable":true,"href":"https:\/\/aconteceunovale.com.br\/portal\/index.php?rest_route=%2Fwp%2Fv2%2Ftags&post=141798"}],"curies":[{"name":"wp","href":"https:\/\/api.w.org\/{rel}","templated":true}]}}