{"id":141723,"date":"2019-01-07T20:42:55","date_gmt":"2019-01-07T22:42:55","guid":{"rendered":"http:\/\/aconteceunovale.com.br\/portal\/?p=141723"},"modified":"2019-01-07T20:42:55","modified_gmt":"2019-01-07T22:42:55","slug":"tiro-acidental-mata-crianca-de-10-anos-em-minas","status":"publish","type":"post","link":"https:\/\/aconteceunovale.com.br\/portal\/?p=141723","title":{"rendered":"Tiro acidental mata crian\u00e7a de 10 anos em Minas"},"content":{"rendered":"<p>A trag\u00e9dia aconteceu durante o domingo (6\/1\/2019), em uma propriedade rural no C\u00f3rrego do Marreco, zona rural de Simon\u00e9sia, na Zona da Mata Mineira. Willian Ferreira de Carvalho, de 10 anos, morreu com um tiro disparado acidentalmente pelo amigo, um adolescente, de 17 anos. O disparo que matou a v\u00edtima saiu de uma espingarda tipo polveira.<\/p>\n<p><center><br \/>\n<!-- Erro, o An\u00fancio n\u00e3o est\u00e1 dispon\u00edvel neste momento devido \u00e0s restri\u00e7\u00f5es de agendamento\/geolocaliza\u00e7\u00e3o! --><br \/>\n<\/br><br \/>\n<\/center><\/p>\n<p>O tiro acidental acertou o peito da crian\u00e7a. O menino chegou a ser socorrido, mas j\u00e1 deu entrada no Pronto Atendimento sem vida.<\/p>\n<p>Segundo a Pol\u00edcia Militar, o filho do propriet\u00e1rio da arma relatou que tinham chegado da igreja com os menores envolvidos nos fatos e eles ficaram do lado de fora dentro de uma garagem. Ao entrar na resid\u00eancia, a testemunha do ocorrido ouviu um barulho alto parecido com um disparo de arma de fogo.<\/p>\n<p>O filho do dono da arma foi at\u00e9 a garagem e se deparou com a v\u00edtima ca\u00edda ao ch\u00e3o. O menor, autor do disparo acidental, estava com as m\u00e3os sobre o peito da v\u00edtima e gritava desesperado, pedindo por socorro.<\/p>\n<p>De acordo com o registro policial, o menor pegou a espingarda em cima de uma mesa de bilhar e de brincadeira, apertou o gatilho com a arma apontada em dire\u00e7\u00e3o a uma lavoura, por\u00e9m, n\u00e3o houve disparo. Logo depois, o menor apontou a arma em dire\u00e7\u00e3o \u00e0 v\u00edtima e apertou novamente o gatilho, momento em que aconteceu o disparo acidental, vindo a atingir o menino no peito. Ap\u00f3s o ocorrido, houve muito desespero e a v\u00edtima foi socorrida em um carro at\u00e9 o Hospital de Simon\u00e9sia.<\/p>\n<p>A espingarda foi despeda\u00e7ada ap\u00f3s o menor ficar transtornado e nervoso com o ocorrido. A arma foi recolhida e apreendida pelos militares. No local, tamb\u00e9m foram localizados recipientes contendo p\u00f3lvora, espoletas, esferas, al\u00e9m de um peda\u00e7o de ferro usado para carregar a espingarda.<\/p>\n<p>Conforme a PM, o propriet\u00e1rio da arma deixou a espingarda em cima da mesa de bilhar para matar \u2018bicho de mato\u2019 que estava comendo a lavoura. A arma foi esquecida carregada.<\/p>\n<p>De acordo com a PM, o dono da espingarda se apresentou no quartel da PM para prestar esclarecimentos. A per\u00edcia da Pol\u00edcia Civil compareceu ao local e realizou os trabalhos periciais. O menor foi apreendido e apresentado na Delegacia de Manhua\u00e7u para as demais provid\u00eancias.<\/p>\n<p><img decoding=\"async\" src=\"http:\/\/aconteceunovale.com.br\/portal\/wp-content\/uploads\/2019\/01\/vitima_tiro_simonesia.jpg\" alt=\"\" \/><em>Willian Ferreira de Carvalho tinha 10 anos &#8211; Foto: Reprodu\u00e7\u00e3o\/Super Canal<\/em><br \/>\n<\/br><\/p>\n<p><strong>VER PRIMEIRO<\/strong><\/p>\n<p>Receba as not\u00edcias do Aconteceu no Vale em primeira m\u00e3o. Clique em curtir no endere\u00e7o <a href=\"https:\/\/www.facebook.com\/aconteceunovale\" target=\"_blank\"><font color=\"red\">www.facebook.com\/aconteceunovale<\/font><\/a> ou no box abaixo:<\/p>\n<div class=\"fb-like\" data-href=\"https:\/\/www.facebook.com\/aconteceunovale\" data-width=\"120\" data-layout=\"standard\" data-action=\"like\" data-size=\"small\" data-show-faces=\"true\" data-share=\"true\"><\/div>\n<p><\/br><\/p>\n<p><em>(Fonte: Super Canal Caratinga)<\/em><\/p>\n","protected":false},"excerpt":{"rendered":"<p>A trag\u00e9dia aconteceu durante o domingo (6\/1\/2019), em uma propriedade rural no C\u00f3rrego do Marreco, zona rural de Simon\u00e9sia, na Zona da Mata Mineira. Willian Ferreira de Carvalho, de 10 anos, morreu com um tiro disparado acidentalmente pelo amigo, um adolescente, de 17 anos. O disparo que matou a v\u00edtima saiu de uma espingarda tipo [&hellip;]<\/p>\n","protected":false},"author":1,"featured_media":141722,"comment_status":"open","ping_status":"closed","sticky":false,"template":"","format":"standard","meta":{"amp_status":"","footnotes":""},"categories":[123],"tags":[191223,191222,191217,191218,191216,2451,191215,191220,191221,191214,191219],"class_list":["post-141723","post","type-post","status-publish","format-standard","has-post-thumbnail","hentry","category-gerais","tag-crianca-morre-apos-ser-atingida-por-tiro-acidental-em-minas","tag-crianca-morre-apos-ser-atingida-por-tiro-acidental-em-simonesia","tag-crianca-morta-em-simonesia","tag-morte-de-crianca-em-simonesia","tag-morto-em-simonesia","tag-simonesia","tag-tiro-acidental-em-simonesia","tag-tiro-acidental-mata-crianca-de-10-anos-em-minas","tag-tiro-acidental-mata-crianca-de-10-anos-em-simonesia","tag-vitima-tiro-acidental-em-simonesia","tag-willian-ferreira-de-carvalho"],"_links":{"self":[{"href":"https:\/\/aconteceunovale.com.br\/portal\/index.php?rest_route=\/wp\/v2\/posts\/141723","targetHints":{"allow":["GET"]}}],"collection":[{"href":"https:\/\/aconteceunovale.com.br\/portal\/index.php?rest_route=\/wp\/v2\/posts"}],"about":[{"href":"https:\/\/aconteceunovale.com.br\/portal\/index.php?rest_route=\/wp\/v2\/types\/post"}],"author":[{"embeddable":true,"href":"https:\/\/aconteceunovale.com.br\/portal\/index.php?rest_route=\/wp\/v2\/users\/1"}],"replies":[{"embeddable":true,"href":"https:\/\/aconteceunovale.com.br\/portal\/index.php?rest_route=%2Fwp%2Fv2%2Fcomments&post=141723"}],"version-history":[{"count":0,"href":"https:\/\/aconteceunovale.com.br\/portal\/index.php?rest_route=\/wp\/v2\/posts\/141723\/revisions"}],"wp:featuredmedia":[{"embeddable":true,"href":"https:\/\/aconteceunovale.com.br\/portal\/index.php?rest_route=\/wp\/v2\/media\/141722"}],"wp:attachment":[{"href":"https:\/\/aconteceunovale.com.br\/portal\/index.php?rest_route=%2Fwp%2Fv2%2Fmedia&parent=141723"}],"wp:term":[{"taxonomy":"category","embeddable":true,"href":"https:\/\/aconteceunovale.com.br\/portal\/index.php?rest_route=%2Fwp%2Fv2%2Fcategories&post=141723"},{"taxonomy":"post_tag","embeddable":true,"href":"https:\/\/aconteceunovale.com.br\/portal\/index.php?rest_route=%2Fwp%2Fv2%2Ftags&post=141723"}],"curies":[{"name":"wp","href":"https:\/\/api.w.org\/{rel}","templated":true}]}}