{"id":141717,"date":"2019-01-07T20:31:33","date_gmt":"2019-01-07T22:31:33","guid":{"rendered":"http:\/\/aconteceunovale.com.br\/portal\/?p=141717"},"modified":"2019-01-07T20:31:33","modified_gmt":"2019-01-07T22:31:33","slug":"adolescente-morre-apos-se-afogar-em-rio-no-leste-de-minas","status":"publish","type":"post","link":"https:\/\/aconteceunovale.com.br\/portal\/?p=141717","title":{"rendered":"Adolescente morre ap\u00f3s se afogar em rio no Leste de Minas"},"content":{"rendered":"<p>Ryan C\u00e9sar Meireles Alves tinha 14 anos e era morador do Bairro Esperan\u00e7a, em Caratinga\/MG. O adolescente se afogou enquanto tomava banho de rio juntamente com familiares. O afogamento aconteceu no Rio Sacramento, em Bom Jesus do Galho\/MG, neste domingo (6\/1\/2019). Ryan chegou a ser encaminhado para a Unidade de Pronto Atendimento (UPA) em Caratinga, mas n\u00e3o resistiu e morreu.<\/p>\n<p>Eram por volta das 12h, quando o Corpo de Bombeiros Militar foi acionado via 193 por familiares da v\u00edtima, informando que ela tinha afogado e que j\u00e1 estavam em deslocamento para o pronto socorro.<\/p>\n<p>\u201cCombinamos com os familiares que ir\u00edamos intercept\u00e1-los no caminho e encontramos com eles na estrada de Dom Lara, onde passamos a v\u00edtima para a nossa viatura. Fizemos os procedimentos de ressuscita\u00e7\u00e3o card\u00edaca \u2013 massagem e ambuzando com oxig\u00eanio \u2013 entretanto, a v\u00edtima j\u00e1 estava cian\u00f3tica e com algor mortis. Continuamos fazendo massagem card\u00edaca e colocamos o DEA (Desfibrilador Externo Autom\u00e1tico) nela, que indicou, inclusive, um choque. Foram quatro choques que ele indicou e deslocamos at\u00e9 o pronto socorro. Chegando l\u00e1, passamos ao m\u00e9dico e eles fizeram procedimentos durante mais uns 30 minutos, sem conseguir a recupera\u00e7\u00e3o da v\u00edtima, infelizmente\u201d, relatou cabo Cassius.<\/p>\n<p><center><br \/>\n<!-- Erro, o An\u00fancio n\u00e3o est\u00e1 dispon\u00edvel neste momento devido \u00e0s restri\u00e7\u00f5es de agendamento\/geolocaliza\u00e7\u00e3o! --><br \/>\n<\/br><br \/>\n<\/center><\/p>\n<p>O rio onde aconteceu o afogamento \u00e9 bastante frequentado por banhistas de toda a regi\u00e3o, segundo Jos\u00e9 Davi Meireles. O tio da v\u00edtima ressaltou que alertou a todos para que n\u00e3o fossem para locais fundos. \u201cEu o chamei e ele falou assim: \u2018tio, eu vou olhando se est\u00e1 fundo ou n\u00e3o\u2019. A\u00ed eu disse: \u2018ent\u00e3o est\u00e1 bom\u2019. O lugar em que estiver no meio da barriga pode voltar para tr\u00e1s\u201d, disse o familiar.<\/p>\n<p>Jos\u00e9 Davi, que est\u00e1 rec\u00e9m-operado, comentou que fez o que p\u00f4de para salvar Ryan e lamentou a morte do sobrinho. \u201cDesde semana passada que ele queria ir nesse lugar. A\u00ed, a m\u00e3e dele n\u00e3o quis levar, o padrasto tamb\u00e9m n\u00e3o por falta tempo. E, falei: \u2018como fiz cirurgia, tamb\u00e9m n\u00e3o posso levar voc\u00ea l\u00e1 n\u00e3o\u2019. A\u00ed, quando foi s\u00e1bado, eles chegaram l\u00e1. A minha irm\u00e3 falou que ele enviou uma mensagem via WhatsApp para ela, que se n\u00e3o o levasse nesse s\u00e1bado agora, ele iria de qualquer maneira. Ent\u00e3o, ela, na cabe\u00e7a dela, e na minha tamb\u00e9m, passa um filme. Parece que alguma coisa estava o chamando para l\u00e1, sei l\u00e1. Eu n\u00e3o sou supersticioso n\u00e3o, mas eu acho que \u00e9 alguma coisa que o estava chamando para l\u00e1, porque n\u00e3o \u00e9 poss\u00edvel. Eu n\u00e3o ia n\u00e3o por causa da cirurgia. At\u00e9 falei com minha irm\u00e3 que nunca mais vou fazer o gosto de ningu\u00e9m\u201d, comentou o tio da v\u00edtima.<\/p>\n<p>Diante desta fatalidade, nesses dias mais quentes do ano, quando muitas pessoas frequentam praias, piscinas, cachoeiras, lagoas e rios para se refrescarem, o Corpo de Bombeiros orienta a popula\u00e7\u00e3o a fim de evitar afogamentos. \u201cSempre tomar cuidado com bebidas alco\u00f3licas ao entrar na \u00e1gua; pessoas que n\u00e3o sabem nadar, n\u00e3o devem entrar em locais que n\u00e3o conhecem; e tomar cuidado durante o mergulho, ou seja, nunca mergulhar de cabe\u00e7a sem conhecer o local ou a profundidade. Acontece muito de a pessoa sofrer um trauma por conta disso. Ent\u00e3o, sempre tomar esses tipos de cuidados\u201d, orientou cabo Cassius. <\/p>\n<p><img decoding=\"async\" src=\"http:\/\/aconteceunovale.com.br\/portal\/wp-content\/uploads\/2019\/01\/afogamento_caratinga1.jpg\" alt=\"\" \/><em>Ryan C\u00e9sar Meireles Alves (foto em destaque) morreu ap\u00f3s se afogar no Rio Sacramento, na zona rural de Bom Jesus do Galho &#8211; Fotos: Reprodu\u00e7\u00e3o\/Super Canal Caratinga<\/em><br \/>\n<\/br><\/p>\n<p><strong>VER PRIMEIRO<\/strong><\/p>\n<p>Receba as not\u00edcias do Aconteceu no Vale em primeira m\u00e3o. Clique em curtir no endere\u00e7o <a href=\"https:\/\/www.facebook.com\/aconteceunovale\" target=\"_blank\"><font color=\"red\">www.facebook.com\/aconteceunovale<\/font><\/a> ou no box abaixo:<\/p>\n<div class=\"fb-like\" data-href=\"https:\/\/www.facebook.com\/aconteceunovale\" data-width=\"120\" data-layout=\"standard\" data-action=\"like\" data-size=\"small\" data-show-faces=\"true\" data-share=\"true\"><\/div>\n<p><\/br><\/p>\n<p><em>(Fonte: Super Canal Caratinga)<\/em><\/p>\n","protected":false},"excerpt":{"rendered":"<p>Ryan C\u00e9sar Meireles Alves tinha 14 anos e era morador do Bairro Esperan\u00e7a, em Caratinga\/MG. O adolescente se afogou enquanto tomava banho de rio juntamente com familiares. O afogamento aconteceu no Rio Sacramento, em Bom Jesus do Galho\/MG, neste domingo (6\/1\/2019). Ryan chegou a ser encaminhado para a Unidade de Pronto Atendimento (UPA) em Caratinga, [&hellip;]<\/p>\n","protected":false},"author":1,"featured_media":141719,"comment_status":"open","ping_status":"closed","sticky":false,"template":"","format":"standard","meta":{"amp_status":"","footnotes":""},"categories":[121],"tags":[191212,191211,191206,191203,191210,191209,142503,191205,191208,1101,237,191207,191213,191204,191202],"class_list":["post-141717","post","type-post","status-publish","format-standard","has-post-thumbnail","hentry","category-leste","tag-adolescente-de-caratinga-morre-apos-se-afogar-em-rio-em-bom-jesus-do-galho","tag-adolescente-morre-apos-se-afogar-em-rio-no-leste-de-minas","tag-afogado-no-rio-sacramento","tag-afogamento-bom-jesus-do-galho","tag-afogamento-caratinga","tag-afogamento-dom-lara","tag-afogamento-em-caratinga","tag-afogamento-no-rio-sacramento","tag-afogamento-perto-de-dom-lara","tag-bom-jesus-do-galho","tag-caratinga","tag-dom-lara","tag-rian-cesar-meireles-alves","tag-rio-sacramento","tag-ryan-cesar-meireles-alves"],"_links":{"self":[{"href":"https:\/\/aconteceunovale.com.br\/portal\/index.php?rest_route=\/wp\/v2\/posts\/141717","targetHints":{"allow":["GET"]}}],"collection":[{"href":"https:\/\/aconteceunovale.com.br\/portal\/index.php?rest_route=\/wp\/v2\/posts"}],"about":[{"href":"https:\/\/aconteceunovale.com.br\/portal\/index.php?rest_route=\/wp\/v2\/types\/post"}],"author":[{"embeddable":true,"href":"https:\/\/aconteceunovale.com.br\/portal\/index.php?rest_route=\/wp\/v2\/users\/1"}],"replies":[{"embeddable":true,"href":"https:\/\/aconteceunovale.com.br\/portal\/index.php?rest_route=%2Fwp%2Fv2%2Fcomments&post=141717"}],"version-history":[{"count":0,"href":"https:\/\/aconteceunovale.com.br\/portal\/index.php?rest_route=\/wp\/v2\/posts\/141717\/revisions"}],"wp:featuredmedia":[{"embeddable":true,"href":"https:\/\/aconteceunovale.com.br\/portal\/index.php?rest_route=\/wp\/v2\/media\/141719"}],"wp:attachment":[{"href":"https:\/\/aconteceunovale.com.br\/portal\/index.php?rest_route=%2Fwp%2Fv2%2Fmedia&parent=141717"}],"wp:term":[{"taxonomy":"category","embeddable":true,"href":"https:\/\/aconteceunovale.com.br\/portal\/index.php?rest_route=%2Fwp%2Fv2%2Fcategories&post=141717"},{"taxonomy":"post_tag","embeddable":true,"href":"https:\/\/aconteceunovale.com.br\/portal\/index.php?rest_route=%2Fwp%2Fv2%2Ftags&post=141717"}],"curies":[{"name":"wp","href":"https:\/\/api.w.org\/{rel}","templated":true}]}}