{"id":141711,"date":"2019-01-07T20:01:54","date_gmt":"2019-01-07T22:01:54","guid":{"rendered":"http:\/\/aconteceunovale.com.br\/portal\/?p=141711"},"modified":"2019-01-08T23:12:26","modified_gmt":"2019-01-09T01:12:26","slug":"acidente-deixa-quatro-pessoas-mortas-no-municipio-de-governador-valadares","status":"publish","type":"post","link":"https:\/\/aconteceunovale.com.br\/portal\/?p=141711","title":{"rendered":"Acidente deixa quatro pessoas mortas no munic\u00edpio de Governador Valadares"},"content":{"rendered":"<p>Quatro pessoas morreram em um grav\u00edssimo acidente na BR-259, no munic\u00edpio de Governador Valadares, na tarde desta segunda-feira (7\/1\/2019). Segundo informa\u00e7\u00f5es do Corpo de Bombeiros, a colis\u00e3o entre um autom\u00f3vel, uma caminhonete, um \u00f4nibus e um caminh\u00e3o aconteceu na altura do quil\u00f4metro 132 da rodovia, pr\u00f3ximo ao distrito de S\u00e3o V\u00edtor, no sentido Esp\u00edrito Santo. Todas as v\u00edtimas fatais estavam no Fiat Stilo e uma quinta ocupante deste mesmo ve\u00edculo, uma menina de 15 anos, foi socorrida em estado grave.<\/p>\n<p><center><br \/>\n<!-- Erro, o An\u00fancio n\u00e3o est\u00e1 dispon\u00edvel neste momento devido \u00e0s restri\u00e7\u00f5es de agendamento\/geolocaliza\u00e7\u00e3o! --><br \/>\n<\/br><br \/>\n<\/center><\/p>\n<p>As v\u00edtimas foram identificadas como Bryan Carvalho Ribeiro, de 6 meses, Nicole Emanuelle Carvalho Matos, de dois anos, Aniesle Analicia Carvalho Ribeiro, de 17 anos, e Elzeira Viana de Carvalho, de 37 anos. A v\u00edtima mais velha era a motorista do carro.<\/p>\n<p>Ainda segundo os bombeiros, o ve\u00edculo onde as v\u00edtimas estavam, registrado em Betim, na Regi\u00e3o Metropolitana de Belo Horizonte, seguia rumo ao Esp\u00edrito Santo, quando a motorista perdeu o controle da dire\u00e7\u00e3o, invadiu a contram\u00e3o e atingiu um \u00f4nibus da Via\u00e7\u00e3o \u00c1guia Branca. O carro capotou na pista e uma Amarok, que vinha logo atr\u00e1s, colidiu contra o ve\u00edculo. Tr\u00eas ocupantes da caminhonete tamb\u00e9m ficaram feridos.<\/p>\n<p>A motorista do \u00f4nibus sofreu ferimentos leves. Um caminh\u00e3o que seguia no mesmo sentido do carro e da caminhonete foi atingido pelo \u00f4nibus, mas o condutor do ve\u00edculo n\u00e3o sofreu nenhum ferimento.<\/p>\n<p>Todos os feridos foram encaminhados ao Hospital Municipal de Valadares por equipes do Samu e do Corpo de Bombeiros. As causas do acidente ser\u00e3o investigadas pelas autoridades locais.<\/p>\n<p><img decoding=\"async\" src=\"http:\/\/aconteceunovale.com.br\/portal\/wp-content\/uploads\/2019\/01\/acidente_gv_saovitor_1.jpg\" alt=\"\" \/><em>Foto: Roberto Higino\/Reprodu\u00e7\u00e3o Facebook<\/em><br \/>\n<\/br><\/p>\n<p><img decoding=\"async\" src=\"http:\/\/aconteceunovale.com.br\/portal\/wp-content\/uploads\/2019\/01\/acidente_gv_saovitor_2.jpg\" alt=\"\" \/><em>Foto: Roberto Higino\/Reprodu\u00e7\u00e3o Facebook<\/em><br \/>\n<\/br><\/p>\n<p><img decoding=\"async\" src=\"http:\/\/aconteceunovale.com.br\/portal\/wp-content\/uploads\/2019\/01\/acidente_gv_saovitor_3.jpg\" alt=\"\" \/><em>Foto: Roberto Higino\/Reprodu\u00e7\u00e3o Facebook<\/em><br \/>\n<\/br><\/p>\n<p><strong>VER PRIMEIRO<\/strong><\/p>\n<p>Receba as not\u00edcias do Aconteceu no Vale em primeira m\u00e3o. Clique em curtir no endere\u00e7o <a href=\"https:\/\/www.facebook.com\/aconteceunovale\" target=\"_blank\"><font color=\"red\">www.facebook.com\/aconteceunovale<\/font><\/a> ou no box abaixo:<\/p>\n<div class=\"fb-like\" data-href=\"https:\/\/www.facebook.com\/aconteceunovale\" data-width=\"120\" data-layout=\"standard\" data-action=\"like\" data-size=\"small\" data-show-faces=\"true\" data-share=\"true\"><\/div>\n<p><\/br><\/p>\n<p><em>(Com G1 Vales)<\/em><\/p>\n","protected":false},"excerpt":{"rendered":"<p>Quatro pessoas morreram em um grav\u00edssimo acidente na BR-259, no munic\u00edpio de Governador Valadares, na tarde desta segunda-feira (7\/1\/2019). Segundo informa\u00e7\u00f5es do Corpo de Bombeiros, a colis\u00e3o entre um autom\u00f3vel, uma caminhonete, um \u00f4nibus e um caminh\u00e3o aconteceu na altura do quil\u00f4metro 132 da rodovia, pr\u00f3ximo ao distrito de S\u00e3o V\u00edtor, no sentido Esp\u00edrito Santo. [&hellip;]<\/p>\n","protected":false},"author":1,"featured_media":141712,"comment_status":"open","ping_status":"closed","sticky":false,"template":"","format":"standard","meta":{"amp_status":"","footnotes":""},"categories":[121],"tags":[55746,191200,191201,140971,191191,12667,191195,21348,57188,191193,89213,116809,189990,3510,191192,44535,191194,191198,191196,191190,1018,191199,247,191197,44534],"class_list":["post-141711","post","type-post","status-publish","format-standard","has-post-thumbnail","hentry","category-leste","tag-acidente-com-carro-de-betim","tag-acidente-com-fiat-stilo-de-betim","tag-acidente-com-moradoras-de-betim","tag-acidente-com-onibus-em-governador-valadares","tag-acidente-deixa-quatro-pessoas-mortas-no-municipio-de-governador-valadares","tag-acidente-em-governador-valadares","tag-acidente-entre-carro-e-onibus-em-governador-valadares","tag-acidente-na-br-259","tag-acidente-na-br-259-em-governador-valadares","tag-acidente-na-br-259-em-sao-vitor","tag-acidente-perto-de-governador-valadares","tag-acidente-perto-de-sao-vitor","tag-acidente-perto-do-distrito-de-sao-vitor","tag-acidente-proximo-a-governador-valadares","tag-acidente-proximo-a-sao-vitor","tag-acidente-proximo-ao-distrito-de-sao-vitor","tag-acidente-sao-vitor-governador-valadares","tag-aniesle-analicia-carvalho-ribeiro","tag-bryan-carvalho-ribeiro","tag-colisao-entre-veiculos-deixa-quatro-pessoas-mortas-no-municipio-de-governador-valadares","tag-destaque","tag-euzeira-viana-de-carvalho","tag-governador-valadares","tag-nicole-emanuelle-carvalho-matos","tag-sao-vitor"],"_links":{"self":[{"href":"https:\/\/aconteceunovale.com.br\/portal\/index.php?rest_route=\/wp\/v2\/posts\/141711","targetHints":{"allow":["GET"]}}],"collection":[{"href":"https:\/\/aconteceunovale.com.br\/portal\/index.php?rest_route=\/wp\/v2\/posts"}],"about":[{"href":"https:\/\/aconteceunovale.com.br\/portal\/index.php?rest_route=\/wp\/v2\/types\/post"}],"author":[{"embeddable":true,"href":"https:\/\/aconteceunovale.com.br\/portal\/index.php?rest_route=\/wp\/v2\/users\/1"}],"replies":[{"embeddable":true,"href":"https:\/\/aconteceunovale.com.br\/portal\/index.php?rest_route=%2Fwp%2Fv2%2Fcomments&post=141711"}],"version-history":[{"count":0,"href":"https:\/\/aconteceunovale.com.br\/portal\/index.php?rest_route=\/wp\/v2\/posts\/141711\/revisions"}],"wp:featuredmedia":[{"embeddable":true,"href":"https:\/\/aconteceunovale.com.br\/portal\/index.php?rest_route=\/wp\/v2\/media\/141712"}],"wp:attachment":[{"href":"https:\/\/aconteceunovale.com.br\/portal\/index.php?rest_route=%2Fwp%2Fv2%2Fmedia&parent=141711"}],"wp:term":[{"taxonomy":"category","embeddable":true,"href":"https:\/\/aconteceunovale.com.br\/portal\/index.php?rest_route=%2Fwp%2Fv2%2Fcategories&post=141711"},{"taxonomy":"post_tag","embeddable":true,"href":"https:\/\/aconteceunovale.com.br\/portal\/index.php?rest_route=%2Fwp%2Fv2%2Ftags&post=141711"}],"curies":[{"name":"wp","href":"https:\/\/api.w.org\/{rel}","templated":true}]}}