{"id":141708,"date":"2019-01-07T01:17:09","date_gmt":"2019-01-07T03:17:09","guid":{"rendered":"http:\/\/aconteceunovale.com.br\/portal\/?p=141708"},"modified":"2019-01-07T01:17:09","modified_gmt":"2019-01-07T03:17:09","slug":"manter-a-vacinacao-atualizada-e-fundamental-para-uma-viagem-saudavel","status":"publish","type":"post","link":"https:\/\/aconteceunovale.com.br\/portal\/?p=141708","title":{"rendered":"Manter a vacina\u00e7\u00e3o atualizada \u00e9 fundamental para uma viagem saud\u00e1vel"},"content":{"rendered":"<p>Com o in\u00edcio do ver\u00e3o e das f\u00e9rias escolares, chega tamb\u00e9m um dos momentos mais esperados por muitas pessoas, a viagem. Por isso, a\u00a0Secretaria de Estado de Sa\u00fade de Minas Gerais (SES-MG)\u00a0orienta sobre os riscos e cuidados importantes com a sa\u00fade antes de arrumarem as malas e tirarem alguns dias de folga.<\/p>\n<p>Para a diretora de Vigil\u00e2ncia Epidemiol\u00f3gica da SES-MG, Jana\u00edna Almeida, \u00e9 importante,\u00a0ao planejar um destino, se informar sobre os riscos que a regi\u00e3o a ser visitada oferece. E, para isso, estar em dia com as imuniza\u00e7\u00f5es \u00e9 fundamental, visto que\u00a0muitas doen\u00e7as comuns em diversas regi\u00f5es do pa\u00eds e do mundo j\u00e1 possuem vacinas previstas no calend\u00e1rio nacional de imuniza\u00e7\u00e3o de crian\u00e7as, adolescentes, adultos e idosos.<\/p>\n<p>\u201cO Programa Nacional de Imuniza\u00e7\u00f5es do Brasil \u00e9 um dos maiores do mundo, ofertando 45 diferentes imunobiol\u00f3gicos para toda a popula\u00e7\u00e3o. H\u00e1 vacinas destinadas a todas as faixas et\u00e1rias e campanhas anuais para atualiza\u00e7\u00e3o da caderneta de vacina\u00e7\u00e3o. A imuniza\u00e7\u00e3o \u00e9 a principal medida de preven\u00e7\u00e3o e controle de uma s\u00e9rie de doen\u00e7as e, por isso, \u00e9 necess\u00e1rio que o viajante mantenha o cart\u00e3o de vacina atualizado\u201d, explica.<\/p>\n<p>Ainda segundo Jana\u00edna, no Brasil n\u00e3o h\u00e1 obrigatoriedade de comprova\u00e7\u00e3o vacinal para entrada no pa\u00eds. No entanto, \u201co Minist\u00e9rio da Sa\u00fade recomenda aos turistas internacionais\u00a0que vierem visitar o pa\u00eds, para atualizarem a sua situa\u00e7\u00e3o vacinal previamente \u00e0 chegada ao Brasil, em especial, as vacinas contra febre amarela, poliomielite, sarampo e rub\u00e9ola, difteria e t\u00e9tano\u201d, acrescenta.<\/p>\n<p><strong>Vacinas importantes para os viajantes<\/strong><\/p>\n<p><span style=\"text-decoration: underline;\">Febre amarela<\/span>\u00a0&#8211; A vacina contra a febre amarela \u00e9 indicada para residentes e\/ou viajantes que se destinam \u00e0s \u00c1reas com Recomenda\u00e7\u00e3o de Vacina\u00e7\u00e3o (ACRV), com pelo menos 10 dias de anteced\u00eancia da data da viagem, tempo necess\u00e1rio para que a vacina confira prote\u00e7\u00e3o contra a infec\u00e7\u00e3o. Todo o Estado de Minas Gerais \u00e9 \u00e1rea de recomenda\u00e7\u00e3o para a vacina;<\/p>\n<p><span style=\"text-decoration: underline;\">Sarampo<\/span>\u00a0&#8211; Por se tratar de uma doen\u00e7a potencialmente grave e de alta transmissibilidade, \u00e9 importante que os turistas atualizem sua situa\u00e7\u00e3o vacinal contra o sarampo antes de se deslocarem para o Brasil. A doen\u00e7a possui alta incid\u00eancia em pa\u00edses da Am\u00e9rica do Norte e Europa;<\/p>\n<p><span style=\"text-decoration: underline;\">Difteria, t\u00e9tano e poliomielite<\/span>\u00a0&#8211; Recomenda-se que os turistas estrangeiros venham ao Brasil com esquema de vacina\u00e7\u00e3o completo para difteria, t\u00e9tano e poliomielite, de acordo com as indica\u00e7\u00f5es preconizadas no pa\u00eds de origem.<\/p>\n<p><strong>Destinos Internacionais<\/strong><\/p>\n<p>Para viagens internacionais, a orienta\u00e7\u00e3o \u00e9 que o viajante esteja com a sua\u00a0situa\u00e7\u00e3o vacinal atualizada, conforme as orienta\u00e7\u00f5es do\u00a0<span style=\"color: #ff6600;\"><a href=\"http:\/\/www.saude.mg.gov.br\/vacinacao\" target=\"_blank\"><span style=\"color: #ff6600;\">Calend\u00e1rio Nacional de Vacina\u00e7\u00e3o<\/span><\/a><\/span>.<\/p>\n<p>O viajante deve incluir o cart\u00e3o de vacina\u00e7\u00e3o entre os documentos da viagem, pois, conforme as normas do\u00a0Programa Nacional de Imuniza\u00e7\u00f5es (PNI)\u00a0do Minist\u00e9rio da Sa\u00fade, este \u00e9 o documento que comprova, em territ\u00f3rio nacional, a vacina\u00e7\u00e3o. No entanto, para viagens internacionais, \u00e9 importante dispor tamb\u00e9m do\u00a0Certificado Internacional de Vacina\u00e7\u00e3o ou Profilaxia (CIVP), documento que comprova a vacina\u00e7\u00e3o contra doen\u00e7as, conforme definido no Regulamento Sanit\u00e1rio Internacional.<\/p>\n<p>Segundo a diretora de Vigil\u00e2ncia Epidemiol\u00f3gica da SES-MG, Jana\u00edna Almeida, alguns pa\u00edses da Europa, \u00c1frica e \u00c1sia, n\u00e3o apresentam uma cobertura vacinal muito ampla contra o sarampo, o que leva ao surgimento de diversos casos durante todo o ano.<\/p>\n<p>\u201cNeste sentido, recomenda-se que profissionais da \u00e1rea de turismo e viajantes residentes no Brasil, que forem viajar para o exterior, procurem um posto de sa\u00fade pelo menos quinze dias antes da\u00a0viagem, para serem vacinados&#8221;, observa.<\/p>\n<p>Ao retornar de\u00a0viagem\u00a0ao exterior, continua Jana\u00edna, &#8220;o viajante deve ficar atento: se apresentar febre, manchas avermelhadas pelo corpo, acompanhadas de tosse ou coriza ou conjuntivite, at\u00e9 30 dias ap\u00f3s seu regresso, estes podem ser sinais e sintomas do sarampo. Recomenda-se que procure imediatamente um servi\u00e7o de sa\u00fade, informe seu itiner\u00e1rio de\u00a0viagem, permane\u00e7a em isolamento social e evite circular em locais p\u00fablicos\u201d, finaliza.<\/p>\n<p><strong>Centros de Orienta\u00e7\u00e3o \u00e0 Sa\u00fade do Viajante<\/strong><\/p>\n<p>Os Centros de Orienta\u00e7\u00e3o \u00e0 Sa\u00fade do Viajante (COV) fazem parte de uma rede de aten\u00e7\u00e3o \u00e0 sa\u00fade do viajante e t\u00eam o objetivo de atender e orientar as pessoas que viajam a aderirem \u00e0s pr\u00e1ticas e cuidados com a sa\u00fade, e realizar a emiss\u00e3o do Certificado Internacional de Vacina\u00e7\u00e3o ou Profilaxia (CIVP).<\/p>\n<p>O Certificado Internacional de Vacina\u00e7\u00e3o e Profilaxia (CIVP) \u00e9 um documento exigido por alguns pa\u00edses do mundo como comprovante de que a vacina\u00e7\u00e3o est\u00e1 em dia. Para obter o Certificado \u00e9 necess\u00e1rio se vacinar e comparecer a um\u00a0Centro de Orienta\u00e7\u00e3o de Viajantes\u00a0apresentando o cart\u00e3o de vacina\u00e7\u00e3o devidamente preenchido e um documento de identidade com foto.<\/p>\n<p>Em Minas Gerais, existem quatro Centros de Orienta\u00e7\u00e3o de Viajantes, dois deles p\u00fablicos. O primeiro est\u00e1 localizado no Aeroporto de Confins (telefone 31 3689 -2009) e o segundo na Secretaria Municipal de Sa\u00fade de Belo Horizonte (telefone 31 3246 \u2013 5026). A lista completa dos Centros est\u00e1 dispon\u00edvel\u00a0<strong><span style=\"color: #ff6600;\"><a href=\"https:\/\/viajante.anvisa.gov.br\/viajante\/hotsite\/centros.pdf\" target=\"_blank\"><span style=\"color: #ff6600;\">neste link<\/span><\/a><\/span><\/strong>.<\/p>\n<p><strong>Dicas gerais<\/strong><\/p>\n<p>Al\u00e9m da vacina\u00e7\u00e3o, alguns cuidados s\u00e3o fundamentais para que o viajante tenha uma viagem tranquila e saud\u00e1vel:<\/p>\n<ul>\n<li>Utilize preservativo nas rela\u00e7\u00f5es sexuais, pois essa \u00e9 a forma mais segura de se proteger da AIDS e de outras doen\u00e7as sexualmente transmiss\u00edveis;<\/li>\n<li>Evite exposi\u00e7\u00e3o excessiva ao sol. Use protetor solar no m\u00ednimo 30 minutos antes da exposi\u00e7\u00e3o (FPS 30), reaplicando conforme orienta\u00e7\u00e3o do fabricante. Utilize tamb\u00e9m \u00f3culos de sol e chap\u00e9u de aba larga;<\/li>\n<li>Se o viajante ficar doente dentro da embarca\u00e7\u00e3o, comunicar o fato imediatamente \u00e0 equipe de bordo. Eles tomar\u00e3o as devidas provid\u00eancias e alertar\u00e3o dos servi\u00e7os de sa\u00fade local;<\/li>\n<li>Em caso de adoecimento durante a sua estadia, busque atendimento m\u00e9dico e evite a automedica\u00e7\u00e3o;<\/li>\n<li>Viaje com o Calend\u00e1rio Nacional de Vacina\u00e7\u00e3o em dia;<\/li>\n<li>Ap\u00f3s o retorno da viagem, caso apresente febre ou outros sintomas como diarreia, problemas de pele ou respirat\u00f3rios, procure imediatamente um servi\u00e7o de sa\u00fade e informe quais as regi\u00f5es que visitou.<\/li>\n<\/ul>\n<p><strong>VER PRIMEIRO<\/strong><\/p>\n<p>Receba as not\u00edcias do Aconteceu no Vale em primeira m\u00e3o. Clique em curtir no endere\u00e7o <a href=\"https:\/\/www.facebook.com\/aconteceunovale\" target=\"_blank\"><font color=\"red\">www.facebook.com\/aconteceunovale<\/font><\/a> ou no box abaixo:<\/p>\n<div class=\"fb-like\" data-href=\"https:\/\/www.facebook.com\/aconteceunovale\" data-width=\"120\" data-layout=\"standard\" data-action=\"like\" data-size=\"small\" data-show-faces=\"true\" data-share=\"true\"><\/div>\n<p><\/br><\/p>\n<p><em>(Fonte: Ag\u00eancia Minas)<\/em><\/p>\n","protected":false},"excerpt":{"rendered":"<p>Com o in\u00edcio do ver\u00e3o e das f\u00e9rias escolares, chega tamb\u00e9m um dos momentos mais esperados por muitas pessoas, a viagem. Por isso, a\u00a0Secretaria de Estado de Sa\u00fade de Minas Gerais (SES-MG)\u00a0orienta sobre os riscos e cuidados importantes com a sa\u00fade antes de arrumarem as malas e tirarem alguns dias de folga. Para a diretora [&hellip;]<\/p>\n","protected":false},"author":1,"featured_media":141709,"comment_status":"open","ping_status":"closed","sticky":false,"template":"","format":"standard","meta":{"amp_status":"","footnotes":""},"categories":[123,40242],"tags":[159325,191189,191185,38784,52113,191186,191187,191188,28959,159324],"class_list":["post-141708","post","type-post","status-publish","format-standard","has-post-thumbnail","hentry","category-gerais","category-saude-2","tag-janaina-almeida","tag-manter-a-vacinacao-atualizada-e-fundamental-para-uma-viagem-saudavel","tag-programa-nacional-de-imunizacoes-do-brasil","tag-secretaria-de-estado-de-saude-de-minas-gerais","tag-ses-mg","tag-vacinas-importantes-para-os-viajantes","tag-vacinas-para-os-viajantes","tag-vacinas-viajantes","tag-viagem-saudavel","tag-vigilancia-epidemiologica-da-ses-mg"],"_links":{"self":[{"href":"https:\/\/aconteceunovale.com.br\/portal\/index.php?rest_route=\/wp\/v2\/posts\/141708","targetHints":{"allow":["GET"]}}],"collection":[{"href":"https:\/\/aconteceunovale.com.br\/portal\/index.php?rest_route=\/wp\/v2\/posts"}],"about":[{"href":"https:\/\/aconteceunovale.com.br\/portal\/index.php?rest_route=\/wp\/v2\/types\/post"}],"author":[{"embeddable":true,"href":"https:\/\/aconteceunovale.com.br\/portal\/index.php?rest_route=\/wp\/v2\/users\/1"}],"replies":[{"embeddable":true,"href":"https:\/\/aconteceunovale.com.br\/portal\/index.php?rest_route=%2Fwp%2Fv2%2Fcomments&post=141708"}],"version-history":[{"count":0,"href":"https:\/\/aconteceunovale.com.br\/portal\/index.php?rest_route=\/wp\/v2\/posts\/141708\/revisions"}],"wp:featuredmedia":[{"embeddable":true,"href":"https:\/\/aconteceunovale.com.br\/portal\/index.php?rest_route=\/wp\/v2\/media\/141709"}],"wp:attachment":[{"href":"https:\/\/aconteceunovale.com.br\/portal\/index.php?rest_route=%2Fwp%2Fv2%2Fmedia&parent=141708"}],"wp:term":[{"taxonomy":"category","embeddable":true,"href":"https:\/\/aconteceunovale.com.br\/portal\/index.php?rest_route=%2Fwp%2Fv2%2Fcategories&post=141708"},{"taxonomy":"post_tag","embeddable":true,"href":"https:\/\/aconteceunovale.com.br\/portal\/index.php?rest_route=%2Fwp%2Fv2%2Ftags&post=141708"}],"curies":[{"name":"wp","href":"https:\/\/api.w.org\/{rel}","templated":true}]}}