{"id":141581,"date":"2019-01-05T12:42:29","date_gmt":"2019-01-05T14:42:29","guid":{"rendered":"http:\/\/aconteceunovale.com.br\/portal\/?p=141581"},"modified":"2019-01-05T17:33:05","modified_gmt":"2019-01-05T19:33:05","slug":"dez-pessoas-sao-detidas-por-envolvimento-com-o-trafico-de-drogas-em-sao-francisco-pirapora-e-montes-claros","status":"publish","type":"post","link":"https:\/\/aconteceunovale.com.br\/portal\/?p=141581","title":{"rendered":"Dez pessoas s\u00e3o detidas por envolvimento com o tr\u00e1fico de drogas em S\u00e3o Francisco, Pirapora e Montes Claros"},"content":{"rendered":"<p>Ao menos 10 pessoas suspeitas de tr\u00e1fico de drogas foram detidas nessa sexta-feira (4\/1\/2019) nas cidades de S\u00e3o Francisco, Pirapora e Montes Claros. Nas abordagens policiais foram apreendidas v\u00e1rias por\u00e7\u00f5es de drogas, dinheiro e arma de fogo. Entre os detidos, est\u00e3o cinco menores de idade.<\/p>\n<p><strong>S\u00e3o Francisco<\/strong><\/p>\n<p>Quatro suspeitos foram detidos na cidade ap\u00f3s den\u00fancias an\u00f4nimas que relatavam tr\u00e1fico de droga nos bairros Aparecida e Geraldo Magela. Dois homens, de 19 e 23 anos, e dois menores, de 15 e 17, foram conduzidos \u00e0 delegacia. Com eles a pol\u00edcia apreendeu por\u00e7\u00f5es de maconha e crack, uma balan\u00e7a de precis\u00e3o, telefones celulares e dinheiro.<\/p>\n<p><center><br \/>\n<!-- Erro, o An\u00fancio n\u00e3o est\u00e1 dispon\u00edvel neste momento devido \u00e0s restri\u00e7\u00f5es de agendamento\/geolocaliza\u00e7\u00e3o! --><br \/>\n<\/br><br \/>\n<\/center><\/p>\n<p>Para sucesso da a\u00e7\u00e3o, policiais militares do Servi\u00e7o de Intelig\u00eancia monitoraram os locais denunciados. As por\u00e7\u00f5es das drogas estavam na casa do rapaz de 15 anos e dos autores de 19 e 23 anos, que s\u00e3o irm\u00e3os. Os tr\u00eas, segundo a pol\u00edcia, j\u00e1 possuem outras passagens policiais.<\/p>\n<p><img decoding=\"async\" src=\"http:\/\/aconteceunovale.com.br\/portal\/wp-content\/uploads\/2019\/01\/trafico_sf_1.jpg\" alt=\"\" \/><em>Material apreendido em S\u00e3o Francisco \u2014 Foto: Pol\u00edcia Militar\/Divulga\u00e7\u00e3o<\/em><br \/>\n<\/br><\/p>\n<p><strong>Montes Claros<\/strong><\/p>\n<p>Em Montes Claros, um jovem de 18 anos foi preso por volta das 23h dessa sexta-feira. Segundo a PM, o rapaz estava em atitude suspeita no Bairro Maria C\u00e2ndida e foi avistado por uma viatura que fazia patrulhamento de rotina. Ap\u00f3s ser abordado, os militares encontraram com ele cerca de R$ 321, al\u00e9m de buchas de maconha, e por\u00e7\u00f5es de crack e coca\u00edna.<\/p>\n<p>Na mesma noite, agora no Bairro Morrinhos, a pol\u00edcia deparou com um suspeito de 37 anos, que demonstrou nervosismo ao ver os policiais. Ele foi abordado e a PM encontrou com ele 31 pedras de crack, escondidas dentro de uma garrafa de pl\u00e1stico. Pr\u00f3ximo ao local da abordagem, dentro de um buraco, os policiais acharam buchas de maconha.<\/p>\n<p>Os dois homens foram levados \u00e0 delegacia de plant\u00e3o da Pol\u00edcia Civil.<\/p>\n<p><strong>Pirapora<\/strong><\/p>\n<p>A Pol\u00edcia Militar de Pirapora tamb\u00e9m deteve quatro suspeitos de tr\u00e1fico de drogas em Pirapora. Segundo a PM, tr\u00eas autores detidos s\u00e3o menores, com idades entre 15 e 17 anos, e tamb\u00e9m s\u00e3o suspeitos de outros crimes na regi\u00e3o, entre eles homic\u00eddios e venda de armas.<\/p>\n<p>Os autores foram detidos ap\u00f3s levantamentos da PM. Durante rastreamento nas proximidades da casa de um dos menores que era investigado, os militares flagraram um homem em uma motocicleta de uma empresa de g\u00e1s comprando uma barra grande de maconha com os suspeitos; a pol\u00edcia acredita que a por\u00e7\u00e3o renderia aproximadamente 300 buchas menores. O condutor, de 22 anos, foi abordado em seguida e preso. Os dois menores tamb\u00e9m foram apreendidos em flagrante.<\/p>\n<p>Durante o registro da ocorr\u00eancia, a pol\u00edcia recebeu informa\u00e7\u00f5es que os dois adolescentes detidos combinaram com um comparsa, tamb\u00e9m menor de idade, um homic\u00eddio contra um homem de outro grupo criminoso. Este adolescente tamb\u00e9m foi apreendido. Com os tr\u00eas menores a pol\u00edcia apreendeu dois rev\u00f3lveres com muni\u00e7\u00f5es.<\/p>\n<p>Ainda de acordo com a pol\u00edcia, os tr\u00eas menores envolvidos na ocorr\u00eancia atuam na regi\u00e3o sob ordem de dois homens que est\u00e3o presos. A PM acredita que eles ordenam de dentro do pres\u00eddio crimes e coordenam a venda de drogas.<\/p>\n<p><img decoding=\"async\" src=\"http:\/\/aconteceunovale.com.br\/portal\/wp-content\/uploads\/2019\/01\/trafico_sf_2.jpeg\" alt=\"\" \/><em>Material apreendido em Pirapora \u2014 Foto: Pol\u00edcia Militar\/Divulga\u00e7\u00e3o<\/em><br \/>\n<\/br><\/p>\n<p><strong>VER PRIMEIRO<\/strong><\/p>\n<p>Receba as not\u00edcias do Aconteceu no Vale em primeira m\u00e3o. Clique em curtir no endere\u00e7o <a href=\"https:\/\/www.facebook.com\/aconteceunovale\" target=\"_blank\"><font color=\"red\">www.facebook.com\/aconteceunovale<\/font><\/a> ou no box abaixo:<\/p>\n<div class=\"fb-like\" data-href=\"https:\/\/www.facebook.com\/aconteceunovale\" data-width=\"120\" data-layout=\"standard\" data-action=\"like\" data-size=\"small\" data-show-faces=\"true\" data-share=\"true\"><\/div>\n<p><\/br><\/p>\n<p><em>(Fonte: G1 Grande Minas)<\/em><\/p>\n","protected":false},"excerpt":{"rendered":"<p>Ao menos 10 pessoas suspeitas de tr\u00e1fico de drogas foram detidas nessa sexta-feira (4\/1\/2019) nas cidades de S\u00e3o Francisco, Pirapora e Montes Claros. Nas abordagens policiais foram apreendidas v\u00e1rias por\u00e7\u00f5es de drogas, dinheiro e arma de fogo. Entre os detidos, est\u00e3o cinco menores de idade. S\u00e3o Francisco Quatro suspeitos foram detidos na cidade ap\u00f3s den\u00fancias [&hellip;]<\/p>\n","protected":false},"author":1,"featured_media":141582,"comment_status":"open","ping_status":"closed","sticky":false,"template":"","format":"standard","meta":{"amp_status":"","footnotes":""},"categories":[1236],"tags":[191047,210,254,31870,191046,191045,1522,114703,145878,152314,2549,107211,84145,124014,145876,144150],"class_list":["post-141581","post","type-post","status-publish","format-standard","has-post-thumbnail","hentry","category-norte_de_minas","tag-dez-pessoas-sao-detidas-por-envolvimento-com-o-trafico-de-drogas-em-sao-francisco-pirapora-e-montes-claros","tag-montes-claros","tag-pirapora","tag-presos-por-trafico-em-montes-claros","tag-presos-por-trafico-em-pirapora","tag-presos-por-trafico-em-sao-francisco","tag-sao-francisco","tag-traficantes-presos-em-montes-claros","tag-traficantes-presos-em-pirapora","tag-traficantes-presos-em-sao-francisco","tag-trafico-de-drogas-em-montes-claros","tag-trafico-de-drogas-em-pirapora","tag-trafico-de-drogas-em-sao-francisco","tag-trafico-em-montes-claros","tag-trafico-em-pirapora","tag-trafico-em-sao-francisco"],"_links":{"self":[{"href":"https:\/\/aconteceunovale.com.br\/portal\/index.php?rest_route=\/wp\/v2\/posts\/141581","targetHints":{"allow":["GET"]}}],"collection":[{"href":"https:\/\/aconteceunovale.com.br\/portal\/index.php?rest_route=\/wp\/v2\/posts"}],"about":[{"href":"https:\/\/aconteceunovale.com.br\/portal\/index.php?rest_route=\/wp\/v2\/types\/post"}],"author":[{"embeddable":true,"href":"https:\/\/aconteceunovale.com.br\/portal\/index.php?rest_route=\/wp\/v2\/users\/1"}],"replies":[{"embeddable":true,"href":"https:\/\/aconteceunovale.com.br\/portal\/index.php?rest_route=%2Fwp%2Fv2%2Fcomments&post=141581"}],"version-history":[{"count":0,"href":"https:\/\/aconteceunovale.com.br\/portal\/index.php?rest_route=\/wp\/v2\/posts\/141581\/revisions"}],"wp:featuredmedia":[{"embeddable":true,"href":"https:\/\/aconteceunovale.com.br\/portal\/index.php?rest_route=\/wp\/v2\/media\/141582"}],"wp:attachment":[{"href":"https:\/\/aconteceunovale.com.br\/portal\/index.php?rest_route=%2Fwp%2Fv2%2Fmedia&parent=141581"}],"wp:term":[{"taxonomy":"category","embeddable":true,"href":"https:\/\/aconteceunovale.com.br\/portal\/index.php?rest_route=%2Fwp%2Fv2%2Fcategories&post=141581"},{"taxonomy":"post_tag","embeddable":true,"href":"https:\/\/aconteceunovale.com.br\/portal\/index.php?rest_route=%2Fwp%2Fv2%2Ftags&post=141581"}],"curies":[{"name":"wp","href":"https:\/\/api.w.org\/{rel}","templated":true}]}}